{"id":13845,"date":"2023-11-10T21:56:00","date_gmt":"2023-11-11T00:56:00","guid":{"rendered":"https:\/\/aconteceemmacaeeregiao.com.br\/?p=13845"},"modified":"2023-11-10T21:56:01","modified_gmt":"2023-11-11T00:56:01","slug":"programa-de-estagio-da-firjan-esta-com-inscricoes-abertas-para-cursos-tecnicos-e-universitarios","status":"publish","type":"post","link":"https:\/\/aconteceemmacaeeregiao.com.br\/index.php\/2023\/11\/10\/programa-de-estagio-da-firjan-esta-com-inscricoes-abertas-para-cursos-tecnicos-e-universitarios\/","title":{"rendered":"Programa de Est\u00e1gio da Firjan est\u00e1 com inscri\u00e7\u00f5es abertas para cursos t\u00e9cnicos e universit\u00e1rios"},"content":{"rendered":"\n<p><strong><em>Vagas abertas abrangem diversas \u00e1reas e incluem benef\u00edcios como bola-aux\u00edlio, aux\u00edlio alimenta\u00e7\u00e3o, aux\u00edlio-transporte, seguro de vida e recesso remunerado<\/em><\/strong><\/p>\n\n\n\n<p>Vagas para estudantes de diversas \u00e1reas, em uma grande empresa com todas as \u00e1reas eleg\u00edveis, \u00e9 o que oferece o&nbsp;<a href=\"http:\/\/www.firjan.com.br\/programadeestagio\" target=\"_blank\" rel=\"noreferrer noopener\">Programa de Est\u00e1gio da Firjan<\/a>&nbsp;para alunos da \u00e1rea t\u00e9cnica e do ensino universit\u00e1rio. Com inscri\u00e7\u00f5es abertas at\u00e9 03\/12, o est\u00e1gio tem dura\u00e7\u00e3o de seis meses a dois anos e carga hor\u00e1ria de quatro ou seis horas di\u00e1rias, com benef\u00edcios que incluem bolsa-aux\u00edlio, aux\u00edlio alimenta\u00e7\u00e3o, aux\u00edlio-transporte, seguro de vida e recesso remunerado. O processo de sele\u00e7\u00e3o do programa come\u00e7a com a inscri\u00e7\u00e3o on-line no site da Firjan, seguida de entrevistas individuais, resolu\u00e7\u00e3o de cases, conversa de alinhamento e painel final.<\/p>\n\n\n\n<p><a href=\"https:\/\/jobs.i-hunter.com\/firjan\/oportunidade\/65234\" target=\"_blank\" rel=\"noreferrer noopener\">Clique aqui e se inscreva.<\/a><\/p>\n\n\n\n<p>Efetivado em outubro deste ano na Firjan, como assistente de Recursos Humanos, na Ger\u00eancia de Desenvolvimento Humano e Organizacional, Luiz Alexandre Cortat, 27 anos, come\u00e7ou como estagi\u00e1rio na Biblioteca da empresa. \u201cEstagiar na Firjan foi uma experi\u00eancia incr\u00edvel, que se concretizou com a minha efetiva\u00e7\u00e3o. Ainda tive a chance de fazer uma transi\u00e7\u00e3o de carreira. Me desenvolver durante o est\u00e1gio e seguir evoluindo na empresa \u00e9 uma oportunidade \u00fanica. Desejo que todos possam viver essa experi\u00eancia\u201d, destaca Luiz.<\/p>\n\n\n\n<p>Estudantes de cursos t\u00e9cnicos, inclusive dos mais de 20 cursos da Firjan SENAI, e universit\u00e1rios est\u00e3o aptos a entrar no Programa de Est\u00e1gio, que engloba diversas \u00e1reas de atua\u00e7\u00e3o: Competitividade, Comunica\u00e7\u00e3o, Desenvolvimento e Inova\u00e7\u00e3o, Educa\u00e7\u00e3o, Gest\u00e3o de Pessoas, Integridade Corporativa, Jur\u00eddico, Neg\u00f3cios, Petr\u00f3leo, G\u00e1s e Naval, Planejamento e Finan\u00e7as, Planejamento Estrat\u00e9gico, Relacionamento, Rela\u00e7\u00f5es Institucionais, Sa\u00fade e Seguran\u00e7a do Trabalho, Suprimentos e Servi\u00e7os, Tecnologia da Informa\u00e7\u00e3o e Tecnologia e Inova\u00e7\u00e3o.<\/p>\n\n\n\n<p>\u201cO Programa de Est\u00e1gio da Firjan contribui na forma\u00e7\u00e3o de novas gera\u00e7\u00f5es de profissionais e ajuda a criar e manter um ambiente de renova\u00e7\u00e3o, de oxigena\u00e7\u00e3o permanente para a Firjan e para as empresas, que posteriormente aproveitam nossos estagi\u00e1rios\u201d, enfatiza Cintia Miranda, gerente de Sele\u00e7\u00e3o e Administra\u00e7\u00e3o de Pessoal da Firjan.<\/p>\n\n\n\n<p>O objetivo do programa, previsto para come\u00e7ar no m\u00eas de fevereiro, \u00e9 levar aos estudantes a oportunidade de complementar a sua forma\u00e7\u00e3o escolar, por meio de experi\u00eancias profissionais e de a\u00e7\u00f5es de desenvolvimento que promovam o aperfei\u00e7oamento t\u00e9cnico, cultural e de relacionamento humano.<\/p>\n\n\n\n<p><strong>Desenvolvimento<\/strong><\/p>\n\n\n\n<p>Para permitir um acompanhamento mais pr\u00f3ximo do estagi\u00e1rio, o programa prev\u00ea a realiza\u00e7\u00e3o de uma trilha de desenvolvimento, ou seja, momentos de capacita\u00e7\u00e3o sobre as tem\u00e1ticas mais atuais para o profissional. A Firjan ainda proporciona a roteiriza\u00e7\u00e3o de eventos, abordando fatores t\u00e9cnicos da forma\u00e7\u00e3o acad\u00eamica universit\u00e1ria ou da escola t\u00e9cnica, um canal de comunica\u00e7\u00e3o para discuss\u00f5es e sugest\u00f5es e, at\u00e9 mesmo, para rodas de di\u00e1logo com executivos da federa\u00e7\u00e3o.<\/p>\n\n\n\n<p>Cintia Miranda chama a aten\u00e7\u00e3o para o fato de o est\u00e1gio ser totalmente pr\u00e1tico e de o jovem se envolver em todas as tarefas. \u201cOs estagi\u00e1rios t\u00eam a oportunidade de vivenciar o dia a dia da profiss\u00e3o, por meio de experi\u00eancias pr\u00e1ticas, participando ativamente da rotina, dos processos e dos projetos da empresa\u201d, acrescenta.<\/p>\n\n\n\n<p><a href=\"http:\/\/www.firjan.com.br\/programadeestagio\" target=\"_blank\" rel=\"noreferrer noopener\">Clique aqui para mais informa\u00e7\u00f5es e inscri\u00e7\u00f5es no site da Firjan.<\/a><\/p>\n","protected":false},"excerpt":{"rendered":"<p>Vagas abertas abrangem diversas \u00e1reas e incluem benef\u00edcios como bola-aux\u00edlio, aux\u00edlio alimenta\u00e7\u00e3o, aux\u00edlio-transporte, seguro de vida e recesso remunerado Vagas para estudantes de diversas \u00e1reas, em uma grande empresa com todas as \u00e1reas eleg\u00edveis, \u00e9 o que oferece o&nbsp;Programa de Est\u00e1gio da Firjan&nbsp;para alunos da \u00e1rea t\u00e9cnica e do ensino universit\u00e1rio. Com inscri\u00e7\u00f5es abertas at\u00e9 [&hellip;]<\/p>\n","protected":false},"author":2,"featured_media":13847,"comment_status":"closed","ping_status":"closed","sticky":false,"template":"","format":"standard","meta":{"postBodyCss":"","postBodyMargin":[],"postBodyPadding":[],"postBodyBackground":{"backgroundType":"classic","gradient":""},"footnotes":""},"categories":[73,43],"tags":[77,194,75,82,87],"class_list":["post-13845","post","type-post","status-publish","format-standard","has-post-thumbnail","hentry","category-emprego","category-regiao","tag-emprego","tag-estagio","tag-firjan","tag-oportunidade","tag-vagas"],"aioseo_notices":[],"_links":{"self":[{"href":"https:\/\/aconteceemmacaeeregiao.com.br\/index.php\/wp-json\/wp\/v2\/posts\/13845","targetHints":{"allow":["GET"]}}],"collection":[{"href":"https:\/\/aconteceemmacaeeregiao.com.br\/index.php\/wp-json\/wp\/v2\/posts"}],"about":[{"href":"https:\/\/aconteceemmacaeeregiao.com.br\/index.php\/wp-json\/wp\/v2\/types\/post"}],"author":[{"embeddable":true,"href":"https:\/\/aconteceemmacaeeregiao.com.br\/index.php\/wp-json\/wp\/v2\/users\/2"}],"replies":[{"embeddable":true,"href":"https:\/\/aconteceemmacaeeregiao.com.br\/index.php\/wp-json\/wp\/v2\/comments?post=13845"}],"version-history":[{"count":0,"href":"https:\/\/aconteceemmacaeeregiao.com.br\/index.php\/wp-json\/wp\/v2\/posts\/13845\/revisions"}],"wp:featuredmedia":[{"embeddable":true,"href":"https:\/\/aconteceemmacaeeregiao.com.br\/index.php\/wp-json\/wp\/v2\/media\/13847"}],"wp:attachment":[{"href":"https:\/\/aconteceemmacaeeregiao.com.br\/index.php\/wp-json\/wp\/v2\/media?parent=13845"}],"wp:term":[{"taxonomy":"category","embeddable":true,"href":"https:\/\/aconteceemmacaeeregiao.com.br\/index.php\/wp-json\/wp\/v2\/categories?post=13845"},{"taxonomy":"post_tag","embeddable":true,"href":"https:\/\/aconteceemmacaeeregiao.com.br\/index.php\/wp-json\/wp\/v2\/tags?post=13845"}],"curies":[{"name":"wp","href":"https:\/\/api.w.org\/{rel}","templated":true}]}}