{"id":13853,"date":"2023-11-10T22:02:58","date_gmt":"2023-11-11T01:02:58","guid":{"rendered":"https:\/\/aconteceemmacaeeregiao.com.br\/?p=13853"},"modified":"2023-11-10T22:04:42","modified_gmt":"2023-11-11T01:04:42","slug":"flicmac-espaco-geek-e-uma-imersao-na-linguagem-computacional","status":"publish","type":"post","link":"https:\/\/aconteceemmacaeeregiao.com.br\/index.php\/2023\/11\/10\/flicmac-espaco-geek-e-uma-imersao-na-linguagem-computacional\/","title":{"rendered":"Flicmac: Espa\u00e7o Geek \u00e9 uma imers\u00e3o na linguagem computacional"},"content":{"rendered":"\n<p>Dentro de uma cobertura em formato esf\u00e9rico, o espa\u00e7o Geek do Festival de Literatura e Cultura de Maca\u00e9 (Flicmac) est\u00e1 levando crian\u00e7as e jovens para a imers\u00e3o de uma linguagem de programa\u00e7\u00e3o. Com as oficinas de rob\u00f3tica, que acontecem at\u00e9 s\u00e1bado (11), no Parque de Exposi\u00e7\u00f5es Latiff Mussi, os visitantes desenvolvem a \u201ccultura maker\u201d e despertam a criatividade. Quem passa pelo local entra no mundo do Scratch, Micro:bit, EV3, WeDo, Realidade Virtual, al\u00e9m de desafios Prototypus.<\/p>\n\n\n\n<p><\/p>\n\n\n\n<p>E as inven\u00e7\u00f5es n\u00e3o est\u00e3o somente nos \u00f3culos de realidade virtual ou nos algoritmos do computador. A solu\u00e7\u00e3o para um determinado problema pode come\u00e7ar no papel\u00e3o, palito de madeira ou canudo, como revela a estudante de Qu\u00edmica e monitora do espa\u00e7o, Sofia \u00c1vila. \u201cCom os trabalhos manuais tamb\u00e9m conseguimos inserir o contexto de um conte\u00fado escolar como a hist\u00f3ria da arte, por exemplo. A partir da\u00ed programamos uma solu\u00e7\u00e3o\u201d, explicou a estudante.<br><br>Com os \u00f3culos da realidade virtual, o estudante Caynan Fernandes, 12 anos, conta que reconhece o cen\u00e1rio de blocos, cores e personagens. Ele n\u00e3o sabia, mas a defini\u00e7\u00e3o trata-se de um scratch. J\u00e1 as plaquinhas com leds, um micro:bit, que armazena informa\u00e7\u00f5es visuais, acoplando sensores para um conjunto de programa\u00e7\u00f5es. No Ev3 tem kits lego, usados em blocos para competi\u00e7\u00f5es em rob\u00f4.<br><br>Caynan e mais de 40 mil alunos da rede p\u00fablica municipal de ensino ir\u00e3o passar pelo espa\u00e7o durante os cinco dias do festival, que come\u00e7ou na \u00faltima ter\u00e7a-feira (7). \u201cGostei de tudo que vi aqui, principalmente, dos programas que conheci no computador\u201d, frisou o estudante.<br><br>Para a professora de rob\u00f3tica do programa Inovar e Aprender, desenvolvido pela Secretaria Municipal de Educa\u00e7\u00e3o, Gilmara Santos, o objetivo \u00e9 proporcionar oportunidades de acesso ao uso da tecnologia. \u201cAs oficinas possibilitam oportunidades de cria\u00e7\u00e3o e pensamento computacional, a partir da utiliza\u00e7\u00e3o de ferramentas para solu\u00e7\u00f5es que desejamos\u201d, acrescentou.<br><br>O Espa\u00e7o Geek tem parceria com a Secretaria Adjunta de Ensino Superior.<\/p>\n\n\n\n<p><em>Por jornalista <em>Genimarta Oliveira<\/em>\/ Secom Pref. de Maca\u00e9<\/em><\/p>\n","protected":false},"excerpt":{"rendered":"<p>Dentro de uma cobertura em formato esf\u00e9rico, o espa\u00e7o Geek do Festival de Literatura e Cultura de Maca\u00e9 (Flicmac) est\u00e1 levando crian\u00e7as e jovens para a imers\u00e3o de uma linguagem de programa\u00e7\u00e3o. Com as oficinas de rob\u00f3tica, que acontecem at\u00e9 s\u00e1bado (11), no Parque de Exposi\u00e7\u00f5es Latiff Mussi, os visitantes desenvolvem a \u201ccultura maker\u201d e [&hellip;]<\/p>\n","protected":false},"author":2,"featured_media":13855,"comment_status":"closed","ping_status":"closed","sticky":false,"template":"","format":"standard","meta":{"postBodyCss":"","postBodyMargin":[],"postBodyPadding":[],"postBodyBackground":{"backgroundType":"classic","gradient":""},"footnotes":""},"categories":[86,61,200,42],"tags":[68,797,207],"class_list":["post-13853","post","type-post","status-publish","format-standard","has-post-thumbnail","hentry","category-cultura","category-educacao","category-evento","category-macae","tag-escolas-publicas","tag-flimac","tag-livro"],"aioseo_notices":[],"_links":{"self":[{"href":"https:\/\/aconteceemmacaeeregiao.com.br\/index.php\/wp-json\/wp\/v2\/posts\/13853","targetHints":{"allow":["GET"]}}],"collection":[{"href":"https:\/\/aconteceemmacaeeregiao.com.br\/index.php\/wp-json\/wp\/v2\/posts"}],"about":[{"href":"https:\/\/aconteceemmacaeeregiao.com.br\/index.php\/wp-json\/wp\/v2\/types\/post"}],"author":[{"embeddable":true,"href":"https:\/\/aconteceemmacaeeregiao.com.br\/index.php\/wp-json\/wp\/v2\/users\/2"}],"replies":[{"embeddable":true,"href":"https:\/\/aconteceemmacaeeregiao.com.br\/index.php\/wp-json\/wp\/v2\/comments?post=13853"}],"version-history":[{"count":0,"href":"https:\/\/aconteceemmacaeeregiao.com.br\/index.php\/wp-json\/wp\/v2\/posts\/13853\/revisions"}],"wp:featuredmedia":[{"embeddable":true,"href":"https:\/\/aconteceemmacaeeregiao.com.br\/index.php\/wp-json\/wp\/v2\/media\/13855"}],"wp:attachment":[{"href":"https:\/\/aconteceemmacaeeregiao.com.br\/index.php\/wp-json\/wp\/v2\/media?parent=13853"}],"wp:term":[{"taxonomy":"category","embeddable":true,"href":"https:\/\/aconteceemmacaeeregiao.com.br\/index.php\/wp-json\/wp\/v2\/categories?post=13853"},{"taxonomy":"post_tag","embeddable":true,"href":"https:\/\/aconteceemmacaeeregiao.com.br\/index.php\/wp-json\/wp\/v2\/tags?post=13853"}],"curies":[{"name":"wp","href":"https:\/\/api.w.org\/{rel}","templated":true}]}}