{"id":13858,"date":"2023-11-10T22:06:01","date_gmt":"2023-11-11T01:06:01","guid":{"rendered":"https:\/\/aconteceemmacaeeregiao.com.br\/?p=13858"},"modified":"2023-11-10T22:06:02","modified_gmt":"2023-11-11T01:06:02","slug":"esporte-de-macae-em-destaque-mundial","status":"publish","type":"post","link":"https:\/\/aconteceemmacaeeregiao.com.br\/index.php\/2023\/11\/10\/esporte-de-macae-em-destaque-mundial\/","title":{"rendered":"Esporte de Maca\u00e9 em destaque mundial"},"content":{"rendered":"\n<p>A conquista de medalhas e campeonatos dos atletas macaenses, que participaram de competi\u00e7\u00f5es nacionais e internacionais, segue celebrada pelo governo que investe no esporte e prev\u00ea a amplia\u00e7\u00e3o do programa Bolsa Atleta.<\/p>\n\n\n\n<p>Ao receber, nesta sexta-feira (10), atletas medalhistas do Jiu-j\u00edtsu, Taekwondo, Kickboxing, Capoeira, Fisiculturismo e Ciclismo, o prefeito Welberth Rezende afirmou que os resultados conquistados pelos competidores refletem o compromisso do governo em tornar o esporte prioridade.<br><\/p>\n\n\n\n<blockquote class=\"wp-block-quote is-layout-flow wp-block-quote-is-layout-flow\">\n<p>\u201c\u00c9 gratificante conhecer a hist\u00f3ria de cada atleta que se dedica ao esporte como oportunidade de vida. Voc\u00eas s\u00e3o exemplos de que a dedica\u00e7\u00e3o e o esfor\u00e7o garantem a vit\u00f3ria pessoal e, tamb\u00e9m, no p\u00f3dio. Parab\u00e9ns e que mais pessoas da nossa cidade tamb\u00e9m se motivem a participar do nosso programa\u201d, afirmou o prefeito.<\/p>\n<\/blockquote>\n\n\n\n<p>A previs\u00e3o do governo \u00e9 ampliar o n\u00famero de competidores da cidade beneficiados pelo programa Bolsa Atleta.<\/p>\n\n\n\n<blockquote class=\"wp-block-quote is-layout-flow wp-block-quote-is-layout-flow\">\n<p>\u201cDesde a retomada do programa, conseguimos estimular cada vez mais macaenses a voltar a treinar e competir. \u00c9 por isso que estamos nos preparando para ampliar o n\u00famero de inscritos no programa\u201d, destacou o Secret\u00e1rio de Esportes, Marvel Maillet.<\/p>\n<\/blockquote>\n\n\n\n<p>O encontro com os atletas medalhistas tamb\u00e9m contou com a participa\u00e7\u00e3o do vice-prefeito, C\u00e9lio Chapeta.<\/p>\n\n\n\n<p><strong>Atletas que garantiram medalhas:<br><\/strong>&#8211; Taekwondo:<\/p>\n\n\n\n<p>Maria Eduarda Vieira Pires, 13 anos<\/p>\n\n\n\n<p>Octacilio Luiz Trindade Neto, 14 anos<\/p>\n\n\n\n<p>&#8211; Jiu-j\u00edtsu:<\/p>\n\n\n\n<p>Valentina Borsato, 13 anos<\/p>\n\n\n\n<p>Luigi Borsato, 9 anos<\/p>\n\n\n\n<p>Nat\u00e1lia Chaves, 15 anos<\/p>\n\n\n\n<p>Arthur Farolfi, 15 anos<\/p>\n\n\n\n<p>Matheus Klem, 13 anos<\/p>\n\n\n\n<p>Yasmim Cruz, 12 anos<\/p>\n\n\n\n<p>Maria Eduarda Carvalho, 11 anos<\/p>\n\n\n\n<p>Felipe Gabriel Carvalho, 14 anos<\/p>\n\n\n\n<p>&#8211; Kickboxing:<\/p>\n\n\n\n<p>kau\u00e3 Marques Rosa, 13 anos<\/p>\n\n\n\n<p>Lorrayne dos Santos, 15 anos<\/p>\n\n\n\n<p>Kemilly Martins, 12 anos<\/p>\n\n\n\n<p>&#8211; Fisiculturista:<\/p>\n\n\n\n<p>Victor Yuri Barreto de Azevedo Guimar\u00e3es<\/p>\n\n\n\n<p>&#8211; Ciclismo:<\/p>\n\n\n\n<p>Adriano da Silva<\/p>\n\n\n\n<p><em>Por jornalista <em>Genimarta Oliveira<\/em>\/ Secom Pref. de Maca\u00e9<\/em><\/p>\n","protected":false},"excerpt":{"rendered":"<p>A conquista de medalhas e campeonatos dos atletas macaenses, que participaram de competi\u00e7\u00f5es nacionais e internacionais, segue celebrada pelo governo que investe no esporte e prev\u00ea a amplia\u00e7\u00e3o do programa Bolsa Atleta. Ao receber, nesta sexta-feira (10), atletas medalhistas do Jiu-j\u00edtsu, Taekwondo, Kickboxing, Capoeira, Fisiculturismo e Ciclismo, o prefeito Welberth Rezende afirmou que os resultados [&hellip;]<\/p>\n","protected":false},"author":2,"featured_media":13860,"comment_status":"closed","ping_status":"closed","sticky":false,"template":"","format":"standard","meta":{"postBodyCss":"","postBodyMargin":[],"postBodyPadding":[],"postBodyBackground":{"backgroundType":"classic","gradient":""},"footnotes":""},"categories":[6,42],"tags":[134,380,709,89],"class_list":["post-13858","post","type-post","status-publish","format-standard","has-post-thumbnail","hentry","category-esporte","category-macae","tag-atleta","tag-bolsa-atleta","tag-campeao","tag-prefeitura"],"aioseo_notices":[],"_links":{"self":[{"href":"https:\/\/aconteceemmacaeeregiao.com.br\/index.php\/wp-json\/wp\/v2\/posts\/13858","targetHints":{"allow":["GET"]}}],"collection":[{"href":"https:\/\/aconteceemmacaeeregiao.com.br\/index.php\/wp-json\/wp\/v2\/posts"}],"about":[{"href":"https:\/\/aconteceemmacaeeregiao.com.br\/index.php\/wp-json\/wp\/v2\/types\/post"}],"author":[{"embeddable":true,"href":"https:\/\/aconteceemmacaeeregiao.com.br\/index.php\/wp-json\/wp\/v2\/users\/2"}],"replies":[{"embeddable":true,"href":"https:\/\/aconteceemmacaeeregiao.com.br\/index.php\/wp-json\/wp\/v2\/comments?post=13858"}],"version-history":[{"count":0,"href":"https:\/\/aconteceemmacaeeregiao.com.br\/index.php\/wp-json\/wp\/v2\/posts\/13858\/revisions"}],"wp:featuredmedia":[{"embeddable":true,"href":"https:\/\/aconteceemmacaeeregiao.com.br\/index.php\/wp-json\/wp\/v2\/media\/13860"}],"wp:attachment":[{"href":"https:\/\/aconteceemmacaeeregiao.com.br\/index.php\/wp-json\/wp\/v2\/media?parent=13858"}],"wp:term":[{"taxonomy":"category","embeddable":true,"href":"https:\/\/aconteceemmacaeeregiao.com.br\/index.php\/wp-json\/wp\/v2\/categories?post=13858"},{"taxonomy":"post_tag","embeddable":true,"href":"https:\/\/aconteceemmacaeeregiao.com.br\/index.php\/wp-json\/wp\/v2\/tags?post=13858"}],"curies":[{"name":"wp","href":"https:\/\/api.w.org\/{rel}","templated":true}]}}