{"id":13904,"date":"2023-11-15T20:09:54","date_gmt":"2023-11-15T23:09:54","guid":{"rendered":"https:\/\/aconteceemmacaeeregiao.com.br\/?p=13904"},"modified":"2023-11-15T20:09:55","modified_gmt":"2023-11-15T23:09:55","slug":"macae-na-rota-do-esporte-de-aventura-e-turismo-na-natureza","status":"publish","type":"post","link":"https:\/\/aconteceemmacaeeregiao.com.br\/index.php\/2023\/11\/15\/macae-na-rota-do-esporte-de-aventura-e-turismo-na-natureza\/","title":{"rendered":"Maca\u00e9 na rota do esporte de aventura e turismo na natureza"},"content":{"rendered":"\n<p>O potencial da Serra Macaense ganha destaque internacional de sexta-feira (17) a domingo (19) com a final do campeonato brasileiro de corrida de aventura, a Expedi\u00e7\u00e3o Terra de Gigantes 250 km Maca\u00e9, que ser\u00e1 promovida a partir do Arraial do Sana (RJ). A Prefeitura de Maca\u00e9 apoia o evento, com \u00eanfase para as secretarias de Esportes e Turismo. As modalidades ser\u00e3o canoagem, mountain bike, trekking e escalada.<\/p>\n\n\n\n<blockquote class=\"wp-block-quote is-layout-flow wp-block-quote-is-layout-flow\">\n<p>&#8211; A secretaria de Esportes est\u00e1 dando todo apoio \u00e0 competi\u00e7\u00e3o, eventos como esse aquecem a economia local e incentivam nossos moradores a iniciar a pr\u00e1tica esportiva, assim, vamos tornando nossa cidade ainda mais saud\u00e1vel \u2013 salientou o secret\u00e1rio de Esportes, Marvel Maillet, acrescentando que Maca\u00e9 tem o melhor cen\u00e1rio para eventos de aventura. \u201cEsse ser\u00e1 o primeiro de muitos que acontecer\u00e3o no munic\u00edpio\u201d, acrescentou.<\/p>\n<\/blockquote>\n\n\n\n<p>O secret\u00e1rio de Turismo, L\u00e9o Anderson, pontuou que o potencial de natureza da Serra Macaense, unindo ambientes como montanhas, rios e mata atl\u00e2ntica oportuniza que o praticante tenha contato direto com as belezas naturais da cidade, mais um atrativo tur\u00edstico de Maca\u00e9.<\/p>\n\n\n\n<blockquote class=\"wp-block-quote is-layout-flow wp-block-quote-is-layout-flow\">\n<p>\u201cO munic\u00edpio possui o cen\u00e1rio perfeito para essa pr\u00e1tica esportiva, que fomenta o turismo esportivo, atraindo os praticantes ligados \u00e0 natureza\u201d, frisou.<\/p>\n<\/blockquote>\n\n\n\n<p><strong>Organiza\u00e7\u00e3o do evento assinala potencial de Maca\u00e9<br><\/strong>A organiza\u00e7\u00e3o do evento avaliou que o Sana \u00e9 o &#8220;para\u00edso das \u00e1guas&#8221;.<\/p>\n\n\n\n<blockquote class=\"wp-block-quote is-layout-flow wp-block-quote-is-layout-flow\">\n<p>&#8220;A grande atra\u00e7\u00e3o tur\u00edstica \u00e9 o riqu\u00edssimo complexo ecol\u00f3gico do Sana, por onde corre o Rio Sana, que se inicia na regi\u00e3o serrana&#8221;, informou a organiza\u00e7\u00e3o para os praticantes.<\/p>\n<\/blockquote>\n\n\n\n<p>A organiza\u00e7\u00e3o tamb\u00e9m enalteceu que &#8220;a voca\u00e7\u00e3o para o turismo ecol\u00f3gico est\u00e1 preservada. Al\u00e9m de abrigar uma faixa do Parque Nacional da Restinga de Jurubatiba, det\u00e9m um precioso conjunto de atra\u00e7\u00f5es naturais representado por praias, matas, ilhas, rios, cachoeiras e lagoas&#8221;.<\/p>\n\n\n\n<p>O presidente da Confedera\u00e7\u00e3o Brasileira de Esporte de Aventura, Arnaldo Maciel, considera o Terra de Gigantes atualmente a competi\u00e7\u00e3o mais importante da modalidade, j\u00e1 que re\u00fane os principais atletas do pa\u00eds.<\/p>\n\n\n\n<p>As categorias s\u00e3o: quartetos mistos, duplas masculinas, duplas mistas e duplas femininas (250km); quartetos mistos, duplas masculinas, duplas mistas e duplas femininas (100km). Participam atletas da Argentina, S\u00e3o Paulo, Pernambuco, Bahia, Distrito Federal, Santa Catarina, Paran\u00e1, Rio de Janeiro e Minas Gerais.<\/p>\n\n\n\n<p>A organiza\u00e7\u00e3o orienta que o colete de prova fornecido pela organiza\u00e7\u00e3o deve estar vestido acima de todas as vestimentas, inclusive sob o colete salva-vidas durante toda a prova, sob risco de penaliza\u00e7\u00e3o da equipe.<\/p>\n\n\n\n<p><strong>Largada ocorre \u00e0s 22 horas de sexta-feira<\/strong><\/p>\n\n\n\n<p>Na sexta-feira (17), o check in das equipes de 250 quil\u00f4metros e cem quil\u00f4metros ocorre \u00e0s 17 horas com entrega de kits e mapas imperme\u00e1veis na quadra da Escola Municipal do Sana.<\/p>\n\n\n\n<p>\u00c0s 19 horas acontece a entrega e pesagem dos sacos de abastecimento e em seguida, a cerim\u00f4nia de abertura e briefing t\u00e9cnico. \u00c0s 22 horas \u00e9 a largada de 250 quil\u00f4metros no campo de futebol do Arraial do Sana.<\/p>\n\n\n\n<p>No s\u00e1bado (18), a largada de cem quil\u00f4metros ser\u00e1 \u00e0s 8 horas no campo de futebol do Arraial do Sana, com chegada dos atletas durante todo o dia. No domingo (19) tamb\u00e9m no campo de futebol do Arraial do Sana, ocorre a chegada dos atletas durante todo o dia e a premia\u00e7\u00e3o Terra de Gigantes e Campeonato Brasileiro ser\u00e1 \u00e0s 14 horas.<\/p>\n\n\n\n<p><em>Por jornalista <em>Genimarta Oliveira<\/em>\/ Secom Pref. de Maca\u00e9<\/em><\/p>\n","protected":false},"excerpt":{"rendered":"<p>O potencial da Serra Macaense ganha destaque internacional de sexta-feira (17) a domingo (19) com a final do campeonato brasileiro de corrida de aventura, a Expedi\u00e7\u00e3o Terra de Gigantes 250 km Maca\u00e9, que ser\u00e1 promovida a partir do Arraial do Sana (RJ). A Prefeitura de Maca\u00e9 apoia o evento, com \u00eanfase para as secretarias de [&hellip;]<\/p>\n","protected":false},"author":2,"featured_media":13907,"comment_status":"closed","ping_status":"closed","sticky":false,"template":"","format":"standard","meta":{"postBodyCss":"","postBodyMargin":[],"postBodyPadding":[],"postBodyBackground":{"backgroundType":"classic","gradient":""},"footnotes":""},"categories":[6],"tags":[801,225],"class_list":["post-13904","post","type-post","status-publish","format-standard","has-post-thumbnail","hentry","category-esporte","tag-aventura","tag-turismo"],"aioseo_notices":[],"_links":{"self":[{"href":"https:\/\/aconteceemmacaeeregiao.com.br\/index.php\/wp-json\/wp\/v2\/posts\/13904","targetHints":{"allow":["GET"]}}],"collection":[{"href":"https:\/\/aconteceemmacaeeregiao.com.br\/index.php\/wp-json\/wp\/v2\/posts"}],"about":[{"href":"https:\/\/aconteceemmacaeeregiao.com.br\/index.php\/wp-json\/wp\/v2\/types\/post"}],"author":[{"embeddable":true,"href":"https:\/\/aconteceemmacaeeregiao.com.br\/index.php\/wp-json\/wp\/v2\/users\/2"}],"replies":[{"embeddable":true,"href":"https:\/\/aconteceemmacaeeregiao.com.br\/index.php\/wp-json\/wp\/v2\/comments?post=13904"}],"version-history":[{"count":0,"href":"https:\/\/aconteceemmacaeeregiao.com.br\/index.php\/wp-json\/wp\/v2\/posts\/13904\/revisions"}],"wp:featuredmedia":[{"embeddable":true,"href":"https:\/\/aconteceemmacaeeregiao.com.br\/index.php\/wp-json\/wp\/v2\/media\/13907"}],"wp:attachment":[{"href":"https:\/\/aconteceemmacaeeregiao.com.br\/index.php\/wp-json\/wp\/v2\/media?parent=13904"}],"wp:term":[{"taxonomy":"category","embeddable":true,"href":"https:\/\/aconteceemmacaeeregiao.com.br\/index.php\/wp-json\/wp\/v2\/categories?post=13904"},{"taxonomy":"post_tag","embeddable":true,"href":"https:\/\/aconteceemmacaeeregiao.com.br\/index.php\/wp-json\/wp\/v2\/tags?post=13904"}],"curies":[{"name":"wp","href":"https:\/\/api.w.org\/{rel}","templated":true}]}}