{"id":13909,"date":"2023-11-15T20:14:53","date_gmt":"2023-11-15T23:14:53","guid":{"rendered":"https:\/\/aconteceemmacaeeregiao.com.br\/?p=13909"},"modified":"2023-11-15T20:22:45","modified_gmt":"2023-11-15T23:22:45","slug":"teatro-firjan-sesi-de-campos-macae-e-itaperuna-recebem-festival-de-rap","status":"publish","type":"post","link":"https:\/\/aconteceemmacaeeregiao.com.br\/index.php\/2023\/11\/15\/teatro-firjan-sesi-de-campos-macae-e-itaperuna-recebem-festival-de-rap\/","title":{"rendered":"Teatro Firjan SESI de Campos, Maca\u00e9 e Itaperuna recebem festival de rap"},"content":{"rendered":"\n<p><strong>Abertura desta edi\u00e7\u00e3o \u00e9 celebrada em data a qual marca os 50 anos da cultura Hip-Hop<\/strong><\/p>\n\n\n\n<p>As unidades do Teatro Firjan SESI de Campos, Maca\u00e9 e Itaperuna recebem nesta semana a 10\u00aa edi\u00e7\u00e3o do Terra do Rap, que celebra 50 anos da Cultura Hip-Hop \u2013 sendo o primeiro festival de fomento a novos artistas urbanos no Brasil, em interc\u00e2mbio com periferias dos pa\u00edses e territ\u00f3rios de l\u00edngua portuguesa. A programa\u00e7\u00e3o desta semana ter\u00e1 ainda show de Jorge Vercillo \u2013 cujos ingressos esgotaram em poucos dias \u2013 e a pe\u00e7a Caim,&nbsp;baseado no \u00faltimo romance do escritor Jos\u00e9 Saramago, no qual apresenta o personagem b\u00edblico em duelo constante com Deus a partir de relatos narrados no Antigo Testamento.&nbsp;<a href=\"https:\/\/www.firjan.com.br\/sesi\/qualidade-de-vida\/guia-sesi-cultural\/guia-cultural\/\" target=\"_blank\" rel=\"noreferrer noopener\">Os ingressos ainda dispon\u00edveis, todos a pre\u00e7os populares, podem ser adquiridos neste link<\/a>.<\/p>\n\n\n\n<p><strong>Terra do Rap<\/strong><\/p>\n\n\n<div class=\"wp-block-image\">\n<figure class=\"aligncenter size-large\"><img fetchpriority=\"high\" decoding=\"async\" width=\"1024\" height=\"768\" src=\"https:\/\/aconteceemmacaeeregiao.com.br\/wp-content\/uploads\/2023\/11\/Terra-do-Rap-1024x768.jpg\" alt=\"\" class=\"wp-image-13913\" srcset=\"https:\/\/aconteceemmacaeeregiao.com.br\/wp-content\/uploads\/2023\/11\/Terra-do-Rap-1024x768.jpg 1024w, https:\/\/aconteceemmacaeeregiao.com.br\/wp-content\/uploads\/2023\/11\/Terra-do-Rap-300x225.jpg 300w, https:\/\/aconteceemmacaeeregiao.com.br\/wp-content\/uploads\/2023\/11\/Terra-do-Rap-768x576.jpg 768w, https:\/\/aconteceemmacaeeregiao.com.br\/wp-content\/uploads\/2023\/11\/Terra-do-Rap.jpg 1280w\" sizes=\"(max-width: 1024px) 100vw, 1024px\" \/><\/figure>\n<\/div>\n\n\n<p>Com proposta itinerante, o festival \u2013 uma iniciativa do rapper Vin\u00edcius Terra \u2013 come\u00e7ou no \u00faltimo fim de semana na Pavuna e vai at\u00e9 o dia 20 de novembro em outros cinco teatros da Firjan SEIS. Mediante a uma imers\u00e3o educativa, o festival re\u00fane apresenta\u00e7\u00f5es art\u00edsticas que visam descolonizar a l\u00edngua e valorizar as produ\u00e7\u00f5es feitas por artistas perif\u00e9ricos pautados na cultura hip-hop no estado do Rio de Janeiro. O evento j\u00e1 revelou artistas como Bk, A Bronca, Don-L, Ka\u00ea Guajajara, Luccas Carlos, entre outros.<\/p>\n\n\n\n<p>A programa\u00e7\u00e3o em destaque ainda inclui o interc\u00e2mbio de artistas consolidados, como o rapper portugu\u00eas Maze, presente em edi\u00e7\u00f5es no Rio (2016) e Lisboa (2018), a \u201cMadrinha\u201d do Hip-Hop Juju Rude, o produtor musical Suntizil e a angolana Cold Jas. Cria da Pavuna e local onde vive at\u00e9 hoje, Vinicius Terra conta que \u201crealizar o festival \u00e9 devolver um pouco daquilo que j\u00e1 fizemos ao longo desta \u00faltima d\u00e9cada em circuitos centrais em cidades como Lisboa, S\u00e3o Paulo ou mesmo no Rio. \u00c9 entender que a periferia \u00e9 o centro! \u00c9 onde surgem as tend\u00eancias que nutrem a cultura e o mercado da arte constantemente.\u201d<\/p>\n\n\n\n<p><strong>Pe\u00e7a \u201cCaim\u201d<\/strong><strong><\/strong><\/p>\n\n\n<div class=\"wp-block-image\">\n<figure class=\"alignleft size-large is-resized\"><img decoding=\"async\" data-src=\"https:\/\/aconteceemmacaeeregiao.com.br\/wp-content\/uploads\/2023\/11\/Caim-1024x682.jpg\" alt=\"\" class=\"wp-image-13911 lazyload\" width=\"396\" height=\"264\" data-srcset=\"https:\/\/aconteceemmacaeeregiao.com.br\/wp-content\/uploads\/2023\/11\/Caim-1024x682.jpg 1024w, https:\/\/aconteceemmacaeeregiao.com.br\/wp-content\/uploads\/2023\/11\/Caim-300x200.jpg 300w, https:\/\/aconteceemmacaeeregiao.com.br\/wp-content\/uploads\/2023\/11\/Caim-768x512.jpg 768w, https:\/\/aconteceemmacaeeregiao.com.br\/wp-content\/uploads\/2023\/11\/Caim-1200x800.jpg 1200w, https:\/\/aconteceemmacaeeregiao.com.br\/wp-content\/uploads\/2023\/11\/Caim.jpg 1280w\" data-sizes=\"(max-width: 396px) 100vw, 396px\" src=\"data:image\/svg+xml;base64,PHN2ZyB3aWR0aD0iMSIgaGVpZ2h0PSIxIiB4bWxucz0iaHR0cDovL3d3dy53My5vcmcvMjAwMC9zdmciPjwvc3ZnPg==\" style=\"--smush-placeholder-width: 396px; --smush-placeholder-aspect-ratio: 396\/264;\" \/><\/figure>\n<\/div>\n\n\n<p>O premiado espet\u00e1culo \u00e9 um mon\u00f3logo interpretado pelo ator Henri Pagnoncelli, em comemora\u00e7\u00e3o aos seus 50 anos de carreira. A hist\u00f3ria \u00e9 contada na primeira pessoa e todas as personagens s\u00e3o interpretadas pelo ator-narrador.<\/p>\n\n\n\n<p>Com seu estilo \u00fanico, olhar curioso, cr\u00edtico e ir\u00f4nico, Saramago parte da err\u00e2ncia vivida por seu protagonista para discutir problemas atuais, como o uso pol\u00edtico da religi\u00e3o, os preconceitos, os desmandos do poder, as injusti\u00e7as, a inutilidade e horrores das guerras. Saramago analisa o G\u00eanesis de um ponto de vista mais social e pol\u00edtico do que espiritual.<\/p>\n\n\n\n<p><strong>Jorge Vercillo<\/strong><\/p>\n\n\n\n<p>Com mais de 30 anos de carreira, Jorge Vercillo coleciona m\u00fasicas pr\u00f3prias em trilhas sonoras de novelas e miniss\u00e9ries na TV Globo, somando 23 can\u00e7\u00f5es desde 1999. Recentemente, lan\u00e7ou seu 17\u00ba \u00e1lbum de est\u00fadio, &#8220;Ra\u00e7a Menina&#8221;, um disco com influ\u00eancias pop que se unem ao conhecido MPB, R&amp;B, trap e afrobeat.<\/p>\n\n\n<div class=\"wp-block-image\">\n<figure class=\"alignright size-large is-resized\"><img decoding=\"async\" data-src=\"https:\/\/aconteceemmacaeeregiao.com.br\/wp-content\/uploads\/2023\/11\/Jorge-Vercilo-682x1024.jpg\" alt=\"\" class=\"wp-image-13912 lazyload\" width=\"380\" height=\"571\" data-srcset=\"https:\/\/aconteceemmacaeeregiao.com.br\/wp-content\/uploads\/2023\/11\/Jorge-Vercilo-682x1024.jpg 682w, https:\/\/aconteceemmacaeeregiao.com.br\/wp-content\/uploads\/2023\/11\/Jorge-Vercilo-200x300.jpg 200w, https:\/\/aconteceemmacaeeregiao.com.br\/wp-content\/uploads\/2023\/11\/Jorge-Vercilo-768x1152.jpg 768w, https:\/\/aconteceemmacaeeregiao.com.br\/wp-content\/uploads\/2023\/11\/Jorge-Vercilo-600x900.jpg 600w, https:\/\/aconteceemmacaeeregiao.com.br\/wp-content\/uploads\/2023\/11\/Jorge-Vercilo.jpg 853w\" data-sizes=\"(max-width: 380px) 100vw, 380px\" src=\"data:image\/svg+xml;base64,PHN2ZyB3aWR0aD0iMSIgaGVpZ2h0PSIxIiB4bWxucz0iaHR0cDovL3d3dy53My5vcmcvMjAwMC9zdmciPjwvc3ZnPg==\" style=\"--smush-placeholder-width: 380px; --smush-placeholder-aspect-ratio: 380\/571;\" \/><\/figure>\n<\/div>\n\n\n<p>A turn\u00ea de divulga\u00e7\u00e3o do \u00e1lbum come\u00e7ou em 2021 e j\u00e1 passou por diversos estados do Brasil, esgotando casas de show com uma apresenta\u00e7\u00e3o recheada de sucessos do novo disco, como &#8220;Endere\u00e7o&#8221;, &#8220;Tempestade&#8221; e &#8220;Marjaravon&#8221;, al\u00e9m de hits queridos pelo p\u00fabico como \u201cEla une todas as coisas\u201d, \u201cFinal feliz\u201d, \u201cMonalisa\u201d e \u201cHomem-aranha\u201d, \u201cSens\u00edvel Demais\u201d, \u201cTalism\u00e3 Sem Par.<\/p>\n\n\n\n<p><strong>Servi\u00e7o<\/strong><\/p>\n\n\n\n<p><strong>Teatro Firjan SESI Maca\u00e9<\/strong><\/p>\n\n\n\n<p>&#8211; Quinta (16), \u00e0s 20h: Show \u201cJorge Vercillo\u201d<\/p>\n\n\n\n<p>&#8211; Sexta (17), \u00e0s 20h: Show \u201cTerra do Rap\u201d<\/p>\n\n\n\n<p>&#8211; S\u00e1bado (18), \u00e0s 20h: Teatro \u201cCaim\u201d<\/p>\n\n\n\n<p><a href=\"https:\/\/www.firjan.com.br\/sesi\/qualidade-de-vida\/guia-sesi-cultural\/guia-cultural\/\" target=\"_blank\" rel=\"noreferrer noopener\">Ingressos na bilheteria ou neste link.<\/a><\/p>\n\n\n\n<p><strong>Teatro Firjan SESI Campos<\/strong><\/p>\n\n\n\n<p>&#8211; Quinta (16), \u00e0s 20h: Teatro \u201cCaim\u201d<\/p>\n\n\n\n<p>&#8211; Sexta (17), \u00e0s 20h: Show \u201cJorge Vercillo\u201d<\/p>\n\n\n\n<p>&#8211; S\u00e1bado (18), \u00e0s 20h: Show \u201cTerra do Rap\u201d<\/p>\n\n\n\n<p><a href=\"https:\/\/www.firjan.com.br\/sesi\/qualidade-de-vida\/guia-sesi-cultural\/guia-cultural\/\" target=\"_blank\" rel=\"noreferrer noopener\">Ingressos na bilheteria ou neste link.<\/a><\/p>\n\n\n\n<p><strong>Teatro Firjan SESI Itaperuna<\/strong><\/p>\n\n\n\n<p>&#8211; Sexta (17), \u00e0s 19h: Teatro \u201cCaim\u201d<\/p>\n\n\n\n<p>&#8211; S\u00e1bado (18), \u00e0s 19h: Show \u201cJorge Vercillo\u201d<\/p>\n\n\n\n<p>&#8211; Domingo (19), \u00e0s 18h: Show \u201cTerra do Rap\u201d<\/p>\n\n\n\n<p><a href=\"https:\/\/www.firjan.com.br\/sesi\/qualidade-de-vida\/guia-sesi-cultural\/guia-cultural\/\" target=\"_blank\" rel=\"noreferrer noopener\">Ingressos na bilheteria ou neste link.<\/a><\/p>\n","protected":false},"excerpt":{"rendered":"<p>Abertura desta edi\u00e7\u00e3o \u00e9 celebrada em data a qual marca os 50 anos da cultura Hip-Hop As unidades do Teatro Firjan SESI de Campos, Maca\u00e9 e Itaperuna recebem nesta semana a 10\u00aa edi\u00e7\u00e3o do Terra do Rap, que celebra 50 anos da Cultura Hip-Hop \u2013 sendo o primeiro festival de fomento a novos artistas urbanos [&hellip;]<\/p>\n","protected":false},"author":2,"featured_media":13915,"comment_status":"closed","ping_status":"closed","sticky":false,"template":"","format":"standard","meta":{"postBodyCss":"","postBodyMargin":[],"postBodyPadding":[],"postBodyBackground":{"backgroundType":"classic","gradient":""},"footnotes":""},"categories":[86,46,43],"tags":[75,84,90,83],"class_list":["post-13909","post","type-post","status-publish","format-standard","has-post-thumbnail","hentry","category-cultura","category-diversao","category-regiao","tag-firjan","tag-sesi","tag-shows","tag-teatro"],"aioseo_notices":[],"_links":{"self":[{"href":"https:\/\/aconteceemmacaeeregiao.com.br\/index.php\/wp-json\/wp\/v2\/posts\/13909","targetHints":{"allow":["GET"]}}],"collection":[{"href":"https:\/\/aconteceemmacaeeregiao.com.br\/index.php\/wp-json\/wp\/v2\/posts"}],"about":[{"href":"https:\/\/aconteceemmacaeeregiao.com.br\/index.php\/wp-json\/wp\/v2\/types\/post"}],"author":[{"embeddable":true,"href":"https:\/\/aconteceemmacaeeregiao.com.br\/index.php\/wp-json\/wp\/v2\/users\/2"}],"replies":[{"embeddable":true,"href":"https:\/\/aconteceemmacaeeregiao.com.br\/index.php\/wp-json\/wp\/v2\/comments?post=13909"}],"version-history":[{"count":0,"href":"https:\/\/aconteceemmacaeeregiao.com.br\/index.php\/wp-json\/wp\/v2\/posts\/13909\/revisions"}],"wp:featuredmedia":[{"embeddable":true,"href":"https:\/\/aconteceemmacaeeregiao.com.br\/index.php\/wp-json\/wp\/v2\/media\/13915"}],"wp:attachment":[{"href":"https:\/\/aconteceemmacaeeregiao.com.br\/index.php\/wp-json\/wp\/v2\/media?parent=13909"}],"wp:term":[{"taxonomy":"category","embeddable":true,"href":"https:\/\/aconteceemmacaeeregiao.com.br\/index.php\/wp-json\/wp\/v2\/categories?post=13909"},{"taxonomy":"post_tag","embeddable":true,"href":"https:\/\/aconteceemmacaeeregiao.com.br\/index.php\/wp-json\/wp\/v2\/tags?post=13909"}],"curies":[{"name":"wp","href":"https:\/\/api.w.org\/{rel}","templated":true}]}}