{"id":13918,"date":"2023-11-15T20:47:11","date_gmt":"2023-11-15T23:47:11","guid":{"rendered":"https:\/\/aconteceemmacaeeregiao.com.br\/?p=13918"},"modified":"2023-11-15T20:47:12","modified_gmt":"2023-11-15T23:47:12","slug":"investigado-por-matar-mulheres-em-minas-gerais-e-na-bahia-e-preso-em-cabo-frio","status":"publish","type":"post","link":"https:\/\/aconteceemmacaeeregiao.com.br\/index.php\/2023\/11\/15\/investigado-por-matar-mulheres-em-minas-gerais-e-na-bahia-e-preso-em-cabo-frio\/","title":{"rendered":"Investigado por matar mulheres em Minas Gerais e na Bahia \u00e9 preso em Cabo Frio"},"content":{"rendered":"\n<p>Policiais civis da 126\u00aa DP (Cabo Frio) prenderam, nesta quarta-feira (15\/11), um homem investigado por uma s\u00e9rie de assassinatos de mulheres, ocorridos nos estados de Minas Gerais e na Bahia. A pris\u00e3o ocorreu ap\u00f3s um trabalho de intelig\u00eancia e cruzamento de informa\u00e7\u00f5es, em Cabo Frio, Regi\u00e3o dos Lagos do Rio de Janeiro.<\/p>\n\n\n\n<p>De acordo com os agentes, o homem estava preso em Minas Gerais e obteve a progress\u00e3o para o regime semiaberto. Em seguida, fugiu para o Rio de Janeiro. Segundo as investiga\u00e7\u00f5es, ele j\u00e1 havia sido condenado pela Justi\u00e7a a mais de 60 anos de pris\u00e3o, acusado de matar ao menos sete mulheres.<\/p>\n\n\n\n<p><em>Por Secom PCERJ<\/em><\/p>\n","protected":false},"excerpt":{"rendered":"<p>Policiais civis da 126\u00aa DP (Cabo Frio) prenderam, nesta quarta-feira (15\/11), um homem investigado por uma s\u00e9rie de assassinatos de mulheres, ocorridos nos estados de Minas Gerais e na Bahia. A pris\u00e3o ocorreu ap\u00f3s um trabalho de intelig\u00eancia e cruzamento de informa\u00e7\u00f5es, em Cabo Frio, Regi\u00e3o dos Lagos do Rio de Janeiro. De acordo com [&hellip;]<\/p>\n","protected":false},"author":2,"featured_media":6791,"comment_status":"closed","ping_status":"closed","sticky":false,"template":"","format":"standard","meta":{"postBodyCss":"","postBodyMargin":[],"postBodyPadding":[],"postBodyBackground":{"backgroundType":"classic","gradient":""},"footnotes":""},"categories":[155,47,43],"tags":[612,120,575],"class_list":["post-13918","post","type-post","status-publish","format-standard","has-post-thumbnail","hentry","category-cabo-frio","category-ocorrencias","category-regiao","tag-assassinato","tag-mulher","tag-preso"],"aioseo_notices":[],"_links":{"self":[{"href":"https:\/\/aconteceemmacaeeregiao.com.br\/index.php\/wp-json\/wp\/v2\/posts\/13918","targetHints":{"allow":["GET"]}}],"collection":[{"href":"https:\/\/aconteceemmacaeeregiao.com.br\/index.php\/wp-json\/wp\/v2\/posts"}],"about":[{"href":"https:\/\/aconteceemmacaeeregiao.com.br\/index.php\/wp-json\/wp\/v2\/types\/post"}],"author":[{"embeddable":true,"href":"https:\/\/aconteceemmacaeeregiao.com.br\/index.php\/wp-json\/wp\/v2\/users\/2"}],"replies":[{"embeddable":true,"href":"https:\/\/aconteceemmacaeeregiao.com.br\/index.php\/wp-json\/wp\/v2\/comments?post=13918"}],"version-history":[{"count":0,"href":"https:\/\/aconteceemmacaeeregiao.com.br\/index.php\/wp-json\/wp\/v2\/posts\/13918\/revisions"}],"wp:featuredmedia":[{"embeddable":true,"href":"https:\/\/aconteceemmacaeeregiao.com.br\/index.php\/wp-json\/wp\/v2\/media\/6791"}],"wp:attachment":[{"href":"https:\/\/aconteceemmacaeeregiao.com.br\/index.php\/wp-json\/wp\/v2\/media?parent=13918"}],"wp:term":[{"taxonomy":"category","embeddable":true,"href":"https:\/\/aconteceemmacaeeregiao.com.br\/index.php\/wp-json\/wp\/v2\/categories?post=13918"},{"taxonomy":"post_tag","embeddable":true,"href":"https:\/\/aconteceemmacaeeregiao.com.br\/index.php\/wp-json\/wp\/v2\/tags?post=13918"}],"curies":[{"name":"wp","href":"https:\/\/api.w.org\/{rel}","templated":true}]}}