{"id":13965,"date":"2023-11-20T20:54:09","date_gmt":"2023-11-20T23:54:09","guid":{"rendered":"https:\/\/aconteceemmacaeeregiao.com.br\/?p=13965"},"modified":"2023-11-20T20:54:10","modified_gmt":"2023-11-20T23:54:10","slug":"procon-macae-notifica-enel-e-cedae","status":"publish","type":"post","link":"https:\/\/aconteceemmacaeeregiao.com.br\/index.php\/2023\/11\/20\/procon-macae-notifica-enel-e-cedae\/","title":{"rendered":"Procon Maca\u00e9 notifica Enel e Cedae"},"content":{"rendered":"\n<p>O Procon Maca\u00e9 notificou as empresas Enel e Cedae em raz\u00e3o da demora do restabelecimento da energia el\u00e9trica e falta de abastecimento de \u00e1gua, respectivamente. As concession\u00e1rias est\u00e3o sendo cobradas a apresentar, em 24 horas, plano de a\u00e7\u00e3o para atendimento total dos consumidores, provid\u00eancias para que a morosidade na retomada dos servi\u00e7os n\u00e3o venha a se repetir, al\u00e9m de outras informa\u00e7\u00f5es sobre a presta\u00e7\u00e3o do servi\u00e7o.<\/p>\n\n\n\n<p>As notifica\u00e7\u00f5es foram realizadas pelo Procon Maca\u00e9 a partir de in\u00fameras reclama\u00e7\u00f5es recebidas pelo \u00f3rg\u00e3o atrav\u00e9s de seus canais de comunica\u00e7\u00e3o. O Secret\u00e1rio do pasta, Gilcimar Prata, ressalta a import\u00e2ncia de que as empresas estejam aptas a uma pronta resposta \u00e0 popula\u00e7\u00e3o. \u201cOs servi\u00e7os que essas concession\u00e1rias oferecem s\u00e3o essenciais e os mesmos devem ser fornecidos de forma adequada e cont\u00ednua, o que evidentemente n\u00e3o vem sendo cumprido, estando clara a infra\u00e7\u00e3o do artigo 22 do C\u00f3digo de Defesa do Consumidor\u201d, detalha.<\/p>\n\n\n\n<p>Ainda de acordo com Gilcimar, os consumidores que tiverem algum preju\u00edzo em decorr\u00eancia da falta de energia podem procurar o Procon a partir desta ter\u00e7a-feira (21), em raz\u00e3o do feriado estadual nesta segunda (20).<\/p>\n\n\n\n<p>O Procon funciona de segunda a sexta-feira, de 9h \u00e0s 17h, sendo que as senhas s\u00e3o distribu\u00eddas at\u00e9 \u00e0s 16h. O atendimento \u00e9 realizado na Avenida Presidente Sodr\u00e9, 466, 5\u00b0 andar. Contatos tamb\u00e9m podem ser feitos por telefones: 2765-8700, ramal: 288 ou (22) 2759-0801 e por e-mail: atendimento.procon@macae.rj.gov.br e procon@macae.rj.gov.br.<\/p>\n\n\n\n<p><em><a href=\"https:\/\/macae.rj.gov.br\/noticias\/leitura\/noticia\/macae-e-destaque-em-campeonato-estadual-de-kickboxing\" title=\"\">Fonte Secom C\u00e2mara de Maca\u00e9<\/a><\/em><\/p>\n","protected":false},"excerpt":{"rendered":"<p>O Procon Maca\u00e9 notificou as empresas Enel e Cedae em raz\u00e3o da demora do restabelecimento da energia el\u00e9trica e falta de abastecimento de \u00e1gua, respectivamente. As concession\u00e1rias est\u00e3o sendo cobradas a apresentar, em 24 horas, plano de a\u00e7\u00e3o para atendimento total dos consumidores, provid\u00eancias para que a morosidade na retomada dos servi\u00e7os n\u00e3o venha a [&hellip;]<\/p>\n","protected":false},"author":2,"featured_media":13967,"comment_status":"closed","ping_status":"closed","sticky":false,"template":"","format":"standard","meta":{"postBodyCss":"","postBodyMargin":[],"postBodyPadding":[],"postBodyBackground":{"backgroundType":"classic","gradient":""},"footnotes":""},"categories":[42],"tags":[781,264,150,256,807],"class_list":["post-13965","post","type-post","status-publish","format-standard","has-post-thumbnail","hentry","category-macae","tag-cederj","tag-chuvas","tag-enel","tag-procon","tag-tempestade"],"aioseo_notices":[],"_links":{"self":[{"href":"https:\/\/aconteceemmacaeeregiao.com.br\/index.php\/wp-json\/wp\/v2\/posts\/13965","targetHints":{"allow":["GET"]}}],"collection":[{"href":"https:\/\/aconteceemmacaeeregiao.com.br\/index.php\/wp-json\/wp\/v2\/posts"}],"about":[{"href":"https:\/\/aconteceemmacaeeregiao.com.br\/index.php\/wp-json\/wp\/v2\/types\/post"}],"author":[{"embeddable":true,"href":"https:\/\/aconteceemmacaeeregiao.com.br\/index.php\/wp-json\/wp\/v2\/users\/2"}],"replies":[{"embeddable":true,"href":"https:\/\/aconteceemmacaeeregiao.com.br\/index.php\/wp-json\/wp\/v2\/comments?post=13965"}],"version-history":[{"count":0,"href":"https:\/\/aconteceemmacaeeregiao.com.br\/index.php\/wp-json\/wp\/v2\/posts\/13965\/revisions"}],"wp:featuredmedia":[{"embeddable":true,"href":"https:\/\/aconteceemmacaeeregiao.com.br\/index.php\/wp-json\/wp\/v2\/media\/13967"}],"wp:attachment":[{"href":"https:\/\/aconteceemmacaeeregiao.com.br\/index.php\/wp-json\/wp\/v2\/media?parent=13965"}],"wp:term":[{"taxonomy":"category","embeddable":true,"href":"https:\/\/aconteceemmacaeeregiao.com.br\/index.php\/wp-json\/wp\/v2\/categories?post=13965"},{"taxonomy":"post_tag","embeddable":true,"href":"https:\/\/aconteceemmacaeeregiao.com.br\/index.php\/wp-json\/wp\/v2\/tags?post=13965"}],"curies":[{"name":"wp","href":"https:\/\/api.w.org\/{rel}","templated":true}]}}