{"id":14037,"date":"2023-11-24T22:56:07","date_gmt":"2023-11-25T01:56:07","guid":{"rendered":"https:\/\/aconteceemmacaeeregiao.com.br\/?p=14037"},"modified":"2023-11-24T22:56:08","modified_gmt":"2023-11-25T01:56:08","slug":"cabo-frio-convention-visitors-bureau-entidades-civis-e-comissao-de-turismo-da-camara-se-reunem-com-secretaria-de-turismo-e-fiscalizacao-de-posturas","status":"publish","type":"post","link":"https:\/\/aconteceemmacaeeregiao.com.br\/index.php\/2023\/11\/24\/cabo-frio-convention-visitors-bureau-entidades-civis-e-comissao-de-turismo-da-camara-se-reunem-com-secretaria-de-turismo-e-fiscalizacao-de-posturas\/","title":{"rendered":"Cabo Frio Convention &amp; Visitors Bureau, entidades civis e Comiss\u00e3o de Turismo da C\u00e2mara se re\u00fanem com Secretaria de\u00a0Turismo e Fiscaliza\u00e7\u00e3o de Posturas"},"content":{"rendered":"\n<div class=\"wp-block-group is-vertical is-layout-flex wp-container-core-group-is-layout-8cf370e7 wp-block-group-is-layout-flex\">\n<p><strong><em>Objetivo foi discutir plano estrat\u00e9gico para a temporada 2023\/2024 com foco no ordenamento das praias,\u00a0das \u00e1reas p\u00fablicas e do turismo n\u00e1utico<\/em><\/strong><\/p>\n<\/div>\n\n\n\n<p>Uma reuni\u00e3o na \u00faltima quarta-feira (22\/11) reuniu representantes do trade tur\u00edstico &#8211; entre eles, o Cabo Frio Convention Bureau &#8211; da sociedade civil e da Comiss\u00e3o de Turismo da C\u00e2mara dos Vereadores de Cabo Frio, al\u00e9m representantes do poder p\u00fablico como Secretaria Municipal de Turismo e Fiscaliza\u00e7\u00e3o de Posturas. Em pauta, o plano estrat\u00e9gico para a temporada 2023\/2024, em especial, o ordenamento das praias, das \u00e1reas p\u00fablicas e do turismo n\u00e1utico.<\/p>\n\n\n\n<p>A reuni\u00e3o foi marcada ap\u00f3s uma vistoria por pontos tur\u00edsticos e locais de atividades n\u00e1uticas promovida pelo coordenador de Servi\u00e7os Tur\u00edsticos do Cabo Frio Convention &amp; Visitors Bureau e presidente da Associa\u00e7\u00e3o de Turismo N\u00e1utico, Emerson Paiva; em companhia do presidente da Comiss\u00e3o, vereador David Souza.<\/p>\n\n\n\n<p>Durante o encontro, trade tur\u00edstico e entidades civis pontuaram diversas a\u00e7\u00f5es que precisam ser tomadas em conjunto pelas iniciativas p\u00fablica e privada visando a alta temporada. &#8220;O intuito da reuni\u00e3o, solicitada por n\u00f3s, foi convidar, atrav\u00e9s da Comiss\u00e3o de Turismo da C\u00e2mara, os setores de ordenamento, fiscaliza\u00e7\u00e3o e posturas da cidade para identificarem e tomarem conhecimento das demandas dos segmentos de turismo de Cabo Frio&#8221;, comentou Emerson.<\/p>\n\n\n\n<p>O encontro contou com a participa\u00e7\u00e3o de representantes de diversas entidades como Cabo Frio CVB (Maria In\u00eas Oliveros), Associa\u00e7\u00e3o de Turismo N\u00e1utico&nbsp; (Emerson Piva), Associa\u00e7\u00e3o de Hot\u00e9is (Carlos Cunha), Luta Pelo Com\u00e9rcio (Eduardo Mangia), OAB (Kelven Lima), Associa\u00e7\u00e3o de Contadores (Nascif J\u00fanior), Polo Gastron\u00f4mico da &nbsp;Passagem (Vanina Dias), Rua dos Biqu\u00ednis (Fabr\u00edcia Costa), Associa\u00e7\u00e3o de T\u00e1xis Mar\u00edtimos (Fernando Guimar\u00e3es) e &nbsp;Associa\u00e7\u00e3o dos Ambulantes da Ilha do japon\u00eas (Lu\u00eds Henrique Martins).<\/p>\n\n\n\n<p>O poder p\u00fablico foi representado pela secret\u00e1ria de Turismo, Paula Pinheiro, por F\u00e1bio Almeida, da Fiscaliza\u00e7\u00e3o de Posturas, e pelos vereadores que integram a Comiss\u00e3o de Turismo da C\u00e2mara, David Souza (presidente da Comiss\u00e3o), Jean Estev\u00e3o e Josias da Swell.&nbsp;<\/p>\n","protected":false},"excerpt":{"rendered":"<p>Objetivo foi discutir plano estrat\u00e9gico para a temporada 2023\/2024 com foco no ordenamento das praias,\u00a0das \u00e1reas p\u00fablicas e do turismo n\u00e1utico Uma reuni\u00e3o na \u00faltima quarta-feira (22\/11) reuniu representantes do trade tur\u00edstico &#8211; entre eles, o Cabo Frio Convention Bureau &#8211; da sociedade civil e da Comiss\u00e3o de Turismo da C\u00e2mara dos Vereadores de Cabo [&hellip;]<\/p>\n","protected":false},"author":2,"featured_media":14039,"comment_status":"closed","ping_status":"closed","sticky":false,"template":"","format":"standard","meta":{"postBodyCss":"","postBodyMargin":[],"postBodyPadding":[],"postBodyBackground":{"backgroundType":"classic","gradient":""},"footnotes":""},"categories":[155,200,43],"tags":[447,225],"class_list":["post-14037","post","type-post","status-publish","format-standard","has-post-thumbnail","hentry","category-cabo-frio","category-evento","category-regiao","tag-fiscalizacao","tag-turismo"],"aioseo_notices":[],"_links":{"self":[{"href":"https:\/\/aconteceemmacaeeregiao.com.br\/index.php\/wp-json\/wp\/v2\/posts\/14037","targetHints":{"allow":["GET"]}}],"collection":[{"href":"https:\/\/aconteceemmacaeeregiao.com.br\/index.php\/wp-json\/wp\/v2\/posts"}],"about":[{"href":"https:\/\/aconteceemmacaeeregiao.com.br\/index.php\/wp-json\/wp\/v2\/types\/post"}],"author":[{"embeddable":true,"href":"https:\/\/aconteceemmacaeeregiao.com.br\/index.php\/wp-json\/wp\/v2\/users\/2"}],"replies":[{"embeddable":true,"href":"https:\/\/aconteceemmacaeeregiao.com.br\/index.php\/wp-json\/wp\/v2\/comments?post=14037"}],"version-history":[{"count":0,"href":"https:\/\/aconteceemmacaeeregiao.com.br\/index.php\/wp-json\/wp\/v2\/posts\/14037\/revisions"}],"wp:featuredmedia":[{"embeddable":true,"href":"https:\/\/aconteceemmacaeeregiao.com.br\/index.php\/wp-json\/wp\/v2\/media\/14039"}],"wp:attachment":[{"href":"https:\/\/aconteceemmacaeeregiao.com.br\/index.php\/wp-json\/wp\/v2\/media?parent=14037"}],"wp:term":[{"taxonomy":"category","embeddable":true,"href":"https:\/\/aconteceemmacaeeregiao.com.br\/index.php\/wp-json\/wp\/v2\/categories?post=14037"},{"taxonomy":"post_tag","embeddable":true,"href":"https:\/\/aconteceemmacaeeregiao.com.br\/index.php\/wp-json\/wp\/v2\/tags?post=14037"}],"curies":[{"name":"wp","href":"https:\/\/api.w.org\/{rel}","templated":true}]}}