{"id":14068,"date":"2023-11-27T22:41:29","date_gmt":"2023-11-28T01:41:29","guid":{"rendered":"https:\/\/aconteceemmacaeeregiao.com.br\/?p=14068"},"modified":"2023-11-27T22:41:30","modified_gmt":"2023-11-28T01:41:30","slug":"macae-participa-de-frente-ampla-de-cidades-que-se-mobilizam-contra-a-enel","status":"publish","type":"post","link":"https:\/\/aconteceemmacaeeregiao.com.br\/index.php\/2023\/11\/27\/macae-participa-de-frente-ampla-de-cidades-que-se-mobilizam-contra-a-enel\/","title":{"rendered":"Maca\u00e9 participa de frente ampla de cidades que se mobilizam contra a Enel"},"content":{"rendered":"\n<p>Maca\u00e9 firmou nesta segunda-feira (27) o acordo junto a 65 munic\u00edpios do Estado do Rio de Janeiro que se mobilizam contra a Enel, diante dos preju\u00edzos registrados nos \u00faltimos 15 dias devido a interrup\u00e7\u00e3o do fornecimento de energia no cen\u00e1rio ap\u00f3s ventanias e fortes chuvas.<\/p>\n\n\n\n<p>No encontro, realizado no Teatro Municipal de Niter\u00f3i, o prefeito Welberth Rezende assinou, junto aos demais gestores das cidades atendidas pela Enel, a manifesta\u00e7\u00e3o de rep\u00fadio contra a empresa, que ser\u00e1 enviada \u00e0 Ag\u00eancia Nacional de Energia El\u00e9trica (Aneel) e ao Minist\u00e9rio de Minas e Energia.<br><br>A reuni\u00e3o tamb\u00e9m debateu o impacto das a\u00e7\u00f5es judiciais movidas pelas cidades, incluindo Maca\u00e9, contra a Enel, diante dos preju\u00edzos registrados pela popula\u00e7\u00e3o nos \u00faltimos dias.<br><br>\u201cA frente ampla fortalece a nossa luta em defesa de um servi\u00e7o de qualidade para a nossa popula\u00e7\u00e3o. Assim como a energia, a \u00e1gua tamb\u00e9m \u00e9 essencial a rotina da nossa cidade que vive uma nova fase de crescimento e desenvolvimento. Vamos cobrar da Enel e tamb\u00e9m da Cedae melhorias efetivas na assist\u00eancia a nossa popula\u00e7\u00e3o\u201d, afirmou o prefeito.<br><br>Atrav\u00e9s da forma\u00e7\u00e3o da frente ampla, Maca\u00e9 apresentar\u00e1 relat\u00f3rio sobre os impactos gerados pela inefici\u00eancia do servi\u00e7o de energia que afeta a popula\u00e7\u00e3o e o novo ritmo de desenvolvimento da cidade. A proposta visa que a empresa apresente plano de conting\u00eancia em casos de danos ao sistema de distribui\u00e7\u00e3o.<br><br>A cria\u00e7\u00e3o do documento ser\u00e1 registrada na reuni\u00e3o desta ter\u00e7a-feira (28) da Comiss\u00e3o Parlamentar de Inqu\u00e9rito (CPI) da Assembleia Legislativa do Estado do Rio de Janeiro (Alerj) dos Servi\u00e7os Delegados e das Ag\u00eancias Reguladoras.<br><br>Juntos, os representantes das cidades que comp\u00f5em a frente ampla contra a Enel tamb\u00e9m ir\u00e3o a Bras\u00edlia nos pr\u00f3ximos dias para discutir junto a Aneel e ao Minist\u00e9rio de Minas e Energia os crit\u00e9rios do atual contrato de concess\u00e3o do fornecimento de energia, al\u00e9m de cobrar a fiscaliza\u00e7\u00e3o imediata sobre a empresa para assegurar a regularidade do servi\u00e7o durante o ver\u00e3o.<\/p>\n\n\n<div class=\"wp-block-image\">\n<figure class=\"aligncenter size-large\"><img fetchpriority=\"high\" decoding=\"async\" width=\"1024\" height=\"576\" src=\"https:\/\/aconteceemmacaeeregiao.com.br\/wp-content\/uploads\/2023\/11\/1701144220-1024x576.jpg\" alt=\"\" class=\"wp-image-14070\" srcset=\"https:\/\/aconteceemmacaeeregiao.com.br\/wp-content\/uploads\/2023\/11\/1701144220-1024x576.jpg 1024w, https:\/\/aconteceemmacaeeregiao.com.br\/wp-content\/uploads\/2023\/11\/1701144220-300x169.jpg 300w, https:\/\/aconteceemmacaeeregiao.com.br\/wp-content\/uploads\/2023\/11\/1701144220-768x432.jpg 768w, https:\/\/aconteceemmacaeeregiao.com.br\/wp-content\/uploads\/2023\/11\/1701144220.jpg 1280w\" sizes=\"(max-width: 1024px) 100vw, 1024px\" \/><\/figure>\n<\/div>\n\n\n<p><br><br><strong>Nova concess\u00e3o<\/strong><br><br>No encontro, os prefeitos do Estado defenderam tamb\u00e9m a import\u00e2ncia de se discutir com o governo federal o modelo da nova concess\u00e3o do servi\u00e7o de energia no Brasil, com foco especial no Rio de Janeiro, que concentra o maior volume de investimentos privados voltados a promover o novo ciclo de industrializa\u00e7\u00e3o atrav\u00e9s do potencial do mercado de \u00f3leo, g\u00e1s e energia.<br><br>A explora\u00e7\u00e3o do servi\u00e7o de energia nos 66 munic\u00edpios do Estado segue de 2001 at\u00e9 2026.<br><br>O encontro contou com a participa\u00e7\u00e3o do prefeito de Niter\u00f3i, Axel Grael, deputado federal Max Lemos, presidente da Comiss\u00e3o de Minas e Energia da Assembleia Legislativa do Estado (Alerj), o deputado estadual Tiago Rangel, a prefeita de Quissam\u00e3, F\u00e1tima Pacheco, que preside o Cons\u00f3rcio P\u00fablico Intermunicipal de Desenvolvimento do Norte e Noroeste Fluminense (CIDENNF), al\u00e9m de representantes da Secretaria Estadual de Energia e Economia do Mar e demais cidades atendidas pela Enel no Estado.<\/p>\n","protected":false},"excerpt":{"rendered":"<p>Maca\u00e9 firmou nesta segunda-feira (27) o acordo junto a 65 munic\u00edpios do Estado do Rio de Janeiro que se mobilizam contra a Enel, diante dos preju\u00edzos registrados nos \u00faltimos 15 dias devido a interrup\u00e7\u00e3o do fornecimento de energia no cen\u00e1rio ap\u00f3s ventanias e fortes chuvas. No encontro, realizado no Teatro Municipal de Niter\u00f3i, o prefeito [&hellip;]<\/p>\n","protected":false},"author":2,"featured_media":14071,"comment_status":"closed","ping_status":"closed","sticky":false,"template":"","format":"standard","meta":{"postBodyCss":"","postBodyMargin":[],"postBodyPadding":[],"postBodyBackground":{"backgroundType":"classic","gradient":""},"footnotes":""},"categories":[42],"tags":[818,150,89,720],"class_list":["post-14068","post","type-post","status-publish","format-standard","has-post-thumbnail","hentry","category-macae","tag-cedae","tag-enel","tag-prefeitura","tag-welberth-rezende"],"aioseo_notices":[],"_links":{"self":[{"href":"https:\/\/aconteceemmacaeeregiao.com.br\/index.php\/wp-json\/wp\/v2\/posts\/14068","targetHints":{"allow":["GET"]}}],"collection":[{"href":"https:\/\/aconteceemmacaeeregiao.com.br\/index.php\/wp-json\/wp\/v2\/posts"}],"about":[{"href":"https:\/\/aconteceemmacaeeregiao.com.br\/index.php\/wp-json\/wp\/v2\/types\/post"}],"author":[{"embeddable":true,"href":"https:\/\/aconteceemmacaeeregiao.com.br\/index.php\/wp-json\/wp\/v2\/users\/2"}],"replies":[{"embeddable":true,"href":"https:\/\/aconteceemmacaeeregiao.com.br\/index.php\/wp-json\/wp\/v2\/comments?post=14068"}],"version-history":[{"count":0,"href":"https:\/\/aconteceemmacaeeregiao.com.br\/index.php\/wp-json\/wp\/v2\/posts\/14068\/revisions"}],"wp:featuredmedia":[{"embeddable":true,"href":"https:\/\/aconteceemmacaeeregiao.com.br\/index.php\/wp-json\/wp\/v2\/media\/14071"}],"wp:attachment":[{"href":"https:\/\/aconteceemmacaeeregiao.com.br\/index.php\/wp-json\/wp\/v2\/media?parent=14068"}],"wp:term":[{"taxonomy":"category","embeddable":true,"href":"https:\/\/aconteceemmacaeeregiao.com.br\/index.php\/wp-json\/wp\/v2\/categories?post=14068"},{"taxonomy":"post_tag","embeddable":true,"href":"https:\/\/aconteceemmacaeeregiao.com.br\/index.php\/wp-json\/wp\/v2\/tags?post=14068"}],"curies":[{"name":"wp","href":"https:\/\/api.w.org\/{rel}","templated":true}]}}