{"id":14112,"date":"2023-11-29T21:34:50","date_gmt":"2023-11-30T00:34:50","guid":{"rendered":"https:\/\/aconteceemmacaeeregiao.com.br\/?p=14112"},"modified":"2023-11-29T21:34:51","modified_gmt":"2023-11-30T00:34:51","slug":"projeto-vinde-a-mim-a-arte-e-a-cultura-como-instrumentos-de-educacao","status":"publish","type":"post","link":"https:\/\/aconteceemmacaeeregiao.com.br\/index.php\/2023\/11\/29\/projeto-vinde-a-mim-a-arte-e-a-cultura-como-instrumentos-de-educacao\/","title":{"rendered":"Projeto Vinde a Mim: a arte e a cultura como instrumentos de educa\u00e7\u00e3o"},"content":{"rendered":"\n<p><em><strong>\u201cO protagonismo que transforma crian\u00e7as e jovens em agentes ativos em seu processo de desenvolvimento pessoal e social\u201d \u00e9 a proposta da a\u00e7\u00e3o trazida pela BRK para Maca\u00e9-RJ<\/strong><\/em><\/p>\n\n\n\n<p>A BRK, empresa respons\u00e1vel pela coleta e tratamento de esgoto em Maca\u00e9-RJ, em parceria com a Prefeitura, por meio da Secretaria de Educa\u00e7\u00e3o, trar\u00e1 a cidade uma a\u00e7\u00e3o muito especial neste final de ano. Trata-se do \u201cVinde a Mim\u201d, trabalho social realizado h\u00e1 13 anos pela Associa\u00e7\u00e3o Luz dos Povos na capital do Estado e que \u00e9 apoiado pela concession\u00e1ria. Com o objetivo alcan\u00e7ar, por meio da forma\u00e7\u00e3o de um v\u00ednculo afetivo, o &#8220;ser&#8221; resiliente, com autonomia, independ\u00eancia, capacidade de autocuidado e autoria, o projeto que estimula que o jovem seja protagonista da sua hist\u00f3ria ser\u00e1 apresentado aos alunos da Escola Municipal Ancyra Gon\u00e7alves Pimentel na quinta-feira (30), a partir das 13h30.<\/p>\n\n\n\n<p>O trabalho de desenvolvimento humano do \u201cVinde a Mim\u201d com crian\u00e7as e adolescentes (com idade entre 6 e 14 anos) em vulnerabilidade social come\u00e7ou em 2010, no Rio de Janeiro, com o desenvolvimento de diversas oficinas educacionais e culturais (artes pl\u00e1sticas, dan\u00e7a, m\u00fasica, folclore, cinema e v\u00eddeo, teatro e literatura). E por enxergar na cultura uma forma de inspir\u00e1-los na constru\u00e7\u00e3o de uma nova realidade, surgiu a ideia da produ\u00e7\u00e3o da pe\u00e7a teatral\/ musical \u201cRef\u00fagio: Um Caminho de Esperan\u00e7a\u201d, que chega a Maca\u00e9 para inspirar jovens do munic\u00edpio.<\/p>\n\n\n\n<p>O espet\u00e1culo \u201cRef\u00fagio: Um Caminho de Esperan\u00e7a\u201d foi criado baseado em fatos, a partir de hist\u00f3rias de grupos de refugiados que chegaram ao Brasil. De uma forma leve e descontra\u00edda o musical conta a hist\u00f3ria de Maria, uma crian\u00e7a venezuelana que est\u00e1 escrevendo um livro sobre os momentos marcantes de sua hist\u00f3ria, desde o dia em que ela e seus pais tiveram que ir embora de seu pa\u00eds at\u00e9 o momento que eles se estabeleceram no Brasil. Ao abrir essas mem\u00f3rias, os personagens ensinam, de forma emp\u00e1tica, sobre acolhimento, respeito e amor ao pr\u00f3ximo, tratando de tem\u00e1ticas como a import\u00e2ncia da escola, da amizade e da fraternidade. O elenco \u00e9 formado pelos assistidos do projeto \u201cVinde a Mim\u201d, que tamb\u00e9m co-criaram, de forma coletiva, o espet\u00e1culo.<\/p>\n\n\n\n<p>Agora, a pe\u00e7a est\u00e1 indo al\u00e9m da capital, chegando a outros munic\u00edpios do Estado, como no caso de Maca\u00e9. Desta forma, a arte e a cultura se tornam instrumentos que contribuem na educa\u00e7\u00e3o humana integral na qual s\u00e3o considerados todos os aspectos do ser humano: f\u00edsico, emocional, intelectual e espiritual, libertando e ampliando os horizontes das crian\u00e7as e adolescentes e de quem tem a responsabilidade de cuid\u00e1-las e educ\u00e1-las: seus pais, cuidadores e professores.<\/p>\n\n\n\n<p>&#8211; A arte e a cultura s\u00e3o grandes aliados na constru\u00e7\u00e3o da cidadania. E para a BRK, apoiar projetos como esse \u00e9 criar cidad\u00e3os conscientes para o futuro sobre o seu papel no mundo \u2013 disse o diretor da BRK Maca\u00e9, Ricardo Santiago.<\/p>\n\n\n\n<p>Para saber mais sobre o&nbsp;<a href=\"https:\/\/youtu.be\/KEF_879E5RM\" target=\"_blank\" rel=\"noreferrer noopener\">\u201cVinde a Mim\u201d<\/a>&nbsp;e o&nbsp;<a href=\"https:\/\/youtu.be\/Hegxw5k0LGA\" target=\"_blank\" rel=\"noreferrer noopener\">espet\u00e1culo teatral\/musical \u201cRef\u00fagio: Um Caminho de Esperan\u00e7a\u201d<\/a>, acesse os&nbsp;<em>links&nbsp;<\/em><a href=\"https:\/\/youtu.be\/KEF_879E5RM\" target=\"_blank\" rel=\"noreferrer noopener\"><em>https:\/\/youtu.be\/KEF_879E5RM<\/em><\/a><em>&nbsp; e&nbsp;<\/em><a href=\"https:\/\/youtu.be\/Hegxw5k0LGA\" target=\"_blank\" rel=\"noreferrer noopener\"><em>https:\/\/youtu.be\/Hegxw5k0LGA<\/em><\/a>e curta as redes do projeto.<\/p>\n","protected":false},"excerpt":{"rendered":"<p>\u201cO protagonismo que transforma crian\u00e7as e jovens em agentes ativos em seu processo de desenvolvimento pessoal e social\u201d \u00e9 a proposta da a\u00e7\u00e3o trazida pela BRK para Maca\u00e9-RJ A BRK, empresa respons\u00e1vel pela coleta e tratamento de esgoto em Maca\u00e9-RJ, em parceria com a Prefeitura, por meio da Secretaria de Educa\u00e7\u00e3o, trar\u00e1 a cidade uma [&hellip;]<\/p>\n","protected":false},"author":2,"featured_media":14114,"comment_status":"closed","ping_status":"closed","sticky":false,"template":"","format":"standard","meta":{"postBodyCss":"","postBodyMargin":[],"postBodyPadding":[],"postBodyBackground":{"backgroundType":"classic","gradient":""},"footnotes":""},"categories":[86,61,200],"tags":[104,106],"class_list":["post-14112","post","type-post","status-publish","format-standard","has-post-thumbnail","hentry","category-cultura","category-educacao","category-evento","tag-brk","tag-cultural"],"aioseo_notices":[],"_links":{"self":[{"href":"https:\/\/aconteceemmacaeeregiao.com.br\/index.php\/wp-json\/wp\/v2\/posts\/14112","targetHints":{"allow":["GET"]}}],"collection":[{"href":"https:\/\/aconteceemmacaeeregiao.com.br\/index.php\/wp-json\/wp\/v2\/posts"}],"about":[{"href":"https:\/\/aconteceemmacaeeregiao.com.br\/index.php\/wp-json\/wp\/v2\/types\/post"}],"author":[{"embeddable":true,"href":"https:\/\/aconteceemmacaeeregiao.com.br\/index.php\/wp-json\/wp\/v2\/users\/2"}],"replies":[{"embeddable":true,"href":"https:\/\/aconteceemmacaeeregiao.com.br\/index.php\/wp-json\/wp\/v2\/comments?post=14112"}],"version-history":[{"count":0,"href":"https:\/\/aconteceemmacaeeregiao.com.br\/index.php\/wp-json\/wp\/v2\/posts\/14112\/revisions"}],"wp:featuredmedia":[{"embeddable":true,"href":"https:\/\/aconteceemmacaeeregiao.com.br\/index.php\/wp-json\/wp\/v2\/media\/14114"}],"wp:attachment":[{"href":"https:\/\/aconteceemmacaeeregiao.com.br\/index.php\/wp-json\/wp\/v2\/media?parent=14112"}],"wp:term":[{"taxonomy":"category","embeddable":true,"href":"https:\/\/aconteceemmacaeeregiao.com.br\/index.php\/wp-json\/wp\/v2\/categories?post=14112"},{"taxonomy":"post_tag","embeddable":true,"href":"https:\/\/aconteceemmacaeeregiao.com.br\/index.php\/wp-json\/wp\/v2\/tags?post=14112"}],"curies":[{"name":"wp","href":"https:\/\/api.w.org\/{rel}","templated":true}]}}