{"id":14153,"date":"2023-12-01T23:38:38","date_gmt":"2023-12-02T02:38:38","guid":{"rendered":"https:\/\/aconteceemmacaeeregiao.com.br\/?p=14153"},"modified":"2023-12-01T23:38:39","modified_gmt":"2023-12-02T02:38:39","slug":"ezembro-laranja-conscientizacao-sobre-o-cancer-de-pele-deve-ser-em-todos-as-estacoes-do-ano","status":"publish","type":"post","link":"https:\/\/aconteceemmacaeeregiao.com.br\/index.php\/2023\/12\/01\/ezembro-laranja-conscientizacao-sobre-o-cancer-de-pele-deve-ser-em-todos-as-estacoes-do-ano\/","title":{"rendered":"ezembro Laranja: conscientiza\u00e7\u00e3o sobre o c\u00e2ncer de pele deve ser em todos as esta\u00e7\u00f5es do ano"},"content":{"rendered":"\n<p><em>Dermatologista do Fleury Medicina e Sa\u00fade alerta para prote\u00e7\u00e3o da pele principalmente durante o m\u00eas da Campanha Nacional que refor\u00e7a os cuidados<\/em><\/p>\n\n\n\n<p>O m\u00eas de dezembro \u00e9 dedicado \u00e0 conscientiza\u00e7\u00e3o sobre o c\u00e2ncer de pele e com isso \u00e9 o momento ideal para ampliar a discuss\u00e3o sobre a preven\u00e7\u00e3o, diagn\u00f3stico precoce e tratamento desse tipo de tipo de c\u00e2ncer, que representa cerca de 30% de todos os tumores malignos no Brasil. Em 2022, o Instituto Nacional do C\u00e2ncer (INCA) estima que houve 8.980 novos casos de melanoma e 220.490 casos de c\u00e2ncer de pele n\u00e3o melanoma no Pa\u00eds.<\/p>\n\n\n\n<p>Os tipos mais comuns de c\u00e2ncer de pele, os carcinomas, correspondem a 95% dos casos. Sua ocorr\u00eancia est\u00e1 mais relacionada \u00e0 intensa exposi\u00e7\u00e3o solar ao longo da vida. Portanto, o efeito cumulativo dessa radia\u00e7\u00e3o tem grande impacto nessa evolu\u00e7\u00e3o e, por isso, o sol em excesso continua sendo o inimigo n\u00famero um da sa\u00fade da pele.<\/p>\n\n\n\n<p>De acordo com a Dra. Lilian Licari\u00e3o Rocha, dermatologista do Fleury Medicina e Sa\u00fade, \u00e9 imprescind\u00edvel o uso de protetor solar. \u201c\u00c9 fundamental sempre usar o protetor solar, principalmente no Ver\u00e3o quando a incid\u00eancia dos raios solares \u00e9 mais intensa. As roupas ainda s\u00e3o a melhor e mais b\u00e1sica forma de se proteger, j\u00e1 que hoje tamb\u00e9m h\u00e1 op\u00e7\u00e3o de roupas com fator de prote\u00e7\u00e3o solar (FPS). Quanto menor for a exposi\u00e7\u00e3o de partes do corpo, melhor \u00e9 a forma de prevenir&#8221;, explica.<\/p>\n\n\n\n<p><strong>Diagn\u00f3stico precoce<\/strong><\/p>\n\n\n\n<p>O diagn\u00f3stico precoce do c\u00e2ncer de pele, especialmente o melanoma, \u00e9 importante para aumentar as chances de cura. A dermatoscopia e o mapeamento fotogr\u00e1fico corporal s\u00e3o ferramentas essenciais para identificar pequenas estruturas espec\u00edficas do melanoma e detectar precocemente detalhes invis\u00edveis a olho nu. O Fleury Medicina e Sa\u00fade conta com um Centro de Dermatologia, com consultas e procedimentos dermatol\u00f3gicos, que oferece tecnologia de ponta e mapeamento de nevos realizado por m\u00e9dicos especialistas.<\/p>\n\n\n\n<p>O mapeamento de nevos com a dermatoscopia digital evidencia, mais precocemente e com maior precis\u00e3o, as caracter\u00edsticas da pinta associadas \u00e0 malignidade e, com frequ\u00eancia, evita a retirada desnecess\u00e1ria de algumas delas, preservando a pele. O exame \u00e9 recomendado para pessoas que tenham grande n\u00famero de pintas pelo corpo, hist\u00f3rico pessoal ou familiar de melanoma, pele muito clara, que sejam ruivas ou que tenham sofrido queimaduras de sol durante a inf\u00e2ncia, pois s\u00e3o as que apresentam maior tend\u00eancia ao surgimento do problema.<\/p>\n\n\n\n<p>Realizar uma consulta anual dermatol\u00f3gica faz parte das medidas preventivas. \u201cDurante a consulta j\u00e1 \u00e9 realizada a dermatoscopia dos nevos (ou pintas). A preven\u00e7\u00e3o e o diagn\u00f3stico precoce s\u00e3o essenciais para enfrentar o c\u00e2ncer de pele de maneira eficaz\u201d, afirma a dermatologista.<\/p>\n\n\n\n<p>Cerca de 5% a 12% dos casos de melanoma est\u00e3o associados a hist\u00f3rico familiar e muta\u00e7\u00f5es gen\u00e9ticas espec\u00edficas. Para esses casos, pode ser requisitado o exame de pesquisa gen\u00e9tica para determina\u00e7\u00e3o diagn\u00f3stica, permitindo a investiga\u00e7\u00e3o precoce em outros membros da fam\u00edlia e contribuindo para a redu\u00e7\u00e3o da mortalidade.<\/p>\n\n\n\n<p><strong>Tratamento<\/strong><\/p>\n\n\n\n<p>O tratamento depende do tipo de les\u00e3o. Em geral, os tumores n\u00e3o-melanoma podem ser retirados pela cirurgia, pela cauteriza\u00e7\u00e3o, pela aplica\u00e7\u00e3o local de quimioterapia ou pela terapia fotodin\u00e2mica, que combina subst\u00e2ncias fotorreagentes com uma fonte de luz para a destrui\u00e7\u00e3o da les\u00e3o. J\u00e1 o melanoma requer uma cirurgia para a remo\u00e7\u00e3o do tumor e dos tecidos ao redor e, nos casos mais graves, tamb\u00e9m dos g\u00e2nglios pr\u00f3ximos para evitar futuras met\u00e1stases. \u201cEm raras situa\u00e7\u00f5es pode-se indicar quimioterapia t\u00f3pica ou radioterapia, por\u00e9m a cirurgia \u00e9 a primeira op\u00e7\u00e3o quando poss\u00edvel\u201d, explica a m\u00e9dica.<\/p>\n\n\n\n<p>Para auxiliar no diagn\u00f3stico, pode-se usar a regra do ABCD do melanoma que valoriza algumas caracter\u00edsticas espec\u00edficas das manchas e pintas: assimetrias, bordas irregulares, cor de diferentes tonalidades e di\u00e2metro maior que seis mil\u00edmetros. Outros sinais de alerta incluem feridas que n\u00e3o cicatrizam em mais de quatro semanas, mudan\u00e7as na textura da pele e pintas e manchas que crescem e sofrem altera\u00e7\u00f5es de cor e tamanho. Qualquer achado semelhante \u00e9 motivo suficiente para visitar um dermatologista.<\/p>\n\n\n\n<p>As pessoas com hist\u00f3ria familiar de c\u00e2ncer de pele e\/ou com grande quantidade de pintas precisam de acompanhamento regular desse especialista para que qualquer altera\u00e7\u00e3o suspeita seja identificada no come\u00e7o.<\/p>\n\n\n\n<p><strong>Previna-se no Ver\u00e3o<\/strong><\/p>\n\n\n\n<p>&#8211; Reaplique o filtro solar (fator 30, no m\u00ednimo) pelo menos a cada tr\u00eas horas, sempre 20 minutos antes de se expor ao sol e tamb\u00e9m quando suar ou se molhar;<\/p>\n\n\n\n<p>&#8211; proteja-se mesmo na sombra, pois a radia\u00e7\u00e3o solar reflete na \u00e1gua, areia e concreto;<\/p>\n\n\n\n<p>&#8211; evite a exposi\u00e7\u00e3o ao sol das 10 \u00e0s 16 horas;<\/p>\n\n\n\n<p>&#8211; evite o bronzeamento artificial;<\/p>\n\n\n\n<p>&#8211; previna a pele seca \u2013 n\u00e3o tome banhos em excesso com \u00e1gua quente, evite sabonetes agressivos e aplique lo\u00e7\u00e3o hidratante ap\u00f3s o banho;<\/p>\n\n\n\n<p>&#8211; use chap\u00e9u e camiseta ao se expor ao sol;<\/p>\n\n\n\n<p>&#8211; fa\u00e7a do uso do filtro solar parte de sua rotina di\u00e1ria, principalmente quando praticar esportes ao ar livre;<\/p>\n\n\n\n<p>&#8211; avalie sua pele regularmente.<\/p>\n\n\n\n<p><strong>Sobre o Fleury Medicina e Sa\u00fade<\/strong><\/p>\n\n\n\n<p>Refer\u00eancia nacional em Medicina Diagn\u00f3stica e de Precis\u00e3o, o Fleury oferece mais de 3,5 mil testes em 37 especialidades m\u00e9dicas. Conta com a plataforma Fleury Gen\u00f4mica, canal que possibilita a realiza\u00e7\u00e3o de testes gen\u00e9ticos em amostra de saliva, sangue e bi\u00f3psias inteiramente online, mediante pedido m\u00e9dico para clientes de qualquer regi\u00e3o do Pa\u00eds. Tamb\u00e9m \u00e9 precursor no conceito de Centro Integrado de Medicina Diagn\u00f3stica, que oferece uma solu\u00e7\u00e3o diagn\u00f3stica completa, assessoria m\u00e9dica e servi\u00e7os singulares, como o Fleury Kids, para atendimento infantil; Gestar Fleury, dedicado \u00e0 medicina fetal; Imagem Osteomuscular, entre outros. Conta com unidades de atendimento nos munic\u00edpios de S\u00e3o Paulo (SP), Santo Andr\u00e9 (SP), S\u00e3o Bernardo do Campo (SP), S\u00e3o Caetano do Sul (SP), Barueri (SP), Cotia (SP), Campinas (SP) e Jundia\u00ed (SP), al\u00e9m de Bras\u00edlia (DF).&nbsp;<strong>Site Fleury Medicina e Sa\u00fade:&nbsp;<\/strong><a href=\"http:\/\/www.fleury.com.br\/\" target=\"_blank\" rel=\"noreferrer noopener\">www.fleury.com.br<\/a>.<\/p>\n","protected":false},"excerpt":{"rendered":"<p>Dermatologista do Fleury Medicina e Sa\u00fade alerta para prote\u00e7\u00e3o da pele principalmente durante o m\u00eas da Campanha Nacional que refor\u00e7a os cuidados O m\u00eas de dezembro \u00e9 dedicado \u00e0 conscientiza\u00e7\u00e3o sobre o c\u00e2ncer de pele e com isso \u00e9 o momento ideal para ampliar a discuss\u00e3o sobre a preven\u00e7\u00e3o, diagn\u00f3stico precoce e tratamento desse tipo [&hellip;]<\/p>\n","protected":false},"author":2,"featured_media":14155,"comment_status":"closed","ping_status":"closed","sticky":false,"template":"","format":"standard","meta":{"postBodyCss":"","postBodyMargin":[],"postBodyPadding":[],"postBodyBackground":{"backgroundType":"classic","gradient":""},"footnotes":""},"categories":[78],"tags":[704,622],"class_list":["post-14153","post","type-post","status-publish","format-standard","has-post-thumbnail","hentry","category-saude","tag-cancer","tag-pele-2"],"aioseo_notices":[],"_links":{"self":[{"href":"https:\/\/aconteceemmacaeeregiao.com.br\/index.php\/wp-json\/wp\/v2\/posts\/14153","targetHints":{"allow":["GET"]}}],"collection":[{"href":"https:\/\/aconteceemmacaeeregiao.com.br\/index.php\/wp-json\/wp\/v2\/posts"}],"about":[{"href":"https:\/\/aconteceemmacaeeregiao.com.br\/index.php\/wp-json\/wp\/v2\/types\/post"}],"author":[{"embeddable":true,"href":"https:\/\/aconteceemmacaeeregiao.com.br\/index.php\/wp-json\/wp\/v2\/users\/2"}],"replies":[{"embeddable":true,"href":"https:\/\/aconteceemmacaeeregiao.com.br\/index.php\/wp-json\/wp\/v2\/comments?post=14153"}],"version-history":[{"count":0,"href":"https:\/\/aconteceemmacaeeregiao.com.br\/index.php\/wp-json\/wp\/v2\/posts\/14153\/revisions"}],"wp:featuredmedia":[{"embeddable":true,"href":"https:\/\/aconteceemmacaeeregiao.com.br\/index.php\/wp-json\/wp\/v2\/media\/14155"}],"wp:attachment":[{"href":"https:\/\/aconteceemmacaeeregiao.com.br\/index.php\/wp-json\/wp\/v2\/media?parent=14153"}],"wp:term":[{"taxonomy":"category","embeddable":true,"href":"https:\/\/aconteceemmacaeeregiao.com.br\/index.php\/wp-json\/wp\/v2\/categories?post=14153"},{"taxonomy":"post_tag","embeddable":true,"href":"https:\/\/aconteceemmacaeeregiao.com.br\/index.php\/wp-json\/wp\/v2\/tags?post=14153"}],"curies":[{"name":"wp","href":"https:\/\/api.w.org\/{rel}","templated":true}]}}