{"id":14193,"date":"2023-12-06T23:59:26","date_gmt":"2023-12-07T02:59:26","guid":{"rendered":"https:\/\/aconteceemmacaeeregiao.com.br\/?p=14193"},"modified":"2023-12-06T23:59:26","modified_gmt":"2023-12-07T02:59:26","slug":"macae-recebe-concerto-gratuito-da-orquestra-rio-villarmonica","status":"publish","type":"post","link":"https:\/\/aconteceemmacaeeregiao.com.br\/index.php\/2023\/12\/06\/macae-recebe-concerto-gratuito-da-orquestra-rio-villarmonica\/","title":{"rendered":"Maca\u00e9 recebe concerto gratuito\u00a0da Orquestra Rio Villarm\u00f4nica"},"content":{"rendered":"\n<p>Neste s\u00e1bado (09\/12), a cidade de Maca\u00e9 recebe mais uma atra\u00e7\u00e3o do Natal Sesc RJ 2023 \u2013&nbsp;apresenta\u00e7\u00e3o gratuita da&nbsp;<a>Orquestra Rio Villarm\u00f4nica<\/a>, na Vila do Papai Noel, na Praia Campista,&nbsp;\u00e0s 20h. O Natal Sesc RJ 2023 conta com uma programa\u00e7\u00e3o especial que percorrer\u00e1 35 cidades do estado do Rio de Janeiro,&nbsp;tendo como apoio as prefeituras municipais e os sindicatos varejistas.<\/p>\n\n\n\n<p>Formada por talentosos e habilidosos m\u00fasicos do panorama brasileiro, a Orquestra Rio Villarm\u00f4nica pretende trazer ao p\u00fablico um sopro de vida e renovar o cen\u00e1rio cultural ao levar a tradicional m\u00fasica dos grandes mestres, mas com a leveza e despojamento que s\u00e3o t\u00e3o caracter\u00edsticos do Rio de Janeiro e de seus moradores. No repert\u00f3rio, obras de Villa-Lobos, Mozart, Bach, Vivaldi e demais grandes nomes da m\u00fasica cl\u00e1ssica, tendo como solistas as sopranos Ludmilla Bauerfeldt, Mariana Gomes e Michele Menezes. A orquestra tem dire\u00e7\u00e3o art\u00edstica de Tobias Volkmann, e reg\u00eancia em revezamento de Mario Barcelos e Tobias Volkmann.<\/p>\n\n\n\n<p>Maca\u00e9 inaugurou a decora\u00e7\u00e3o natalina do projeto, em novembro, em importantes espa\u00e7os da regi\u00e3o.&nbsp;A Avenida Rui Barbosa ganhou uma \u00e1rvore de Natal de 9 metros de altura, ilumina\u00e7\u00e3o especial em canteiros, \u00e1rvores naturais, e duas pe\u00e7as tem\u00e1ticas instagram\u00e1veis. J\u00e1 o Cal\u00e7ad\u00e3o da avenida e as ruas Silva Jardim, Euz\u00e9bio de Queiroz, Teixeira de Gouveia, Marechal Deodoro e Conde de Araruama receberam elementos iluminados nos postes, totalizando 60 adere\u00e7os.<\/p>\n\n\n\n<p>\u201cO Natal Sesc RJ vem brindar e celebrar o movimento natalino em Maca\u00e9, nos trazendo esperan\u00e7a por dias melhores, fomentando o com\u00e9rcio e promovendo o bem-estar dos cidad\u00e3os macaenses. Temos certeza de que ser\u00e1 um grande sucesso e esperamos comemorar juntos e em grande estilo essa data\u201d, ressalta MaxMiliam Lamoglia, presidente&nbsp;do&nbsp;SINCOMACA\u00c9.<\/p>\n\n\n\n<p>Os demais munic\u00edpios tamb\u00e9m recebem uma programa\u00e7\u00e3o art\u00edstica, incluindo concertos de orquestras e solistas, apresenta\u00e7\u00e3o de corais, cenografia natalina e atividades art\u00edsticas diversas, o que provocar\u00e1 intensa movimenta\u00e7\u00e3o econ\u00f4mica, prev\u00ea o presidente do Sistema Fecom\u00e9rcio RJ&nbsp;e&nbsp;Sesc&nbsp;RJ, Antonio Florencio de Queiroz Junior.<\/p>\n\n\n\n<p>\u201cO Natal Sesc est\u00e1 consolidado no calend\u00e1rio de eventos do Rio de Janeiro porque leva a todas as regi\u00f5es do estado uma programa\u00e7\u00e3o art\u00edstica e de lazer associada a valores como uni\u00e3o, solidariedade e esperan\u00e7a, algo muito apreciado pelo p\u00fablico nesse per\u00edodo do ano. Ao mesmo tempo em que encanta os moradores das cidades, o evento atrai turistas e movimenta o com\u00e9rcio, os servi\u00e7os e toda a cadeia produtiva, gerando emprego, renda e desenvolvimento para o nosso estado\u201d, diz o dirigente.<\/p>\n\n\n\n<p>A programa\u00e7\u00e3o completa do Natal Sesc RJ 2023 pode ser conferida no site&nbsp;<a href=\"http:\/\/www.natalsesc.com.br\/\" target=\"_blank\" rel=\"noreferrer noopener\">www.natalsesc.com.br<\/a>.<\/p>\n\n\n\n<p><strong><em><u>Servi\u00e7o:<\/u><\/em><\/strong><\/p>\n\n\n\n<p><strong><em>Natal Sesc RJ 2023 \u2013 Maca\u00e9<\/em><\/strong><\/p>\n\n\n\n<p><em>Orquestra Rio Villarm\u00f4nica: 09\/12\/2023, \u00e0s 20h, na Vila do Papai Noel, na Praia Campista. Gr\u00e1tis.<\/em><\/p>\n\n\n\n<p><strong>Confira as cidades que recebem o Natal Sesc RJ 2023:<\/strong><\/p>\n\n\n\n<p>Angra dos Reis<\/p>\n\n\n\n<p>Bom Jesus do Itabapoana<\/p>\n\n\n\n<p>Barra do Pira\u00ed<\/p>\n\n\n\n<p>Cabo Frio<\/p>\n\n\n\n<p>Campos dos Goytacazes<\/p>\n\n\n\n<p>Cardoso Moreira<\/p>\n\n\n\n<p>Casimiro de Abreu<\/p>\n\n\n\n<p>Concei\u00e7\u00e3o de Macabu<\/p>\n\n\n\n<p>Conservat\u00f3ria<\/p>\n\n\n\n<p>S\u00e3o Jo\u00e3o da Barra (Grussa\u00ed)<\/p>\n\n\n\n<p>Guapimirim<\/p>\n\n\n\n<p>Itaperuna<\/p>\n\n\n\n<p>Maca\u00e9<\/p>\n\n\n\n<p>Mangaratiba (e Concei\u00e7\u00e3o de Jacare\u00ed)<\/p>\n\n\n\n<p>Mendes<\/p>\n\n\n\n<p>Miguel Pereira<\/p>\n\n\n\n<p>Miracema<\/p>\n\n\n\n<p>Nova Friburgo<\/p>\n\n\n\n<p>Nova Igua\u00e7u<\/p>\n\n\n\n<p>Para\u00edba do Sul<\/p>\n\n\n\n<p>Paraty<\/p>\n\n\n\n<p>Paty do Alferes<\/p>\n\n\n\n<p>Petr\u00f3polis<\/p>\n\n\n\n<p>Pinheiral<\/p>\n\n\n\n<p>Pira\u00ed<\/p>\n\n\n\n<p>Porci\u00fancula<\/p>\n\n\n\n<p>Rio das Ostras<\/p>\n\n\n\n<p>Rio de Janeiro<\/p>\n\n\n\n<p>S\u00e3o Gon\u00e7alo<\/p>\n\n\n\n<p>S\u00e3o Jo\u00e3o de Meriti<\/p>\n\n\n\n<p>Tangu\u00e1<\/p>\n\n\n\n<p>Teres\u00f3polis<\/p>\n\n\n\n<p>Tr\u00eas Rios<\/p>\n\n\n\n<p>Valen\u00e7a<\/p>\n\n\n\n<p>Vassouras<\/p>\n","protected":false},"excerpt":{"rendered":"<p>Neste s\u00e1bado (09\/12), a cidade de Maca\u00e9 recebe mais uma atra\u00e7\u00e3o do Natal Sesc RJ 2023 \u2013&nbsp;apresenta\u00e7\u00e3o gratuita da&nbsp;Orquestra Rio Villarm\u00f4nica, na Vila do Papai Noel, na Praia Campista,&nbsp;\u00e0s 20h. O Natal Sesc RJ 2023 conta com uma programa\u00e7\u00e3o especial que percorrer\u00e1 35 cidades do estado do Rio de Janeiro,&nbsp;tendo como apoio as prefeituras municipais [&hellip;]<\/p>\n","protected":false},"author":2,"featured_media":14196,"comment_status":"closed","ping_status":"closed","sticky":false,"template":"","format":"standard","meta":{"postBodyCss":"","postBodyMargin":[],"postBodyPadding":[],"postBodyBackground":{"backgroundType":"classic","gradient":""},"footnotes":""},"categories":[86,200,42],"tags":[805,584,156],"class_list":["post-14193","post","type-post","status-publish","format-standard","has-post-thumbnail","hentry","category-cultura","category-evento","category-macae","tag-natal","tag-orquestra","tag-sesc"],"aioseo_notices":[],"_links":{"self":[{"href":"https:\/\/aconteceemmacaeeregiao.com.br\/index.php\/wp-json\/wp\/v2\/posts\/14193","targetHints":{"allow":["GET"]}}],"collection":[{"href":"https:\/\/aconteceemmacaeeregiao.com.br\/index.php\/wp-json\/wp\/v2\/posts"}],"about":[{"href":"https:\/\/aconteceemmacaeeregiao.com.br\/index.php\/wp-json\/wp\/v2\/types\/post"}],"author":[{"embeddable":true,"href":"https:\/\/aconteceemmacaeeregiao.com.br\/index.php\/wp-json\/wp\/v2\/users\/2"}],"replies":[{"embeddable":true,"href":"https:\/\/aconteceemmacaeeregiao.com.br\/index.php\/wp-json\/wp\/v2\/comments?post=14193"}],"version-history":[{"count":0,"href":"https:\/\/aconteceemmacaeeregiao.com.br\/index.php\/wp-json\/wp\/v2\/posts\/14193\/revisions"}],"wp:featuredmedia":[{"embeddable":true,"href":"https:\/\/aconteceemmacaeeregiao.com.br\/index.php\/wp-json\/wp\/v2\/media\/14196"}],"wp:attachment":[{"href":"https:\/\/aconteceemmacaeeregiao.com.br\/index.php\/wp-json\/wp\/v2\/media?parent=14193"}],"wp:term":[{"taxonomy":"category","embeddable":true,"href":"https:\/\/aconteceemmacaeeregiao.com.br\/index.php\/wp-json\/wp\/v2\/categories?post=14193"},{"taxonomy":"post_tag","embeddable":true,"href":"https:\/\/aconteceemmacaeeregiao.com.br\/index.php\/wp-json\/wp\/v2\/tags?post=14193"}],"curies":[{"name":"wp","href":"https:\/\/api.w.org\/{rel}","templated":true}]}}