{"id":14198,"date":"2023-12-07T00:02:43","date_gmt":"2023-12-07T03:02:43","guid":{"rendered":"https:\/\/aconteceemmacaeeregiao.com.br\/?p=14198"},"modified":"2023-12-07T00:02:44","modified_gmt":"2023-12-07T03:02:44","slug":"cabo-frio-recebe-show-gratuitonatal-com-do-re-mi-e-padre-omar","status":"publish","type":"post","link":"https:\/\/aconteceemmacaeeregiao.com.br\/index.php\/2023\/12\/07\/cabo-frio-recebe-show-gratuitonatal-com-do-re-mi-e-padre-omar\/","title":{"rendered":"Cabo Frio recebe show gratuito&#8221;Natal com D\u00f3 R\u00e9 Mi e Padre Omar&#8221;"},"content":{"rendered":"\n<p>Neste s\u00e1bado (09\/12), a cidade de Cabo Frio recebe mais uma atra\u00e7\u00e3o do Natal Sesc RJ 2023 \u2013 o show gratuito &#8220;Natal com D\u00f3 R\u00e9 Mi e Padre Omar&#8221;. A apresenta\u00e7\u00e3o \u00e9 gratuita e acontecer\u00e1&nbsp;em uma carreta-palco, na&nbsp;Pra\u00e7a S\u00e3o&nbsp;Crist\u00f3v\u00e3o,&nbsp;\u00e0s 20h. O Natal Sesc RJ 2023 conta com uma programa\u00e7\u00e3o alusiva repleta de atra\u00e7\u00f5es que percorrer\u00e1 35 cidades do estado do Rio de Janeiro,&nbsp;tendo como apoio as prefeituras municipais e os sindicatos varejistas.<\/p>\n\n\n\n<p>O espet\u00e1culo&nbsp;<a>&#8220;Natal com D\u00f3 R\u00e9 Mi e Padre Omar&#8221;<\/a>&nbsp;\u00e9&nbsp;conduzido pelo Padre Omar Raposo, reitor do Santu\u00e1rio Cristo Redentor, na companhia do Grupo D\u00f3 R\u00e9 Mi, coral que nasceu em uma escola p\u00fablica do Rio e j\u00e1 participou de shows com grandes nomes da m\u00fasica brasileira, como Milton Nascimento, Danilo Caymmi, Bibi Ferreira, Simoninha e Mafalda Minnozzi. O p\u00fablico pode esperar por muita anima\u00e7\u00e3o e emo\u00e7\u00e3o, com efeitos tecnol\u00f3gicos de imagem e som, que prometem encantar os espectadores, e can\u00e7\u00f5es como os cl\u00e1ssicos natalinos Jingle Bells, White Christmas, Noite Feliz, entre outros, al\u00e9m de sucessos do show &#8220;Nossa Voz&#8221;, com m\u00fasicas do Rei Roberto Carlos sobre f\u00e9 e fraternidade.<\/p>\n\n\n\n<p>O munic\u00edpio da Regi\u00e3o dos Lagos inaugurou a decora\u00e7\u00e3o natalina do projeto, no fim de novembro, em pontos importantes da regi\u00e3o.&nbsp;A Avenida Independ\u00eancia, esquina com a Rua B\u00fazios, no bairro Santo Ant\u00f4nio\/ Tamoios, foi contemplada com uma \u00e1rvore de Natal de nove metros de altura, ilumina\u00e7\u00e3o especial em canteiros e em \u00e1rvores naturais, e uma pe\u00e7a tem\u00e1tica instagram\u00e1vel. J\u00e1 a Igreja Matriz Hist\u00f3rica, com ilumina\u00e7\u00e3o c\u00eanica.<\/p>\n\n\n\n<p>&#8220;O Natal Sesc RJ 2023 \u00e9 um dos eventos mais importantes do ano e trazer esse espet\u00e1culo \u00e0 Regi\u00e3o dos Lagos \u00e9 um grande presente para a popula\u00e7\u00e3o e os turistas. Esse tipo de evento fomenta a economia local, o turismo e o lazer&#8221;, afirma Adelson Vargas, presidente do Sindicato do Com\u00e9rcio Varejista&nbsp;de&nbsp;Cabo&nbsp;Frio.<\/p>\n\n\n\n<p>Assim como Cabo Frio, os demais munic\u00edpios tamb\u00e9m recebem uma programa\u00e7\u00e3o art\u00edstica, incluindo concertos de orquestras e solistas, apresenta\u00e7\u00e3o de corais, cenografia natalina e atividades art\u00edsticas diversas, o que provocar\u00e1 intensa movimenta\u00e7\u00e3o econ\u00f4mica, prev\u00ea o presidente do Sistema Fecom\u00e9rcio RJ&nbsp;e&nbsp;Sesc&nbsp;RJ, Antonio Florencio de Queiroz Junior.<\/p>\n\n\n\n<p>&#8220;O Natal Sesc est\u00e1 consolidado no calend\u00e1rio de eventos do Rio de Janeiro porque leva a todas as regi\u00f5es do estado uma programa\u00e7\u00e3o art\u00edstica e de lazer associada a valores como uni\u00e3o, solidariedade e esperan\u00e7a, algo muito apreciado pelo p\u00fablico nesse per\u00edodo do ano. Ao mesmo tempo em que encanta os moradores das cidades, o evento atrai turistas e movimenta o com\u00e9rcio, os servi\u00e7os e toda a cadeia produtiva, gerando emprego, renda e desenvolvimento para o nosso estado&#8221;, diz o dirigente.<\/p>\n\n\n\n<p>A programa\u00e7\u00e3o completa do Natal Sesc RJ 2023 pode ser conferida no site&nbsp;<a href=\"http:\/\/www.natalsesc.com.br\/\" target=\"_blank\" rel=\"noreferrer noopener\">www.natalsesc.com.br<\/a>.<\/p>\n\n\n\n<p><strong>Natal Lixo Zero<\/strong><\/p>\n\n\n\n<p>Uma parceria entre o Sesc RJ e o Instituto Fecom\u00e9rcio de Sustentabilidade permitir\u00e1 realizar o evento sem impactos ao meio ambiente. Ao todo, 25 sensibilizadores ambientais estar\u00e3o em cinco cidades para representar as regi\u00f5es do estado: Teres\u00f3polis, Cabo Frio, Angra dos Reis, S\u00e3o Gon\u00e7alo e Campos. Cooperativas de catadores ser\u00e3o contratados para recolher os res\u00edduos s\u00f3lidos gerados nos espet\u00e1culos. Tamb\u00e9m haver\u00e1 campanha sobre educa\u00e7\u00e3o ambiental e doa\u00e7\u00e3o de roupas, visando reaproveitamento&nbsp;e&nbsp;reciclagem.<\/p>\n\n\n\n<p><strong><em><u>Servi\u00e7o:<\/u><\/em><\/strong><\/p>\n\n\n\n<p><strong><em>Natal Sesc RJ 2023 \u2013 Cabo Frio<\/em><\/strong><\/p>\n\n\n\n<p><em>Show&nbsp;<a>&#8220;Natal com D\u00f3 R\u00e9 Mi e Padre Omar&#8221;<\/a>: 09\/12\/2023, \u00e0s 20h, na Pra\u00e7a S\u00e3o Crist\u00f3v\u00e3o. Gr\u00e1tis.<\/em><\/p>\n\n\n\n<p><strong>Confira as cidades que recebem o Natal Sesc RJ 2023:<\/strong><\/p>\n\n\n\n<p>Angra dos Reis<\/p>\n\n\n\n<p>Bom Jesus do Itabapoana<\/p>\n\n\n\n<p>Barra do Pira\u00ed<\/p>\n\n\n\n<p>Cabo Frio<\/p>\n\n\n\n<p>Campos dos Goytacazes<\/p>\n\n\n\n<p>Cardoso Moreira<\/p>\n\n\n\n<p>Casimiro de Abreu<\/p>\n\n\n\n<p>Concei\u00e7\u00e3o de Macabu<\/p>\n\n\n\n<p>Conservat\u00f3ria<\/p>\n\n\n\n<p>S\u00e3o Jo\u00e3o da Barra (Grussa\u00ed)<\/p>\n\n\n\n<p>Guapimirim<\/p>\n\n\n\n<p>Itaperuna<\/p>\n\n\n\n<p>Maca\u00e9<\/p>\n\n\n\n<p>Mangaratiba (e Concei\u00e7\u00e3o de Jacare\u00ed)<\/p>\n\n\n\n<p>Mendes<\/p>\n\n\n\n<p>Miguel Pereira<\/p>\n\n\n\n<p>Miracema<\/p>\n\n\n\n<p>Nova Friburgo<\/p>\n\n\n\n<p>Nova Igua\u00e7u<\/p>\n\n\n\n<p>Para\u00edba do Sul<\/p>\n\n\n\n<p>Paraty<\/p>\n\n\n\n<p>Paty do Alferes<\/p>\n\n\n\n<p>Petr\u00f3polis<\/p>\n\n\n\n<p>Pinheiral<\/p>\n\n\n\n<p>Pira\u00ed<\/p>\n\n\n\n<p>Porci\u00fancula<\/p>\n\n\n\n<p>Rio das Ostras<\/p>\n\n\n\n<p>Rio de Janeiro<\/p>\n\n\n\n<p>S\u00e3o Gon\u00e7alo<\/p>\n\n\n\n<p>S\u00e3o Jo\u00e3o de Meriti<\/p>\n\n\n\n<p>Tangu\u00e1<\/p>\n\n\n\n<p>Teres\u00f3polis<\/p>\n\n\n\n<p>Tr\u00eas Rios<\/p>\n\n\n\n<p>Valen\u00e7a<\/p>\n\n\n\n<p>Vassouras<\/p>\n","protected":false},"excerpt":{"rendered":"<p>Neste s\u00e1bado (09\/12), a cidade de Cabo Frio recebe mais uma atra\u00e7\u00e3o do Natal Sesc RJ 2023 \u2013 o show gratuito &#8220;Natal com D\u00f3 R\u00e9 Mi e Padre Omar&#8221;. A apresenta\u00e7\u00e3o \u00e9 gratuita e acontecer\u00e1&nbsp;em uma carreta-palco, na&nbsp;Pra\u00e7a S\u00e3o&nbsp;Crist\u00f3v\u00e3o,&nbsp;\u00e0s 20h. O Natal Sesc RJ 2023 conta com uma programa\u00e7\u00e3o alusiva repleta de atra\u00e7\u00f5es que percorrer\u00e1 [&hellip;]<\/p>\n","protected":false},"author":2,"featured_media":14200,"comment_status":"closed","ping_status":"closed","sticky":false,"template":"","format":"standard","meta":{"postBodyCss":"","postBodyMargin":[],"postBodyPadding":[],"postBodyBackground":{"backgroundType":"classic","gradient":""},"footnotes":""},"categories":[155,86,46,200,43],"tags":[805,156,90],"class_list":["post-14198","post","type-post","status-publish","format-standard","has-post-thumbnail","hentry","category-cabo-frio","category-cultura","category-diversao","category-evento","category-regiao","tag-natal","tag-sesc","tag-shows"],"aioseo_notices":[],"_links":{"self":[{"href":"https:\/\/aconteceemmacaeeregiao.com.br\/index.php\/wp-json\/wp\/v2\/posts\/14198","targetHints":{"allow":["GET"]}}],"collection":[{"href":"https:\/\/aconteceemmacaeeregiao.com.br\/index.php\/wp-json\/wp\/v2\/posts"}],"about":[{"href":"https:\/\/aconteceemmacaeeregiao.com.br\/index.php\/wp-json\/wp\/v2\/types\/post"}],"author":[{"embeddable":true,"href":"https:\/\/aconteceemmacaeeregiao.com.br\/index.php\/wp-json\/wp\/v2\/users\/2"}],"replies":[{"embeddable":true,"href":"https:\/\/aconteceemmacaeeregiao.com.br\/index.php\/wp-json\/wp\/v2\/comments?post=14198"}],"version-history":[{"count":0,"href":"https:\/\/aconteceemmacaeeregiao.com.br\/index.php\/wp-json\/wp\/v2\/posts\/14198\/revisions"}],"wp:featuredmedia":[{"embeddable":true,"href":"https:\/\/aconteceemmacaeeregiao.com.br\/index.php\/wp-json\/wp\/v2\/media\/14200"}],"wp:attachment":[{"href":"https:\/\/aconteceemmacaeeregiao.com.br\/index.php\/wp-json\/wp\/v2\/media?parent=14198"}],"wp:term":[{"taxonomy":"category","embeddable":true,"href":"https:\/\/aconteceemmacaeeregiao.com.br\/index.php\/wp-json\/wp\/v2\/categories?post=14198"},{"taxonomy":"post_tag","embeddable":true,"href":"https:\/\/aconteceemmacaeeregiao.com.br\/index.php\/wp-json\/wp\/v2\/tags?post=14198"}],"curies":[{"name":"wp","href":"https:\/\/api.w.org\/{rel}","templated":true}]}}