{"id":14202,"date":"2023-12-07T00:13:41","date_gmt":"2023-12-07T03:13:41","guid":{"rendered":"https:\/\/aconteceemmacaeeregiao.com.br\/?p=14202"},"modified":"2023-12-07T00:13:42","modified_gmt":"2023-12-07T03:13:42","slug":"pracas-orla-do-bar-do-coco-natal-magia-e-aguas-dancantes-iniciam-agenda-de-fim-de-ano","status":"publish","type":"post","link":"https:\/\/aconteceemmacaeeregiao.com.br\/index.php\/2023\/12\/07\/pracas-orla-do-bar-do-coco-natal-magia-e-aguas-dancantes-iniciam-agenda-de-fim-de-ano\/","title":{"rendered":"Pra\u00e7as, orla do Bar do Coco, Natal Magia e \u00e1guas dan\u00e7antes iniciam agenda de fim de ano"},"content":{"rendered":"\n<p>Uma agenda de eventos recheada de inaugura\u00e7\u00f5es marca o dezembro em Maca\u00e9. Al\u00e9m da abertura do Natal Magia na Praia Campista nesta quinta-feira (7) \u00e0s 19 horas; a programa\u00e7\u00e3o inclui a entrega de obras, equipamentos p\u00fablicos e servi\u00e7os para a popula\u00e7\u00e3o.<\/p>\n\n\n\n<p>&#8220;S\u00e3o entregues inaugura\u00e7\u00f5es para melhorar a qualidade de vida da popula\u00e7\u00e3o e obras que d\u00e3o base para a entrada de Maca\u00e9 em seu novo ciclo de desenvolvimento. Trabalhamos para gerar emprego, o maior projeto social do governo e estamos avan\u00e7ando em diversos setores, em infraestrutura, educa\u00e7\u00e3o, turismo, agroneg\u00f3cio e energia&#8221;, pontuou o prefeito Welberth Rezende.<br><br>Nesta quinta-feira (7) a entrega ser\u00e1 tamb\u00e9m do Centro de Aten\u00e7\u00e3o Psicossocial na Rua da Igualdade, 71, Centro. \u00c0 noite, \u00e0s 19 horas, Maca\u00e9 estar\u00e1 mais iluminada. Uma ambienta\u00e7\u00e3o exclusiva com uma grande \u00e1rvore de Natal central com piso interativo; pres\u00e9pio animatronic e uma bola de neve para os visitantes entrarem fazem parte do cen\u00e1rio instagram\u00e1vel da Vila do Papai Noel, um dos pontos do Natal Magia, na orla da Praia Campista.<br><br>Haver\u00e1 \u00e1rvores de Natal tamb\u00e9m no Mirante da Lagoa, Praia dos Cavaleiros, Imbetiba, Avenida Evaldo Costa (canteiro da via), Centro (em frente \u00e0 prefeitura), Aroeira (Ciep), Barra de Maca\u00e9 (cal\u00e7ada virada para rodovia), Nova Holanda (pra\u00e7a), Parque Aeroporto, Lagomar, Ajuda (rotat\u00f3ria), Sana (pr\u00f3ximo ao campo), Frade, Glic\u00e9rio, Bar do Coco e a \u00e1rvore flutuante na Lagoa de Imboassica.<br><br><strong>Bar do Coco ter\u00e1 \u00e1rvore na nova orla<\/strong><br><br>A \u00e1rvore no Bar do Coco vai celebrar a inaugura\u00e7\u00e3o da revitaliza\u00e7\u00e3o da \u00e1rea, no bairro Parque Aeroporto. O empreendimento inclui posto salva-vidas, quiosques com banheiros e cozinha, pergolados (caramanch\u00e3o), rampas e escadas em concreto, ciclovia, parquinho e ponto de \u00f4nibus. O investimento no valor de quase R$ 6 milh\u00f5es tem o objetivo de oferecer novos espa\u00e7os \u00e0 sociedade, tanto para uso cotidiano, quanto para eventos. A nova orla do Bar do Coco ser\u00e1 entregue no s\u00e1bado (9) \u00e0s 18 horas.<br><br>J\u00e1 a \u00e1rvore flutuante da Lagoa de Imboassica vai celebrar o Natal junto com o espet\u00e1culo das \u00e1guas dan\u00e7antes, que promete viralizar nas redes sociais como uma pr\u00e9via do R\u00e9veillon. O show das \u00e1guas dan\u00e7antes ter\u00e1 16 datas at\u00e9 primeiro de janeiro. A primeira apresenta\u00e7\u00e3o ser\u00e1 nesta sexta-feira (8) \u00e0s 21 horas.<br><br>No s\u00e1bado (9) o Natal Solid\u00e1rio chega no distrito de C\u00f3rrego do Ouro \u00e0s 14 horas com distribui\u00e7\u00e3o de brinquedos e o Papai Noel para a alegria da crian\u00e7ada.<br><br><strong>Pra\u00e7a Nova Esperan\u00e7a e Pra\u00e7a Nova Holanda ser\u00e3o inauguradas<\/strong><br><br>Outra entrega na sexta-feira (8) ser\u00e1 o wi-fi na Pra\u00e7a Washington Luiz, no Centro, \u00e0s 9 horas, a medida visa garantir \u00e0 popula\u00e7\u00e3o o acesso gratuito \u00e0 internet de qualidade. Em seguida, \u00e0s 10h30, o compromisso \u00e9 na Pra\u00e7a da Nova Esperan\u00e7a. A nova pra\u00e7a \u00e9 composta por campo de futebol (1.788,60 m\u00b2), pista de skate, tr\u00eas quiosques, playground, \u00e1rea com mesa para jogos e academia para a melhor idade.<br><br>A nova pra\u00e7a est\u00e1 localizada na Rua Estaleiro, em uma \u00e1rea p\u00fablica em que antes havia um campo de areia informal cercado com pneus. &#8220;O novo espa\u00e7o viabilizar\u00e1 maior qualidade de vida para a popula\u00e7\u00e3o local, com uma \u00e1rea que poder\u00e1 ser utilizada para diversas atividades de lazer e esporte, e realiza\u00e7\u00e3o de eventos comunit\u00e1rios&#8221;, detalhou o Secret\u00e1rio Adjunto de Obras, Felipe Bastos, acrescentando que a pra\u00e7a ter\u00e1 8.350 m\u00b2 de \u00e1rea urbanizada.<br><br>J\u00e1 na entrada do bairro Nova Holanda a pra\u00e7a ser\u00e1 inaugurada na quinta-feira (14), \u00e0s 10 horas. Localizada \u00e0s margens do Canal Campos-Maca\u00e9, o novo espa\u00e7o urbano \u00e9 composto por quadra poliesportiva, tr\u00eas quiosques, playground, \u00e1rea com mesas para jogos e academia para a terceira idade. Anteriormente no local existia uma pra\u00e7a que estava em est\u00e1gio avan\u00e7ado de degrada\u00e7\u00e3o. Ap\u00f3s a entrega do novo equipamento urbano ser\u00e3o 2.180 m\u00b2 destinados \u00e0 melhoria da qualidade da infraestrutura local.<br><br>Al\u00e9m desses, novos equipamentos p\u00fablicos ser\u00e3o entregues pelo governo municipal nos pr\u00f3ximos dias. Confira a programa\u00e7\u00e3o<br><br>Quinta-feira (14)<br><br>10h &#8211; Pra\u00e7a da Nova Holanda<br><br>Sexta-feira (15)<br><br>17h &#8211; CriaSana<br><br>S\u00e1bado (16)<br><br>14h &#8211; Natal Solid\u00e1rio<br><br>Ter\u00e7a-feira (19)<br><br>10h &#8211; Sede da Coordenadoria Especial de Vigil\u00e2ncia Ambiental em Sa\u00fade (Cevas)<br><br>Quarta-feira (20)<br><br>10h &#8211; ESF Barra Bras\u00edlia<br><br>11h &#8211; Est\u00e1dio Cl\u00e1udio Moacyr de Azevedo<\/p>\n","protected":false},"excerpt":{"rendered":"<p>Uma agenda de eventos recheada de inaugura\u00e7\u00f5es marca o dezembro em Maca\u00e9. Al\u00e9m da abertura do Natal Magia na Praia Campista nesta quinta-feira (7) \u00e0s 19 horas; a programa\u00e7\u00e3o inclui a entrega de obras, equipamentos p\u00fablicos e servi\u00e7os para a popula\u00e7\u00e3o. &#8220;S\u00e3o entregues inaugura\u00e7\u00f5es para melhorar a qualidade de vida da popula\u00e7\u00e3o e obras que [&hellip;]<\/p>\n","protected":false},"author":2,"featured_media":14204,"comment_status":"closed","ping_status":"closed","sticky":false,"template":"","format":"standard","meta":{"postBodyCss":"","postBodyMargin":[],"postBodyPadding":[],"postBodyBackground":{"backgroundType":"classic","gradient":""},"footnotes":""},"categories":[46,200,42],"tags":[805,825,271],"class_list":["post-14202","post","type-post","status-publish","format-standard","has-post-thumbnail","hentry","category-diversao","category-evento","category-macae","tag-natal","tag-orla","tag-praia-campista"],"aioseo_notices":[],"_links":{"self":[{"href":"https:\/\/aconteceemmacaeeregiao.com.br\/index.php\/wp-json\/wp\/v2\/posts\/14202","targetHints":{"allow":["GET"]}}],"collection":[{"href":"https:\/\/aconteceemmacaeeregiao.com.br\/index.php\/wp-json\/wp\/v2\/posts"}],"about":[{"href":"https:\/\/aconteceemmacaeeregiao.com.br\/index.php\/wp-json\/wp\/v2\/types\/post"}],"author":[{"embeddable":true,"href":"https:\/\/aconteceemmacaeeregiao.com.br\/index.php\/wp-json\/wp\/v2\/users\/2"}],"replies":[{"embeddable":true,"href":"https:\/\/aconteceemmacaeeregiao.com.br\/index.php\/wp-json\/wp\/v2\/comments?post=14202"}],"version-history":[{"count":0,"href":"https:\/\/aconteceemmacaeeregiao.com.br\/index.php\/wp-json\/wp\/v2\/posts\/14202\/revisions"}],"wp:featuredmedia":[{"embeddable":true,"href":"https:\/\/aconteceemmacaeeregiao.com.br\/index.php\/wp-json\/wp\/v2\/media\/14204"}],"wp:attachment":[{"href":"https:\/\/aconteceemmacaeeregiao.com.br\/index.php\/wp-json\/wp\/v2\/media?parent=14202"}],"wp:term":[{"taxonomy":"category","embeddable":true,"href":"https:\/\/aconteceemmacaeeregiao.com.br\/index.php\/wp-json\/wp\/v2\/categories?post=14202"},{"taxonomy":"post_tag","embeddable":true,"href":"https:\/\/aconteceemmacaeeregiao.com.br\/index.php\/wp-json\/wp\/v2\/tags?post=14202"}],"curies":[{"name":"wp","href":"https:\/\/api.w.org\/{rel}","templated":true}]}}