{"id":14206,"date":"2023-12-07T00:19:03","date_gmt":"2023-12-07T03:19:03","guid":{"rendered":"https:\/\/aconteceemmacaeeregiao.com.br\/?p=14206"},"modified":"2023-12-07T00:19:03","modified_gmt":"2023-12-07T03:19:03","slug":"campanha-natal-solidario-ja-recebe-doacoes","status":"publish","type":"post","link":"https:\/\/aconteceemmacaeeregiao.com.br\/index.php\/2023\/12\/07\/campanha-natal-solidario-ja-recebe-doacoes\/","title":{"rendered":"Campanha &#8216;Natal Solid\u00e1rio&#8217; j\u00e1 recebe doa\u00e7\u00f5es"},"content":{"rendered":"\n<p>Servidores que atuam nas secretarias e \u00f3rg\u00e3os municipais come\u00e7aram a realizar a entrega dos brinquedos para a campanha Natal Solid\u00e1rio. Nesta ter\u00e7a-feira (05), foi a vez da doa\u00e7\u00e3o na sede da Secretaria Municipal Adjunta de Obras e da Macaeprev. Os brinquedos foram recebidos pela primeira dama e coordenadora do Pr\u00f3-bem, Quelen Rezende.<br><\/p>\n\n\n\n<p>Os brinquedos doados para a campanha ser\u00e3o sorteados em dois pontos: s\u00e1bado (9), no campo de futebol do C\u00f3rrego do Ouro; e no dia 16, no Parque de Exposi\u00e7\u00f5es Latiff Mussi, das 14h \u00e0s 19h. Al\u00e9m da entrega, os dois locais contar\u00e3o com a chegada do Papai Noel, recrea\u00e7\u00e3o, brinquedos infl\u00e1veis e personagens, que prometem fazer a alegria dos participantes.<br><br>Neste s\u00e1bado as fam\u00edlias tamb\u00e9m ter\u00e3o a oportunidade de participarem de atividades como a a\u00e7\u00e3o educativa da equipe de Odontologia da Coordenadora de Odontopediatria e Sa\u00fade Coletiva da Secretaria de Sa\u00fade, o trabalho de educa\u00e7\u00e3o no tr\u00e2nsito da Secretaria de Mobilidade Urbana, e orienta\u00e7\u00f5es de emerg\u00eancia como manobra de engasgo com a Defesa Civil e se divertir com as apresenta\u00e7\u00f5es do personagens do Picnic do Glaubinho.<br><br>Acompanhada pelo filho Lucas, durante as entregas desta ter\u00e7a-feira, Quelen Rezende, agradeceu o empenho dos servidores e da comunidade.<br><\/p>\n\n\n\n<blockquote class=\"wp-block-quote is-layout-flow wp-block-quote-is-layout-flow\">\n<p>&#8220;Esta \u00e9 a terceira edi\u00e7\u00e3o e estamos muito entusiasmados. Nossa equipe trabalha o ano todo com a solidariedade em prol das pessoas que passam dificuldades. Todos os servidores est\u00e3o convidados para as programa\u00e7\u00f5es dos dias 9 e 16, que ser\u00e3o festas para as fam\u00edlias e a oportunidade de verem as doa\u00e7\u00f5es sendo distribu\u00eddas&#8221;, ressaltou.<\/p>\n<\/blockquote>\n\n\n\n<p>Ela lembrou que o filho fez quest\u00e3o de estar na distribui\u00e7\u00e3o.<\/p>\n\n\n\n<blockquote class=\"wp-block-quote is-layout-flow wp-block-quote-is-layout-flow\">\n<p>&#8220;\u00c9 bom ver a doa\u00e7\u00e3o. Quem tem filhos, sobrinhos ou netos sabe que o brinquedo agu\u00e7a os sonhos e o imagin\u00e1rio&#8221;, falou Quelen.<\/p>\n<\/blockquote>\n\n\n\n<p>Durante a entrega na sede da Secretaria Adjunta de Obras os servidores fizeram quest\u00e3o de interagir e expor os brinquedos. Estiveram presentes o Secret\u00e1rio de Infraestrutura, Santiago Borges de Almeida Gomes; e o Secret\u00e1rio Adjunto de Obras, Felipe Bastos.<\/p>\n\n\n\n<blockquote class=\"wp-block-quote is-layout-flow wp-block-quote-is-layout-flow\">\n<p>&#8220;A doa\u00e7\u00e3o e o bem fazem a diferen\u00e7a, principalmente nesta \u00e9poca de Natal. \u00c9 muito bom ver a doa\u00e7\u00e3o e ajuda dos servidores&#8221;, pontuou Santiago.<\/p>\n<\/blockquote>\n\n\n\n<p>J\u00e1 Felipe Bastos destacou que \u00e9 muito bom ver a participa\u00e7\u00e3o da secretaria na campanha.<\/p>\n\n\n\n<blockquote class=\"wp-block-quote is-layout-flow wp-block-quote-is-layout-flow\">\n<p>&#8220;A doa\u00e7\u00e3o contribui para a vida das pessoas. Ficamos felizes em ver a alegria dos que recebem e o amor e generosidade daqueles que doam&#8221;, contou.<\/p>\n<\/blockquote>\n\n\n\n<p>J\u00e1 na sede do Instituto de Previd\u00eancia Social do Munic\u00edpio de Maca\u00e9 (Macaeprev), os trabalhadores tamb\u00e9m se reuniram para a distribui\u00e7\u00e3o. De acordo com a servidora Adriana Tavares, desde o in\u00edcio da campanha os funcion\u00e1rios fazem quest\u00e3o de ajudar.<\/p>\n\n\n\n<blockquote class=\"wp-block-quote is-layout-flow wp-block-quote-is-layout-flow\">\n<p>&#8220;\u00c9 bonito, a sensa\u00e7\u00e3o \u00e9 indescrit\u00edvel. \u00c9 muito bom arrecadar brinquedos e poder ver e saber da alegria da distribui\u00e7\u00e3o&#8221;, contou.<\/p>\n<\/blockquote>\n\n\n\n<p><strong>Pontos de arrecada\u00e7\u00e3o<br><\/strong>Os pontos de arrecada\u00e7\u00e3o deste ano s\u00e3o: a sede da Prefeitura de Maca\u00e9, o Centro Administrativo Luiz Os\u00f3rio (Cealo), a Cidade Universit\u00e1ria, o Instituto Nossa Senhora da Gl\u00f3ria (Castelo), a Igreja Santo Ant\u00f4nio, o Shopping Plaza Maca\u00e9 e a empresa Remax Ess\u00eancia, que funciona ao lado da igreja Nossa Senhora da Gl\u00f3ria. Na Regi\u00e3o Serrana as doa\u00e7\u00f5es podem ser feitas na Associa\u00e7\u00e3o de Moradores de C\u00f3rrego do Ouro e na Academia da Associa\u00e7\u00e3o de Moradores de Glic\u00e9rio.<\/p>\n\n\n\n<p>Quem quiser saber mais sobre a doa\u00e7\u00e3o pode acessar as redes sociais do Pr\u00f3-bem.<\/p>\n\n\n\n<p><em><a href=\"https:\/\/macae.rj.gov.br\/noticias\/leitura\/noticia\/macae-e-destaque-em-campeonato-estadual-de-kickboxing\" title=\"\">Fonte Secom C\u00e2mara de Maca\u00e9<\/a><\/em><\/p>\n","protected":false},"excerpt":{"rendered":"<p>Servidores que atuam nas secretarias e \u00f3rg\u00e3os municipais come\u00e7aram a realizar a entrega dos brinquedos para a campanha Natal Solid\u00e1rio. Nesta ter\u00e7a-feira (05), foi a vez da doa\u00e7\u00e3o na sede da Secretaria Municipal Adjunta de Obras e da Macaeprev. Os brinquedos foram recebidos pela primeira dama e coordenadora do Pr\u00f3-bem, Quelen Rezende. Os brinquedos doados [&hellip;]<\/p>\n","protected":false},"author":2,"featured_media":14208,"comment_status":"closed","ping_status":"closed","sticky":false,"template":"","format":"standard","meta":{"postBodyCss":"","postBodyMargin":[],"postBodyPadding":[],"postBodyBackground":{"backgroundType":"classic","gradient":""},"footnotes":""},"categories":[42],"tags":[540,805],"class_list":["post-14206","post","type-post","status-publish","format-standard","has-post-thumbnail","hentry","category-macae","tag-doacao","tag-natal"],"aioseo_notices":[],"_links":{"self":[{"href":"https:\/\/aconteceemmacaeeregiao.com.br\/index.php\/wp-json\/wp\/v2\/posts\/14206","targetHints":{"allow":["GET"]}}],"collection":[{"href":"https:\/\/aconteceemmacaeeregiao.com.br\/index.php\/wp-json\/wp\/v2\/posts"}],"about":[{"href":"https:\/\/aconteceemmacaeeregiao.com.br\/index.php\/wp-json\/wp\/v2\/types\/post"}],"author":[{"embeddable":true,"href":"https:\/\/aconteceemmacaeeregiao.com.br\/index.php\/wp-json\/wp\/v2\/users\/2"}],"replies":[{"embeddable":true,"href":"https:\/\/aconteceemmacaeeregiao.com.br\/index.php\/wp-json\/wp\/v2\/comments?post=14206"}],"version-history":[{"count":0,"href":"https:\/\/aconteceemmacaeeregiao.com.br\/index.php\/wp-json\/wp\/v2\/posts\/14206\/revisions"}],"wp:featuredmedia":[{"embeddable":true,"href":"https:\/\/aconteceemmacaeeregiao.com.br\/index.php\/wp-json\/wp\/v2\/media\/14208"}],"wp:attachment":[{"href":"https:\/\/aconteceemmacaeeregiao.com.br\/index.php\/wp-json\/wp\/v2\/media?parent=14206"}],"wp:term":[{"taxonomy":"category","embeddable":true,"href":"https:\/\/aconteceemmacaeeregiao.com.br\/index.php\/wp-json\/wp\/v2\/categories?post=14206"},{"taxonomy":"post_tag","embeddable":true,"href":"https:\/\/aconteceemmacaeeregiao.com.br\/index.php\/wp-json\/wp\/v2\/tags?post=14206"}],"curies":[{"name":"wp","href":"https:\/\/api.w.org\/{rel}","templated":true}]}}