{"id":14230,"date":"2023-12-08T20:01:41","date_gmt":"2023-12-08T23:01:41","guid":{"rendered":"https:\/\/aconteceemmacaeeregiao.com.br\/?p=14230"},"modified":"2023-12-08T20:01:50","modified_gmt":"2023-12-08T23:01:50","slug":"preso-acusado-de-matar-turista-argentina-em-buzios","status":"publish","type":"post","link":"https:\/\/aconteceemmacaeeregiao.com.br\/index.php\/2023\/12\/08\/preso-acusado-de-matar-turista-argentina-em-buzios\/","title":{"rendered":"Preso acusado de matar turista argentina em B\u00fazios"},"content":{"rendered":"\n<p>Policiais civis da 127\u00aa DP (Arma\u00e7\u00e3o de B\u00fazios) autuaram em flagrante o acusado de matar a turista argentina Florencia Aranguren.<\/p>\n\n\n\n<p>O crime aconteceu em uma praia de B\u00fazios, na Regi\u00e3o dos Lagos. Ap\u00f3s o fato, ele foi contido por populares em um condom\u00ednio da regi\u00e3o e encaminhado \u00e0 delegacia, com o apoio da Pol\u00edcia Militar e da Guarda Municipal.<\/p>\n\n\n\n<p>A 127\u00aa DP reuniu provas t\u00e9cnicas e outras informa\u00e7\u00f5es e confirmou que o autor cometeu o crime. Segundo as investiga\u00e7\u00f5es, ele j\u00e1 foi preso pelos crimes de estupro e roubo no estado de Pernambuco.<\/p>\n\n\n\n<p><em>Por Ascom PCERJ<\/em><\/p>\n","protected":false},"excerpt":{"rendered":"<p>Policiais civis da 127\u00aa DP (Arma\u00e7\u00e3o de B\u00fazios) autuaram em flagrante o acusado de matar a turista argentina Florencia Aranguren. O crime aconteceu em uma praia de B\u00fazios, na Regi\u00e3o dos Lagos. Ap\u00f3s o fato, ele foi contido por populares em um condom\u00ednio da regi\u00e3o e encaminhado \u00e0 delegacia, com o apoio da Pol\u00edcia Militar [&hellip;]<\/p>\n","protected":false},"author":2,"featured_media":13506,"comment_status":"closed","ping_status":"closed","sticky":false,"template":"","format":"standard","meta":{"postBodyCss":"","postBodyMargin":[],"postBodyPadding":[],"postBodyBackground":{"backgroundType":"classic","gradient":""},"footnotes":""},"categories":[168,47,43],"tags":[784,612,120,575,828],"class_list":["post-14230","post","type-post","status-publish","format-standard","has-post-thumbnail","hentry","category-buzios","category-ocorrencias","category-regiao","tag-127-dp","tag-assassinato","tag-mulher","tag-preso","tag-turista"],"aioseo_notices":[],"_links":{"self":[{"href":"https:\/\/aconteceemmacaeeregiao.com.br\/index.php\/wp-json\/wp\/v2\/posts\/14230","targetHints":{"allow":["GET"]}}],"collection":[{"href":"https:\/\/aconteceemmacaeeregiao.com.br\/index.php\/wp-json\/wp\/v2\/posts"}],"about":[{"href":"https:\/\/aconteceemmacaeeregiao.com.br\/index.php\/wp-json\/wp\/v2\/types\/post"}],"author":[{"embeddable":true,"href":"https:\/\/aconteceemmacaeeregiao.com.br\/index.php\/wp-json\/wp\/v2\/users\/2"}],"replies":[{"embeddable":true,"href":"https:\/\/aconteceemmacaeeregiao.com.br\/index.php\/wp-json\/wp\/v2\/comments?post=14230"}],"version-history":[{"count":0,"href":"https:\/\/aconteceemmacaeeregiao.com.br\/index.php\/wp-json\/wp\/v2\/posts\/14230\/revisions"}],"wp:featuredmedia":[{"embeddable":true,"href":"https:\/\/aconteceemmacaeeregiao.com.br\/index.php\/wp-json\/wp\/v2\/media\/13506"}],"wp:attachment":[{"href":"https:\/\/aconteceemmacaeeregiao.com.br\/index.php\/wp-json\/wp\/v2\/media?parent=14230"}],"wp:term":[{"taxonomy":"category","embeddable":true,"href":"https:\/\/aconteceemmacaeeregiao.com.br\/index.php\/wp-json\/wp\/v2\/categories?post=14230"},{"taxonomy":"post_tag","embeddable":true,"href":"https:\/\/aconteceemmacaeeregiao.com.br\/index.php\/wp-json\/wp\/v2\/tags?post=14230"}],"curies":[{"name":"wp","href":"https:\/\/api.w.org\/{rel}","templated":true}]}}