{"id":14240,"date":"2023-12-08T20:15:21","date_gmt":"2023-12-08T23:15:21","guid":{"rendered":"https:\/\/aconteceemmacaeeregiao.com.br\/?p=14240"},"modified":"2023-12-08T20:15:22","modified_gmt":"2023-12-08T23:15:22","slug":"vila-do-papai-noel-e-arvore-iluminada-marcam-abertura-oficial-do-natal-magia","status":"publish","type":"post","link":"https:\/\/aconteceemmacaeeregiao.com.br\/index.php\/2023\/12\/08\/vila-do-papai-noel-e-arvore-iluminada-marcam-abertura-oficial-do-natal-magia\/","title":{"rendered":"Vila do Papai Noel e \u00c1rvore Iluminada marcam abertura oficial do Natal Magia"},"content":{"rendered":"\n<p>As chaves da Vila Encantada Natalina foram oficialmente entregues pelo prefeito Welberth Rezende ao Papai Noel durante a cerim\u00f4nia de abertura oficial do \u201cNatal Magia\u201d, realizada na noite desta quinta-feira (7), no Espa\u00e7o de Conviv\u00eancia da Praia Campista.<\/p>\n\n\n\n<p>O show de fogos, a \u00e1rvore iluminada e o \u201cflashmob\u201d dos ajudantes do Bom Velhinho tamb\u00e9m marcaram a abertura da programa\u00e7\u00e3o especial que reuniu uma verdadeira multid\u00e3o no local que j\u00e1 se tornou tradi\u00e7\u00e3o para as fam\u00edlias da cidade e tamb\u00e9m para quem passa a visitar Maca\u00e9 durante o per\u00edodo de fim de ano.<\/p>\n\n\n\n<blockquote class=\"wp-block-quote is-layout-flow wp-block-quote-is-layout-flow\"><div class=\"wp-block-image\">\n<figure class=\"aligncenter size-large\"><img fetchpriority=\"high\" decoding=\"async\" width=\"1024\" height=\"683\" src=\"https:\/\/aconteceemmacaeeregiao.com.br\/wp-content\/uploads\/2023\/12\/1702042392-1024x683.jpg\" alt=\"\" class=\"wp-image-14246\" srcset=\"https:\/\/aconteceemmacaeeregiao.com.br\/wp-content\/uploads\/2023\/12\/1702042392-1024x683.jpg 1024w, https:\/\/aconteceemmacaeeregiao.com.br\/wp-content\/uploads\/2023\/12\/1702042392-300x200.jpg 300w, https:\/\/aconteceemmacaeeregiao.com.br\/wp-content\/uploads\/2023\/12\/1702042392-768x512.jpg 768w, https:\/\/aconteceemmacaeeregiao.com.br\/wp-content\/uploads\/2023\/12\/1702042392-1200x800.jpg 1200w, https:\/\/aconteceemmacaeeregiao.com.br\/wp-content\/uploads\/2023\/12\/1702042392.jpg 1417w\" sizes=\"(max-width: 1024px) 100vw, 1024px\" \/><\/figure>\n<\/div>\n\n\n<p>\u201cO Natal simboliza um momento de uni\u00e3o, uma nova fase na vida das pessoas que buscam a reconcilia\u00e7\u00e3o, a humildade e a paz. Esse tamb\u00e9m \u00e9 o nosso desejo. De tornar a vida da nossa popula\u00e7\u00e3o cada dia melhor\u201d, disse o prefeito.<\/p>\n<\/blockquote>\n\n\n<div class=\"wp-block-image\">\n<figure class=\"aligncenter size-large\"><img decoding=\"async\" width=\"1024\" height=\"683\" data-src=\"https:\/\/aconteceemmacaeeregiao.com.br\/wp-content\/uploads\/2023\/12\/1702109699-1024x683.jpg\" alt=\"\" class=\"wp-image-14247 lazyload\" data-srcset=\"https:\/\/aconteceemmacaeeregiao.com.br\/wp-content\/uploads\/2023\/12\/1702109699-1024x683.jpg 1024w, https:\/\/aconteceemmacaeeregiao.com.br\/wp-content\/uploads\/2023\/12\/1702109699-300x200.jpg 300w, https:\/\/aconteceemmacaeeregiao.com.br\/wp-content\/uploads\/2023\/12\/1702109699-768x512.jpg 768w, https:\/\/aconteceemmacaeeregiao.com.br\/wp-content\/uploads\/2023\/12\/1702109699-1200x800.jpg 1200w, https:\/\/aconteceemmacaeeregiao.com.br\/wp-content\/uploads\/2023\/12\/1702109699.jpg 1417w\" data-sizes=\"(max-width: 1024px) 100vw, 1024px\" src=\"data:image\/svg+xml;base64,PHN2ZyB3aWR0aD0iMSIgaGVpZ2h0PSIxIiB4bWxucz0iaHR0cDovL3d3dy53My5vcmcvMjAwMC9zdmciPjwvc3ZnPg==\" style=\"--smush-placeholder-width: 1024px; --smush-placeholder-aspect-ratio: 1024\/683;\" \/><\/figure>\n<\/div>\n\n\n<p>A programa\u00e7\u00e3o do Natal Magia tamb\u00e9m segue nesta sexta-feira (8) com a inaugura\u00e7\u00e3o do show das \u00e1guas dan\u00e7antes, a partir das 21h, na Lagoa de Imboassica.<br><a href=\"http:\/\/macae.rj.gov.br\/natalmagia\">Clique aqui e acompanhe a programa\u00e7\u00e3o completa da Vila Natalina<\/a>.<\/p>\n\n\n\n<p><em><a href=\"https:\/\/macae.rj.gov.br\/noticias\/leitura\/noticia\/macae-e-destaque-em-campeonato-estadual-de-kickboxing\" title=\"\">Fonte Secom C\u00e2mara de Maca\u00e9<\/a><\/em><\/p>\n","protected":false},"excerpt":{"rendered":"<p>As chaves da Vila Encantada Natalina foram oficialmente entregues pelo prefeito Welberth Rezende ao Papai Noel durante a cerim\u00f4nia de abertura oficial do \u201cNatal Magia\u201d, realizada na noite desta quinta-feira (7), no Espa\u00e7o de Conviv\u00eancia da Praia Campista. O show de fogos, a \u00e1rvore iluminada e o \u201cflashmob\u201d dos ajudantes do Bom Velhinho tamb\u00e9m marcaram [&hellip;]<\/p>\n","protected":false},"author":2,"featured_media":14245,"comment_status":"closed","ping_status":"closed","sticky":false,"template":"","format":"standard","meta":{"postBodyCss":"","postBodyMargin":[],"postBodyPadding":[],"postBodyBackground":{"backgroundType":"classic","gradient":""},"footnotes":""},"categories":[46,200,42],"tags":[805,829],"class_list":["post-14240","post","type-post","status-publish","format-standard","has-post-thumbnail","hentry","category-diversao","category-evento","category-macae","tag-natal","tag-papai-noel"],"aioseo_notices":[],"_links":{"self":[{"href":"https:\/\/aconteceemmacaeeregiao.com.br\/index.php\/wp-json\/wp\/v2\/posts\/14240","targetHints":{"allow":["GET"]}}],"collection":[{"href":"https:\/\/aconteceemmacaeeregiao.com.br\/index.php\/wp-json\/wp\/v2\/posts"}],"about":[{"href":"https:\/\/aconteceemmacaeeregiao.com.br\/index.php\/wp-json\/wp\/v2\/types\/post"}],"author":[{"embeddable":true,"href":"https:\/\/aconteceemmacaeeregiao.com.br\/index.php\/wp-json\/wp\/v2\/users\/2"}],"replies":[{"embeddable":true,"href":"https:\/\/aconteceemmacaeeregiao.com.br\/index.php\/wp-json\/wp\/v2\/comments?post=14240"}],"version-history":[{"count":0,"href":"https:\/\/aconteceemmacaeeregiao.com.br\/index.php\/wp-json\/wp\/v2\/posts\/14240\/revisions"}],"wp:featuredmedia":[{"embeddable":true,"href":"https:\/\/aconteceemmacaeeregiao.com.br\/index.php\/wp-json\/wp\/v2\/media\/14245"}],"wp:attachment":[{"href":"https:\/\/aconteceemmacaeeregiao.com.br\/index.php\/wp-json\/wp\/v2\/media?parent=14240"}],"wp:term":[{"taxonomy":"category","embeddable":true,"href":"https:\/\/aconteceemmacaeeregiao.com.br\/index.php\/wp-json\/wp\/v2\/categories?post=14240"},{"taxonomy":"post_tag","embeddable":true,"href":"https:\/\/aconteceemmacaeeregiao.com.br\/index.php\/wp-json\/wp\/v2\/tags?post=14240"}],"curies":[{"name":"wp","href":"https:\/\/api.w.org\/{rel}","templated":true}]}}