{"id":14312,"date":"2023-12-15T22:44:25","date_gmt":"2023-12-16T01:44:25","guid":{"rendered":"https:\/\/aconteceemmacaeeregiao.com.br\/?p=14312"},"modified":"2023-12-15T22:44:26","modified_gmt":"2023-12-16T01:44:26","slug":"prefeitura-de-quissama-garante-r-3-milhoes-de-abono-natalino","status":"publish","type":"post","link":"https:\/\/aconteceemmacaeeregiao.com.br\/index.php\/2023\/12\/15\/prefeitura-de-quissama-garante-r-3-milhoes-de-abono-natalino\/","title":{"rendered":"Prefeitura de Quissam\u00e3 garante R$ 3 milh\u00f5es de abono natalino"},"content":{"rendered":"\n<p>A Prefeitura de Quissam\u00e3 vai pagar o abono natalino no valor de R$ 1 mil a todo funcionalismo da Prefeitura e de R$100 para benefici\u00e1rios dos programas sociais em dezembro e janeiro de 2024. O projeto de lei foi aprovado nesta quinta-feira (14) pela C\u00e2mara Municipal.<br><br>O abono para os 2,5 mil servidores da Prefeitura ser\u00e1 pago em duas parcelas e seguir\u00e1 o seguinte formato: R$300 no pagamento de dezembro e R$700 no pagamento do m\u00eas de janeiro. O abono de R$100 dos programas sociais acontece j\u00e1 em dezembro. O investimento \u00e9 de quase R$3 milh\u00f5es na economia local.<br><br>S\u00e3o R$20 milh\u00f5es injetados na economia local somente em dezembro. Al\u00e9m do investimento de mais de R$3 milh\u00f5es no abono &#8211; sendo R$2,5 milh\u00f5es para 2,4 mil servidores e R$550 mil para os Programas Sociais -, s\u00e3o R$ 7 milh\u00f5es do 13\u00ba sal\u00e1rio, R$8 milh\u00f5es da folha de pagamento de dezembro e R$2 milh\u00f5es dos Programas Sociais. A Prefeita F\u00e1tima Pacheco destaca que o objetivo \u00e9 assegurar tamb\u00e9m que todas essas obriga\u00e7\u00f5es sejam cumpridas de maneira respons\u00e1vel.<br><br>&#8220;Conclu\u00edmos uma pauta muito importante ap\u00f3s essa aprova\u00e7\u00e3o da C\u00e2mara. Passamos por uma queda de arrecada\u00e7\u00e3o importante, saindo de R$20 milh\u00f5es para 18, de 18 para 12, de 12 para R$10 milh\u00f5es, mas com ajuste, com responsabilidade, com planejamento, com articula\u00e7\u00e3o, j\u00e1 estamos reerguendo novamente o or\u00e7amento da nossa cidade para poder cumprir com todas as nossas obriga\u00e7\u00f5es e com os servidores do munic\u00edpio a gente est\u00e1 cumprindo sempre&#8221;, destacou.<br><br>O vice-prefeito, Marcelo Batista, ressaltou o pagamento nesta sexta-feira (15) da segunda parcela do d\u00e9cimo terceiro sal\u00e1rio. A primeira foi paga, tamb\u00e9m de forma antecipada, no dia 7 de junho.<br><br>&#8220;\u00c9 uma decis\u00e3o muito importante e, ao lado da antecipa\u00e7\u00e3o do d\u00e9cimo terceiro sal\u00e1rio, \u00e9 uma a\u00e7\u00e3o que vai fortalecer o nosso com\u00e9rcio. Vejo que ser\u00e1 oportunidade tamb\u00e9m de fortalecer o carnaval, quando for receber os R$ 700 no sal\u00e1rio de janeiro, temos oportunidade de fomentar essa nossa festa que sempre foi linda e acolhedora. Vai ser important\u00edssimo na economia do nosso munic\u00edpio e tamb\u00e9m na valoriza\u00e7\u00e3o dos nossos funcion\u00e1rios&#8221;, disse.<\/p>\n\n\n\n<p><em>Por Secom pref Quissam\u00e3<\/em><\/p>\n","protected":false},"excerpt":{"rendered":"<p>A Prefeitura de Quissam\u00e3 vai pagar o abono natalino no valor de R$ 1 mil a todo funcionalismo da Prefeitura e de R$100 para benefici\u00e1rios dos programas sociais em dezembro e janeiro de 2024. O projeto de lei foi aprovado nesta quinta-feira (14) pela C\u00e2mara Municipal. O abono para os 2,5 mil servidores da Prefeitura [&hellip;]<\/p>\n","protected":false},"author":2,"featured_media":14314,"comment_status":"closed","ping_status":"closed","sticky":false,"template":"","format":"standard","meta":{"postBodyCss":"","postBodyMargin":[],"postBodyPadding":[],"postBodyBackground":{"backgroundType":"classic","gradient":""},"footnotes":""},"categories":[50,43],"tags":[834,805,544],"class_list":["post-14312","post","type-post","status-publish","format-standard","has-post-thumbnail","hentry","category-quissama","category-regiao","tag-abono","tag-natal","tag-servidores"],"aioseo_notices":[],"_links":{"self":[{"href":"https:\/\/aconteceemmacaeeregiao.com.br\/index.php\/wp-json\/wp\/v2\/posts\/14312","targetHints":{"allow":["GET"]}}],"collection":[{"href":"https:\/\/aconteceemmacaeeregiao.com.br\/index.php\/wp-json\/wp\/v2\/posts"}],"about":[{"href":"https:\/\/aconteceemmacaeeregiao.com.br\/index.php\/wp-json\/wp\/v2\/types\/post"}],"author":[{"embeddable":true,"href":"https:\/\/aconteceemmacaeeregiao.com.br\/index.php\/wp-json\/wp\/v2\/users\/2"}],"replies":[{"embeddable":true,"href":"https:\/\/aconteceemmacaeeregiao.com.br\/index.php\/wp-json\/wp\/v2\/comments?post=14312"}],"version-history":[{"count":0,"href":"https:\/\/aconteceemmacaeeregiao.com.br\/index.php\/wp-json\/wp\/v2\/posts\/14312\/revisions"}],"wp:featuredmedia":[{"embeddable":true,"href":"https:\/\/aconteceemmacaeeregiao.com.br\/index.php\/wp-json\/wp\/v2\/media\/14314"}],"wp:attachment":[{"href":"https:\/\/aconteceemmacaeeregiao.com.br\/index.php\/wp-json\/wp\/v2\/media?parent=14312"}],"wp:term":[{"taxonomy":"category","embeddable":true,"href":"https:\/\/aconteceemmacaeeregiao.com.br\/index.php\/wp-json\/wp\/v2\/categories?post=14312"},{"taxonomy":"post_tag","embeddable":true,"href":"https:\/\/aconteceemmacaeeregiao.com.br\/index.php\/wp-json\/wp\/v2\/tags?post=14312"}],"curies":[{"name":"wp","href":"https:\/\/api.w.org\/{rel}","templated":true}]}}