{"id":14331,"date":"2023-12-18T23:05:18","date_gmt":"2023-12-19T02:05:18","guid":{"rendered":"https:\/\/aconteceemmacaeeregiao.com.br\/?p=14331"},"modified":"2023-12-18T23:05:18","modified_gmt":"2023-12-19T02:05:18","slug":"reveillon-comeca-cadastro-para-montagem-de-tendas","status":"publish","type":"post","link":"https:\/\/aconteceemmacaeeregiao.com.br\/index.php\/2023\/12\/18\/reveillon-comeca-cadastro-para-montagem-de-tendas\/","title":{"rendered":"R\u00e9veillon: come\u00e7a cadastro para montagem de tendas"},"content":{"rendered":"\n<p>O cadastro para montagem de tendas nas praias do munic\u00edpio durante o R\u00e9veillon come\u00e7ou nesta segunda-feira (18) e prossegue at\u00e9 o dia 29. De acordo com a Coordenadoria Especial de Posturas, as estruturas devem medir at\u00e9 3&#215;3 metros. A autoriza\u00e7\u00e3o ser\u00e1 concedida conforme o n\u00famero de inscritos e respeitando a \u00e1rea de restinga que n\u00e3o pode ser ocupada. O objetivo da Prefeitura de Maca\u00e9 \u00e9 ordenar o espa\u00e7o p\u00fablico.<br><\/p>\n\n\n\n<p>As inscri\u00e7\u00f5es s\u00e3o gratuitas e ser\u00e3o feitas presencialmente, no Setor de Ordenamento e Eventos da Posturas, de segunda a sexta-feira, das 8h \u00e0s 17h, no segundo andar do Centro Administrativo Luiz Os\u00f3rio (Cealo), \u00e0 Avenida Presidente Sodr\u00e9, 466, no Centro da cidade.<br><br>O coordenador de Posturas do munic\u00edpio, Rafael Bartolomeu, destaca que as tendas podem ser instaladas nas praias da Barra, Imbetiba, Cavaleiros e Pecado.<br><br>Os interessados podem ser moradores ou visitantes e precisam apresentar documento de identifica\u00e7\u00e3o pessoal com foto, CPF e indicar, no ato do cadastro, o local desejado para a instala\u00e7\u00e3o da tenda.<br><br>A montagem da estrutura ser\u00e1 permitida somente no dia 31 de dezembro (domingo), a partir das 14h. Fiscais da Postura v\u00e3o acompanhar todo o processo.<br><br>No ato do cadastro, familiares e amigos inscritos receber\u00e3o as orienta\u00e7\u00f5es do que \u00e9 ou n\u00e3o permitido para a instala\u00e7\u00e3o e uso de tenda em toda a extens\u00e3o da orla.<\/p>\n\n\n\n<p><em><a href=\"https:\/\/macae.rj.gov.br\/noticias\/leitura\/noticia\/macae-e-destaque-em-campeonato-estadual-de-kickboxing\" title=\"\">Fonte Secom C\u00e2mara de Maca\u00e9<\/a><\/em><\/p>\n","protected":false},"excerpt":{"rendered":"<p>O cadastro para montagem de tendas nas praias do munic\u00edpio durante o R\u00e9veillon come\u00e7ou nesta segunda-feira (18) e prossegue at\u00e9 o dia 29. De acordo com a Coordenadoria Especial de Posturas, as estruturas devem medir at\u00e9 3&#215;3 metros. A autoriza\u00e7\u00e3o ser\u00e1 concedida conforme o n\u00famero de inscritos e respeitando a \u00e1rea de restinga que n\u00e3o [&hellip;]<\/p>\n","protected":false},"author":2,"featured_media":14332,"comment_status":"closed","ping_status":"closed","sticky":false,"template":"","format":"standard","meta":{"postBodyCss":"","postBodyMargin":[],"postBodyPadding":[],"postBodyBackground":{"backgroundType":"classic","gradient":""},"footnotes":""},"categories":[45,42],"tags":[91,835],"class_list":["post-14331","post","type-post","status-publish","format-standard","has-post-thumbnail","hentry","category-economia","category-macae","tag-reveillon","tag-tendas"],"aioseo_notices":[],"_links":{"self":[{"href":"https:\/\/aconteceemmacaeeregiao.com.br\/index.php\/wp-json\/wp\/v2\/posts\/14331","targetHints":{"allow":["GET"]}}],"collection":[{"href":"https:\/\/aconteceemmacaeeregiao.com.br\/index.php\/wp-json\/wp\/v2\/posts"}],"about":[{"href":"https:\/\/aconteceemmacaeeregiao.com.br\/index.php\/wp-json\/wp\/v2\/types\/post"}],"author":[{"embeddable":true,"href":"https:\/\/aconteceemmacaeeregiao.com.br\/index.php\/wp-json\/wp\/v2\/users\/2"}],"replies":[{"embeddable":true,"href":"https:\/\/aconteceemmacaeeregiao.com.br\/index.php\/wp-json\/wp\/v2\/comments?post=14331"}],"version-history":[{"count":0,"href":"https:\/\/aconteceemmacaeeregiao.com.br\/index.php\/wp-json\/wp\/v2\/posts\/14331\/revisions"}],"wp:featuredmedia":[{"embeddable":true,"href":"https:\/\/aconteceemmacaeeregiao.com.br\/index.php\/wp-json\/wp\/v2\/media\/14332"}],"wp:attachment":[{"href":"https:\/\/aconteceemmacaeeregiao.com.br\/index.php\/wp-json\/wp\/v2\/media?parent=14331"}],"wp:term":[{"taxonomy":"category","embeddable":true,"href":"https:\/\/aconteceemmacaeeregiao.com.br\/index.php\/wp-json\/wp\/v2\/categories?post=14331"},{"taxonomy":"post_tag","embeddable":true,"href":"https:\/\/aconteceemmacaeeregiao.com.br\/index.php\/wp-json\/wp\/v2\/tags?post=14331"}],"curies":[{"name":"wp","href":"https:\/\/api.w.org\/{rel}","templated":true}]}}