{"id":14364,"date":"2023-12-20T22:55:51","date_gmt":"2023-12-21T01:55:51","guid":{"rendered":"https:\/\/aconteceemmacaeeregiao.com.br\/?p=14364"},"modified":"2023-12-20T22:55:51","modified_gmt":"2023-12-21T01:55:51","slug":"programa-quissama-empreendedor-aprova-instalacao-de-nova-empresa-na-zona-especial-de-negocios","status":"publish","type":"post","link":"https:\/\/aconteceemmacaeeregiao.com.br\/index.php\/2023\/12\/20\/programa-quissama-empreendedor-aprova-instalacao-de-nova-empresa-na-zona-especial-de-negocios\/","title":{"rendered":"Programa Quissam\u00e3 Empreendedor aprova instala\u00e7\u00e3o de nova empresa na Zona Especial de Neg\u00f3cios \u00a0"},"content":{"rendered":"\n<p>A secretaria Municipal de Desenvolvimento Econ\u00f4mico, Trabalho e Turismo, via Comiss\u00e3o de An\u00e1lise e Parecer do Programa Quissam\u00e3 Empreendedor, realizou na ter\u00e7a-feira (19) reuni\u00e3o que aprovou o contrato de concess\u00e3o de incentivos e\/ou benef\u00edcios para a instala\u00e7\u00e3o de um polo de produ\u00e7\u00e3o e distribui\u00e7\u00e3o da empresa Guaran\u00e1 Macah\u00e9, na Zona Especial de Neg\u00f3cios (ZEN).<\/p>\n\n\n\n<p>Com expectativa de in\u00edcio das atividades j\u00e1 no primeiro semestre de 2024, a atua\u00e7\u00e3o da empresa no munic\u00edpio trar\u00e1 benef\u00edcios como a utiliza\u00e7\u00e3o da m\u00e3o de obra local, com a gera\u00e7\u00e3o de novas vagas de emprego, e aumento de arrecada\u00e7\u00e3o.<\/p>\n\n\n\n<p>&#8220;O Quissam\u00e3 Empreendedor&#8221; \u00e9 um programa da Prefeitura de Quissam\u00e3, por meio de incentivo e atra\u00e7\u00e3o de empresas, que oferece \u00e1reas destinadas \u00e0 expans\u00e3o industrial para instala\u00e7\u00e3o na ZEN, localizada na RJ -196, nas proximidades da localidade de Conde de Araruama. A chegada da empresa Guaran\u00e1 Macah\u00e9 reafirma a import\u00e2ncia da Zen na promo\u00e7\u00e3o e desenvolvimento para a economia local, com oportunidades e gera\u00e7\u00e3o de empregos&#8221;, afirmou o secret\u00e1rio de Desenvolvimento Econ\u00f4mico, Trabalho e Turismo, Arnaldo Mattoso. &nbsp;<\/p>\n\n\n\n<p>No encontro estavam presentes, al\u00e9m do secret\u00e1rio Arnaldo Mattoso, os diretores fundadores da empresa Guaran\u00e1 Macah\u00e9, Andr\u00e9s Besada e Constantino Rodriguez, e representantes da Comiss\u00e3o de An\u00e1lise e Parecer do Quissam\u00e3 Empreendedor.<\/p>\n\n\n\n<p>&#8220;Al\u00e9m da concess\u00e3o do galp\u00e3o na ZEN, que garante a estrutura f\u00edsica para a nossa atua\u00e7\u00e3o, Quissam\u00e3 est\u00e1 localizada em uma posi\u00e7\u00e3o estrat\u00e9gica, com a proximidade da BR-101, ponto que possibilita a distribui\u00e7\u00e3o para grandes centros consumidores como Rio de Janeiro, Campos dos Goytacazes, tamb\u00e9m com abrang\u00eancia do Esp\u00edrito Santo. \u00c1gua de qualidade e outros insumos, tamb\u00e9m contaram positivamente para a inser\u00e7\u00e3o no Quissam\u00e3 Empreendedor&#8221;, destacou Andr\u00e9s Besada.<\/p>\n\n\n\n<p><em>Fonte Secom Pref Quissam\u00e3<\/em><\/p>\n","protected":false},"excerpt":{"rendered":"<p>A secretaria Municipal de Desenvolvimento Econ\u00f4mico, Trabalho e Turismo, via Comiss\u00e3o de An\u00e1lise e Parecer do Programa Quissam\u00e3 Empreendedor, realizou na ter\u00e7a-feira (19) reuni\u00e3o que aprovou o contrato de concess\u00e3o de incentivos e\/ou benef\u00edcios para a instala\u00e7\u00e3o de um polo de produ\u00e7\u00e3o e distribui\u00e7\u00e3o da empresa Guaran\u00e1 Macah\u00e9, na Zona Especial de Neg\u00f3cios (ZEN). Com [&hellip;]<\/p>\n","protected":false},"author":2,"featured_media":14366,"comment_status":"closed","ping_status":"closed","sticky":false,"template":"","format":"standard","meta":{"postBodyCss":"","postBodyMargin":[],"postBodyPadding":[],"postBodyBackground":{"backgroundType":"classic","gradient":""},"footnotes":""},"categories":[45,81,50,43],"tags":[250,261],"class_list":["post-14364","post","type-post","status-publish","format-standard","has-post-thumbnail","hentry","category-economia","category-empreendedorismo","category-quissama","category-regiao","tag-empresario","tag-empresas"],"aioseo_notices":[],"_links":{"self":[{"href":"https:\/\/aconteceemmacaeeregiao.com.br\/index.php\/wp-json\/wp\/v2\/posts\/14364","targetHints":{"allow":["GET"]}}],"collection":[{"href":"https:\/\/aconteceemmacaeeregiao.com.br\/index.php\/wp-json\/wp\/v2\/posts"}],"about":[{"href":"https:\/\/aconteceemmacaeeregiao.com.br\/index.php\/wp-json\/wp\/v2\/types\/post"}],"author":[{"embeddable":true,"href":"https:\/\/aconteceemmacaeeregiao.com.br\/index.php\/wp-json\/wp\/v2\/users\/2"}],"replies":[{"embeddable":true,"href":"https:\/\/aconteceemmacaeeregiao.com.br\/index.php\/wp-json\/wp\/v2\/comments?post=14364"}],"version-history":[{"count":0,"href":"https:\/\/aconteceemmacaeeregiao.com.br\/index.php\/wp-json\/wp\/v2\/posts\/14364\/revisions"}],"wp:featuredmedia":[{"embeddable":true,"href":"https:\/\/aconteceemmacaeeregiao.com.br\/index.php\/wp-json\/wp\/v2\/media\/14366"}],"wp:attachment":[{"href":"https:\/\/aconteceemmacaeeregiao.com.br\/index.php\/wp-json\/wp\/v2\/media?parent=14364"}],"wp:term":[{"taxonomy":"category","embeddable":true,"href":"https:\/\/aconteceemmacaeeregiao.com.br\/index.php\/wp-json\/wp\/v2\/categories?post=14364"},{"taxonomy":"post_tag","embeddable":true,"href":"https:\/\/aconteceemmacaeeregiao.com.br\/index.php\/wp-json\/wp\/v2\/tags?post=14364"}],"curies":[{"name":"wp","href":"https:\/\/api.w.org\/{rel}","templated":true}]}}