{"id":14373,"date":"2023-12-20T23:07:35","date_gmt":"2023-12-21T02:07:35","guid":{"rendered":"https:\/\/aconteceemmacaeeregiao.com.br\/?p=14373"},"modified":"2023-12-20T23:07:36","modified_gmt":"2023-12-21T02:07:36","slug":"elba-ramalho-e-ferrugem-serao-as-atracoes-do-reveillon","status":"publish","type":"post","link":"https:\/\/aconteceemmacaeeregiao.com.br\/index.php\/2023\/12\/20\/elba-ramalho-e-ferrugem-serao-as-atracoes-do-reveillon\/","title":{"rendered":"Elba Ramalho e Ferrugem ser\u00e3o as atra\u00e7\u00f5es do R\u00e9veillon"},"content":{"rendered":"\n<p>Uma das mais aclamadas int\u00e9rpretes da m\u00fasica brasileira, a cantora Elba Ramalho ser\u00e1 a atra\u00e7\u00e3o principal da Praia dos Cavaleiros para o R\u00e9veillon 2024. O astro do pagode Ferrugem comanda a festa da virada na Praia da Barra.<\/p>\n\n\n\n<blockquote class=\"wp-block-quote is-layout-flow wp-block-quote-is-layout-flow\">\n<p>&#8220;Come\u00e7ou a contagem regressiva para o R\u00e9veillon mais alegre que Maca\u00e9 j\u00e1 viu, com queima de fogos com 50% a menos de ru\u00eddo pensando em pessoas com hipersensibilidade auditiva, crian\u00e7as que se incomodam com ru\u00eddos e pets&#8221;, destacou o prefeito Welberth Rezende.<\/p>\n<\/blockquote>\n\n\n\n<p>Elba promete apresentar seu show de ver\u00e3o com bailarinos, muita alegria, ilumina\u00e7\u00e3o especial, cor e dan\u00e7a. Um dos destaques da carreira da cantora e compositora foi em 2018: em uma das suas maiores maratonas de Carnaval, Elba lan\u00e7ou em S\u00e3o Paulo o trio el\u00e9trico Frevo Mulher. E em Recife, bateu seu recorde em tempo de desfile no Galo da Madrugada: 7 horas e meia.<\/p>\n\n\n\n<p>Em 2005, Elba \u00e9 empossada na Academia Feminina de Letras e Artes da Para\u00edba, ocupando a cadeira n\u00famero 36, que tem como patrona a musicista Maria das Merc\u00eas de Ara\u00fajo Gambarra.<\/p>\n\n\n\n<p>Ferrugem lan\u00e7ou neste ano o \u00e1lbum &#8220;Interessante&#8221;, tracklist composta por 11 can\u00e7\u00f5es \u2013 sete in\u00e9ditas e uma regrava\u00e7\u00e3o -, al\u00e9m dos hits &#8220;Saudade&#8221;, &#8220;Me Perdoa&#8221; (com Lu\u00edsa Sonza e IZA, respectivamente) e a faixa-t\u00edtulo, que atualmente figura entre as preferidas do p\u00fablico no cat\u00e1logo do artista. Este \u00e9 o primeiro registro de est\u00fadio lan\u00e7ado por ele desde &#8220;Abre Alas&#8221;, de 2020.<\/p>\n\n\n\n<p>O carioca bate recordes na m\u00fasica. Ferrugem \u00e9 o artista de pagode mais seguido no Spotify e promete embalar cora\u00e7\u00f5es apaixonados com seu pagode e hist\u00f3rias que passeiam por tem\u00e1ticas e cen\u00e1rios diversos.<\/p>\n\n\n\n<p><em><a href=\"https:\/\/macae.rj.gov.br\/noticias\/leitura\/noticia\/macae-e-destaque-em-campeonato-estadual-de-kickboxing\" title=\"\">Fonte Secom C\u00e2mara de Maca\u00e9<\/a><\/em><\/p>\n","protected":false},"excerpt":{"rendered":"<p>Uma das mais aclamadas int\u00e9rpretes da m\u00fasica brasileira, a cantora Elba Ramalho ser\u00e1 a atra\u00e7\u00e3o principal da Praia dos Cavaleiros para o R\u00e9veillon 2024. O astro do pagode Ferrugem comanda a festa da virada na Praia da Barra. &#8220;Come\u00e7ou a contagem regressiva para o R\u00e9veillon mais alegre que Maca\u00e9 j\u00e1 viu, com queima de fogos [&hellip;]<\/p>\n","protected":false},"author":2,"featured_media":14375,"comment_status":"closed","ping_status":"closed","sticky":false,"template":"","format":"standard","meta":{"postBodyCss":"","postBodyMargin":[],"postBodyPadding":[],"postBodyBackground":{"backgroundType":"classic","gradient":""},"footnotes":""},"categories":[46,200,42],"tags":[91,90],"class_list":["post-14373","post","type-post","status-publish","format-standard","has-post-thumbnail","hentry","category-diversao","category-evento","category-macae","tag-reveillon","tag-shows"],"aioseo_notices":[],"_links":{"self":[{"href":"https:\/\/aconteceemmacaeeregiao.com.br\/index.php\/wp-json\/wp\/v2\/posts\/14373","targetHints":{"allow":["GET"]}}],"collection":[{"href":"https:\/\/aconteceemmacaeeregiao.com.br\/index.php\/wp-json\/wp\/v2\/posts"}],"about":[{"href":"https:\/\/aconteceemmacaeeregiao.com.br\/index.php\/wp-json\/wp\/v2\/types\/post"}],"author":[{"embeddable":true,"href":"https:\/\/aconteceemmacaeeregiao.com.br\/index.php\/wp-json\/wp\/v2\/users\/2"}],"replies":[{"embeddable":true,"href":"https:\/\/aconteceemmacaeeregiao.com.br\/index.php\/wp-json\/wp\/v2\/comments?post=14373"}],"version-history":[{"count":0,"href":"https:\/\/aconteceemmacaeeregiao.com.br\/index.php\/wp-json\/wp\/v2\/posts\/14373\/revisions"}],"wp:featuredmedia":[{"embeddable":true,"href":"https:\/\/aconteceemmacaeeregiao.com.br\/index.php\/wp-json\/wp\/v2\/media\/14375"}],"wp:attachment":[{"href":"https:\/\/aconteceemmacaeeregiao.com.br\/index.php\/wp-json\/wp\/v2\/media?parent=14373"}],"wp:term":[{"taxonomy":"category","embeddable":true,"href":"https:\/\/aconteceemmacaeeregiao.com.br\/index.php\/wp-json\/wp\/v2\/categories?post=14373"},{"taxonomy":"post_tag","embeddable":true,"href":"https:\/\/aconteceemmacaeeregiao.com.br\/index.php\/wp-json\/wp\/v2\/tags?post=14373"}],"curies":[{"name":"wp","href":"https:\/\/api.w.org\/{rel}","templated":true}]}}