{"id":14397,"date":"2023-12-27T22:57:16","date_gmt":"2023-12-28T01:57:16","guid":{"rendered":"https:\/\/aconteceemmacaeeregiao.com.br\/?p=14397"},"modified":"2023-12-27T22:57:17","modified_gmt":"2023-12-28T01:57:17","slug":"macae-festa-de-reveillon-contara-com-muitas-atracoes","status":"publish","type":"post","link":"https:\/\/aconteceemmacaeeregiao.com.br\/index.php\/2023\/12\/27\/macae-festa-de-reveillon-contara-com-muitas-atracoes\/","title":{"rendered":"Maca\u00e9: festa de R\u00e9veillon contar\u00e1 com muitas atra\u00e7\u00f5es"},"content":{"rendered":"\n<p>Para brindar a chegada de 2024, a Prefeitura de Maca\u00e9 preparou uma programa\u00e7\u00e3o especial com m\u00fasica e queima de fogos com dura\u00e7\u00e3o de 12 minutos, nas praias dos Cavaleiros e na Barra, com a apresenta\u00e7\u00e3o de Elba Ramalho e Ferrugem, respectivamente. A novidade este ano \u00e9 que os fogos ter\u00e3o 50% menos barulho e estar\u00e3o instalados em balsas que ficar\u00e3o ancoradas a 500 metros da faixa de areia.<\/p>\n\n\n\n<p>A festa come\u00e7a cedo no dia 31, a partir das 19h, com muita m\u00fasica eletr\u00f4nica. Na praia dos Cavaleiros, no palco localizado na Avenida Atl\u00e2ntica esquina com Mar Del Plata,as atra\u00e7\u00f5es s\u00e3o: Elba Rabalho, Glauco Zulo e o DJ Felipe Tanus.<br><br>J\u00e1 no palco da Praia da Barra, montado pr\u00f3ximo ao Iate Clube, a festa ficar\u00e1 por conta de Ferrugem, Bira Bello e o DJ Avellar. O DJ far\u00e1 a abertura dos trabalhos e os intervalos. J\u00e1 a contagem para a chegada do pr\u00f3ximo ano ser\u00e1 com o cantor Ferrugem.<br><br>O secret\u00e1rio adjunto de Turismos, Leonardo Anderson, destaca que al\u00e9m dos grandes shows, os artistas locais se apresentar\u00e3o. \u201cTemos que valorizar as pratas da casa para que possam mostrar todo seu talento num evento com grande p\u00fablico, composto por moradores e turistas\u201d, disse.<br><br>Ele lembra que o esquema operacional j\u00e1 foi alinhado com todos os \u00f3rg\u00e3os de atua\u00e7\u00e3o no evento como Mobilidade, Sa\u00fade, Servi\u00e7os P\u00fablicos, Ordem P\u00fablica, Pol\u00edcia Militar, Defesa Civil, entre outros.<\/p>\n\n\n\n<p><em><a href=\"https:\/\/macae.rj.gov.br\/noticias\/leitura\/noticia\/macae-e-destaque-em-campeonato-estadual-de-kickboxing\" title=\"\">Fonte Secom C\u00e2mara de Maca\u00e9<\/a><\/em><\/p>\n","protected":false},"excerpt":{"rendered":"<p>Para brindar a chegada de 2024, a Prefeitura de Maca\u00e9 preparou uma programa\u00e7\u00e3o especial com m\u00fasica e queima de fogos com dura\u00e7\u00e3o de 12 minutos, nas praias dos Cavaleiros e na Barra, com a apresenta\u00e7\u00e3o de Elba Ramalho e Ferrugem, respectivamente. A novidade este ano \u00e9 que os fogos ter\u00e3o 50% menos barulho e estar\u00e3o [&hellip;]<\/p>\n","protected":false},"author":2,"featured_media":14269,"comment_status":"closed","ping_status":"closed","sticky":false,"template":"","format":"standard","meta":{"postBodyCss":"","postBodyMargin":[],"postBodyPadding":[],"postBodyBackground":{"backgroundType":"classic","gradient":""},"footnotes":""},"categories":[46,200,42],"tags":[91,90],"class_list":["post-14397","post","type-post","status-publish","format-standard","has-post-thumbnail","hentry","category-diversao","category-evento","category-macae","tag-reveillon","tag-shows"],"aioseo_notices":[],"_links":{"self":[{"href":"https:\/\/aconteceemmacaeeregiao.com.br\/index.php\/wp-json\/wp\/v2\/posts\/14397","targetHints":{"allow":["GET"]}}],"collection":[{"href":"https:\/\/aconteceemmacaeeregiao.com.br\/index.php\/wp-json\/wp\/v2\/posts"}],"about":[{"href":"https:\/\/aconteceemmacaeeregiao.com.br\/index.php\/wp-json\/wp\/v2\/types\/post"}],"author":[{"embeddable":true,"href":"https:\/\/aconteceemmacaeeregiao.com.br\/index.php\/wp-json\/wp\/v2\/users\/2"}],"replies":[{"embeddable":true,"href":"https:\/\/aconteceemmacaeeregiao.com.br\/index.php\/wp-json\/wp\/v2\/comments?post=14397"}],"version-history":[{"count":0,"href":"https:\/\/aconteceemmacaeeregiao.com.br\/index.php\/wp-json\/wp\/v2\/posts\/14397\/revisions"}],"wp:featuredmedia":[{"embeddable":true,"href":"https:\/\/aconteceemmacaeeregiao.com.br\/index.php\/wp-json\/wp\/v2\/media\/14269"}],"wp:attachment":[{"href":"https:\/\/aconteceemmacaeeregiao.com.br\/index.php\/wp-json\/wp\/v2\/media?parent=14397"}],"wp:term":[{"taxonomy":"category","embeddable":true,"href":"https:\/\/aconteceemmacaeeregiao.com.br\/index.php\/wp-json\/wp\/v2\/categories?post=14397"},{"taxonomy":"post_tag","embeddable":true,"href":"https:\/\/aconteceemmacaeeregiao.com.br\/index.php\/wp-json\/wp\/v2\/tags?post=14397"}],"curies":[{"name":"wp","href":"https:\/\/api.w.org\/{rel}","templated":true}]}}