{"id":14411,"date":"2023-12-27T23:19:45","date_gmt":"2023-12-28T02:19:45","guid":{"rendered":"https:\/\/aconteceemmacaeeregiao.com.br\/?p=14411"},"modified":"2023-12-27T23:19:46","modified_gmt":"2023-12-28T02:19:46","slug":"programacao-do-sesc-verao-2024-em-rio-das-ostras-e-casimiro-de-abreu-e-apresentada-em-coletiva-de-imprensa","status":"publish","type":"post","link":"https:\/\/aconteceemmacaeeregiao.com.br\/index.php\/2023\/12\/27\/programacao-do-sesc-verao-2024-em-rio-das-ostras-e-casimiro-de-abreu-e-apresentada-em-coletiva-de-imprensa\/","title":{"rendered":"Programa\u00e7\u00e3o do Sesc Ver\u00e3o 2024 em Rio das Ostras e Casimiro de Abreu \u00e9 apresentada em coletiva de imprensa"},"content":{"rendered":"\n<p><em><strong>Atividades recreativas ao ar livre, \u00eddolos do esporte e shows musicais est\u00e3o entre os destaques da agenda nas duas cidades<\/strong><\/em><\/p>\n\n\n\n<p>Nesta quarta-feira (27 de dezembro), foi dada a largada para o Sesc Ver\u00e3o 2024 nas cidades de Rio das Ostras e Casimiro de Abreu, na Regi\u00e3o dos Lagos, o que promete movimentar o turismo e a economia local. Em uma coletiva de imprensa, realizada no dia de hoje, no audit\u00f3rio da Secretaria de Desenvolvimento Econ\u00f4mico e Turismo de Rio das Ostras, foi apresentada a programa\u00e7\u00e3o do projeto nos dois munic\u00edpios, que inclui encontros com experi\u00eancias recreativas, \u00eddolos do esporte, shows de artistas reconhecidos nacionalmente, entre outras surpresas. O Sesc Ver\u00e3o RJ 2024 acontece entre 05 de janeiro e 04 de fevereiro de 2024 em 27 munic\u00edpios do estado, sendo que em Rio das Ostras inicia em 11\/01, e em Casimiro de Abreu, em 20\/01.<\/p>\n\n\n\n<p>Entre as atra\u00e7\u00f5es musicais do Sesc Ver\u00e3o 2024 em Rio das Ostras est\u00e3o os shows de Charlie Brown Jr. (14\/01, no Camping), Toni Garrido (19\/01, no Centro), Frejat (20\/01, no Camping), Alceu Valen\u00e7a (27\/01, no Camping), Leoni (02\/02, no Centro) e Paralamas do Sucesso (04\/02, no Camping). J\u00e1 em Casimiro de Abreu haver\u00e1 os shows de Alceu Valen\u00e7a (21\/01), Ritchie (27\/01), Diogo Nogueira (28\/01) e Frejat (03\/02), todos no Prai\u00e3o de Barra de S\u00e3o Jo\u00e3o. Outro destaque do projeto nas duas cidades s\u00e3o as Arenas, que contar\u00e3o com diversas a\u00e7\u00f5es recreativas ao ar livre destinadas ao p\u00fablico, como torneio de skate, aul\u00f5es de yoga e ritmos, ocupa\u00e7\u00f5es liter\u00e1rias e exposi\u00e7\u00f5es.<\/p>\n\n\n\n<p>No geral, em Rio das Ostras, o p\u00fablico contar\u00e1 com quatro finais de semana de programa\u00e7\u00e3o, totalizando mais de 150 horas de atividades, sendo 36 shows musicais; e em Casimiro de Abreu, tr\u00eas finais de semana, o que dar\u00e1 mais de 60 horas de atividades e um total de 12 shows musicais. Ambas localidades ainda receber\u00e3o atletas medalhistas ol\u00edmpicos. A expectativa da organiza\u00e7\u00e3o do evento \u00e9 de atender mais de 500 mil pessoas com o Sesc Ver\u00e3o 2024 nas duas cidades.<\/p>\n\n\n\n<p>Com o intuito de proporcionar lazer, bem-estar e qualidade de vida aos cidad\u00e3os do estado do Rio, o tema de 2024 ser\u00e1 &#8220;Sesc Ver\u00e3o \u00e9 para todos!\u201d com uma intensa programa\u00e7\u00e3o gratuita e acess\u00edvel, que incluir\u00e1 atra\u00e7\u00f5es voltadas \u00e0 toda a fam\u00edlia, desde experi\u00eancias de lazer, culturais e modalidades esportivas. O projeto conta com o apoio de parceiros locais, como as prefeituras e os sindicatos do com\u00e9rcio a fim de promover o com\u00e9rcio e o desenvolvimento regional, a transforma\u00e7\u00e3o social e o desenvolvimento humano.&nbsp;&nbsp;<\/p>\n\n\n\n<p>\u201c<em>O Sesc Ver\u00e3o RJ \u00e9 um dos eventos mais inclusivos do nosso pa\u00eds. O projeto fomenta o setor de turismo, estimula a economia local, gera qualidade de vida atrav\u00e9s das cl\u00ednicas esportivas e j\u00e1 faz parte do calend\u00e1rio fixo de eventos do nosso estado. Somos muitos gratos pelo apoio fundamental que temos dos nossos sindicatos e da parceria com as prefeituras locais na concretiza\u00e7\u00e3o desse projeto que nos d\u00e1, a cada ano, ainda mais orgulho em ver o quanto podemos transformar a vida de pessoas atrav\u00e9s da sa\u00fade, do bem-estar, do esporte, da cultura e do lazer<\/em>\u201d, ressalta o presidente do Sistema Fecom\u00e9rcio RJ, Ant\u00f4nio Florencio de Queiroz Junior.<\/p>\n\n\n\n<p>O presidente do Sindicom\u00e9rcio da regi\u00e3o, Marcelo Ayres, destaca o Sesc Ver\u00e3o como o principal evento do estado, integrando esporte, arte, entretenimento e cultura.<em> &#8220;Para os empres\u00e1rios assistidos pelo Sindicom\u00e9rcio, representa um incremento significativo, impulsionando o turismo e a circula\u00e7\u00e3o de recursos gra\u00e7as \u00e0 presen\u00e7a das fam\u00edlias que participam do evento. Sem d\u00favida, \u00e9 uma combina\u00e7\u00e3o perfeita que satisfaz a popula\u00e7\u00e3o, ao mesmo tempo em que gera oportunidades de trabalho e aumento na renda local&#8221;,&nbsp;<\/em>explica.<\/p>\n\n\n\n<p><em>\u201cA parceria entre a prefeitura e o Sesc RJ, sem d\u00favidas, foi um grande ganho para Rio das Ostras. O Sesc Ver\u00e3o potencializa os empres\u00e1rios que vivem do turismo na alta temporada e a programa\u00e7\u00e3o variada atrai mais visitantes que utilizam nossa rede hoteleira, gastron\u00f4mica, entre outros setores\u201d,<\/em> pontua Aurora Siqueira, secret\u00e1ria de Desenvolvimento Econ\u00f4mico&nbsp;e&nbsp;Turismo de Rio das Ostras.<\/p>\n\n\n\n<p><em>\u201cEstamos muito animados com esta parceria com o Sesc RJ por mais um ano juntos. \u00c9 um evento que amplia nossa oferta de entretenimento, divulga nossa cultura, d\u00e1 a oportunidade aos nossos jovens e atletas de terem contato com os melhores nomes do esporte brasileiro. Sem contar com a programa\u00e7\u00e3o musical do cen\u00e1rio nacional, o que, consequentemente, atrai mais turistas. Al\u00e9m disso, tamb\u00e9m movimenta a nossa gastronomia e todas as presta\u00e7\u00f5es de servi\u00e7os tur\u00edsticos. Isso gera emprego e renda\u201d,<\/em> diz o prefeito&nbsp;de Casimiro de Abreu, Ramon&nbsp;Gidalte.<\/p>\n\n\n\n<p>Em breve, a programa\u00e7\u00e3o completa poder\u00e1 ser consultada em <a href=\"http:\/\/www.sescrio.org.br\">www.sescrio.org.br<\/a>.<\/p>\n\n\n\n<p><strong><u>Sobre o Sesc Ver\u00e3o RJ 2024<\/u><\/strong><\/p>\n\n\n\n<p>Em sua 6\u00aa edi\u00e7\u00e3o, o Sesc Ver\u00e3o RJ contemplar\u00e1 27 munic\u00edpios fluminenses, sendo realizado pelo Sesc RJ em parceria com as prefeituras e os sindicatos regionais do com\u00e9rcio. As atividades ser\u00e3o realizadas nas unidades Sesc e nas arenas montadas em praias, shopping centers, pra\u00e7as e parques. &nbsp;<\/p>\n\n\n\n<p><strong><u>Sesc Ver\u00e3o RJ 2024<\/u><\/strong><\/p>\n\n\n\n<p><strong>Per\u00edodo:<\/strong> De 05 de janeiro a 04 de fevereiro de 2024<\/p>\n\n\n\n<p><strong>Confira as cidades que recebem o Sesc Ver\u00e3o 2024:<\/strong><\/p>\n\n\n\n<p>Angra dos Reis<\/p>\n\n\n\n<p>Barra Mansa<\/p>\n\n\n\n<p>Cabo Frio<\/p>\n\n\n\n<p>Campos dos Goytacazes<\/p>\n\n\n\n<p>Cardoso Moreira<\/p>\n\n\n\n<p>Casimiro de Abreu<\/p>\n\n\n\n<p>Concei\u00e7\u00e3o de Macabu<\/p>\n\n\n\n<p>Duque de Caxias<\/p>\n\n\n\n<p>Guapimirim<\/p>\n\n\n\n<p>Maca\u00e9<\/p>\n\n\n\n<p>Mangaratiba<\/p>\n\n\n\n<p>Maric\u00e1<\/p>\n\n\n\n<p>Niter\u00f3i<\/p>\n\n\n\n<p>Nova Friburgo<\/p>\n\n\n\n<p>Nova Igua\u00e7u<\/p>\n\n\n\n<p>Paraty<\/p>\n\n\n\n<p>Petr\u00f3polis<\/p>\n\n\n\n<p>Quissam\u00e3<\/p>\n\n\n\n<p>Rio das Ostras<\/p>\n\n\n\n<p>Rio de Janeiro<\/p>\n\n\n\n<p>S\u00e3o Francisco do Itabapoana<\/p>\n\n\n\n<p>S\u00e3o Gon\u00e7alo<\/p>\n\n\n\n<p>S\u00e3o Jo\u00e3o da Barra<\/p>\n\n\n\n<p>S\u00e3o Jo\u00e3o de Meriti<\/p>\n\n\n\n<p>Teres\u00f3polis<\/p>\n\n\n\n<p>Tr\u00eas Rios<\/p>\n\n\n\n<p>Volta Redonda<\/p>\n","protected":false},"excerpt":{"rendered":"<p>Atividades recreativas ao ar livre, \u00eddolos do esporte e shows musicais est\u00e3o entre os destaques da agenda nas duas cidades Nesta quarta-feira (27 de dezembro), foi dada a largada para o Sesc Ver\u00e3o 2024 nas cidades de Rio das Ostras e Casimiro de Abreu, na Regi\u00e3o dos Lagos, o que promete movimentar o turismo e [&hellip;]<\/p>\n","protected":false},"author":2,"featured_media":14413,"comment_status":"closed","ping_status":"closed","sticky":false,"template":"","format":"standard","meta":{"postBodyCss":"","postBodyMargin":[],"postBodyPadding":[],"postBodyBackground":{"backgroundType":"classic","gradient":""},"footnotes":""},"categories":[122,46,200,43,49],"tags":[156,90,125],"class_list":["post-14411","post","type-post","status-publish","format-standard","has-post-thumbnail","hentry","category-casimiro-de-abreu","category-diversao","category-evento","category-regiao","category-rio-das-ostras","tag-sesc","tag-shows","tag-verao"],"aioseo_notices":[],"_links":{"self":[{"href":"https:\/\/aconteceemmacaeeregiao.com.br\/index.php\/wp-json\/wp\/v2\/posts\/14411","targetHints":{"allow":["GET"]}}],"collection":[{"href":"https:\/\/aconteceemmacaeeregiao.com.br\/index.php\/wp-json\/wp\/v2\/posts"}],"about":[{"href":"https:\/\/aconteceemmacaeeregiao.com.br\/index.php\/wp-json\/wp\/v2\/types\/post"}],"author":[{"embeddable":true,"href":"https:\/\/aconteceemmacaeeregiao.com.br\/index.php\/wp-json\/wp\/v2\/users\/2"}],"replies":[{"embeddable":true,"href":"https:\/\/aconteceemmacaeeregiao.com.br\/index.php\/wp-json\/wp\/v2\/comments?post=14411"}],"version-history":[{"count":0,"href":"https:\/\/aconteceemmacaeeregiao.com.br\/index.php\/wp-json\/wp\/v2\/posts\/14411\/revisions"}],"wp:featuredmedia":[{"embeddable":true,"href":"https:\/\/aconteceemmacaeeregiao.com.br\/index.php\/wp-json\/wp\/v2\/media\/14413"}],"wp:attachment":[{"href":"https:\/\/aconteceemmacaeeregiao.com.br\/index.php\/wp-json\/wp\/v2\/media?parent=14411"}],"wp:term":[{"taxonomy":"category","embeddable":true,"href":"https:\/\/aconteceemmacaeeregiao.com.br\/index.php\/wp-json\/wp\/v2\/categories?post=14411"},{"taxonomy":"post_tag","embeddable":true,"href":"https:\/\/aconteceemmacaeeregiao.com.br\/index.php\/wp-json\/wp\/v2\/tags?post=14411"}],"curies":[{"name":"wp","href":"https:\/\/api.w.org\/{rel}","templated":true}]}}