{"id":14538,"date":"2024-01-10T23:05:11","date_gmt":"2024-01-11T02:05:11","guid":{"rendered":"https:\/\/aconteceemmacaeeregiao.com.br\/?p=14538"},"modified":"2024-01-10T23:08:39","modified_gmt":"2024-01-11T02:08:39","slug":"sesc-verao-2024-contara-com-programacao-gratuita-na-praia-de-costazul-e-no-camping-costa-azul","status":"publish","type":"post","link":"https:\/\/aconteceemmacaeeregiao.com.br\/index.php\/2024\/01\/10\/sesc-verao-2024-contara-com-programacao-gratuita-na-praia-de-costazul-e-no-camping-costa-azul\/","title":{"rendered":"Sesc Ver\u00e3o 2024 contar\u00e1 com programa\u00e7\u00e3o gratuita na Praia de Costazul e no Camping\u00a0Costa Azul"},"content":{"rendered":"\n<p><em><strong>Shows musicais e atividades recreativas ao ar livre est\u00e3o entre os destaques da agenda na cidade<\/strong><\/em><\/p>\n\n\n\n<p>Vem a\u00ed um ver\u00e3o repleto de atividades de lazer, esportivas e culturais para toda a fam\u00edlia. O Sesc RJ prepara uma grande programa\u00e7\u00e3o gratuita que inclui encontros com experi\u00eancias recreativas, \u00eddolos do esporte, shows de artistas reconhecidos nacionalmente, entre outras surpresas, nos meses de janeiro e fevereiro, em 28 munic\u00edpios do estado. A cidade de <a href=\"https:\/\/aconteceemmacaeeregiao.com.br\/index.php\/category\/regiao\/rio-das-ostras\/\" title=\"\">Rio das Ostras<\/a>, na Costa do Sol, \u00e9 uma das contempladas com o Sesc Ver\u00e3o RJ 2024, que tem in\u00edcio por l\u00e1 a partir do dia 11 de janeiro, com espa\u00e7os montados na Praia de Costazul, no Camping Costazul e no Centro do munic\u00edpio (em frente ao Iate Clube).<\/p>\n\n\n\n<p>As atra\u00e7\u00f5es musicais do Sesc Ver\u00e3o 2024 em Rio das Ostras se apresentar\u00e3o em palcos montados no Centro do munic\u00edpio e no Camping. No roteiro, shows de artistas de renome nacional, como Gabriel Sater (12\/01, \u00e0s 21h, no Palco Centro), Marcelo Falc\u00e3o (13\/01, \u00e0s 22h, no Camping), Charlie Brown Jr. (14\/01, \u00e0s 21h, no Camping), Toni Garrido (19\/01, \u00e0s 21h, no Palco Centro), Frejat (20\/01, \u00e0s 22h, no Camping), Martinho da Vila (21\/01, \u00e0s 21h, no Camping), Alceu Valen\u00e7a (27\/01, \u00e0s 22h, no Camping), Leoni (02\/02, \u00e0s 21h, no Palco Centro) e Paralamas do Sucesso (04\/02, \u00e0s 21h, no Camping). E talentos regionais \u2013 Luan Schuenkel (20\/01, \u00e0s 20h, no Camping) e Kynnie Williams (28\/01, \u00e0s 19h, no Camping). Todas as apresenta\u00e7\u00f5es t\u00eam classifica\u00e7\u00e3o livre. Antes de cada show ser\u00e1 transmitido o v\u00eddeo &#8220;Sesc Mulheres Plurais apresenta: Tipos de Viol\u00eancia Contra a Mulher&#8221;, que aborda os diversos tipos de viol\u00eancia contra a mulher com o objetivo de fazer com que a sociedade se posicione contrariamente a cada um deles e cada mulher possa ter sua autonomia e exist\u00eancia respeitadas.<\/p>\n\n\n<div class=\"wp-block-image\">\n<figure class=\"aligncenter size-large\"><img fetchpriority=\"high\" decoding=\"async\" width=\"1024\" height=\"683\" src=\"https:\/\/aconteceemmacaeeregiao.com.br\/wp-content\/uploads\/2024\/01\/Marcao-e-Thiago-Charlie-Brown-1024x683.jpg\" alt=\"\" class=\"wp-image-14543\" srcset=\"https:\/\/aconteceemmacaeeregiao.com.br\/wp-content\/uploads\/2024\/01\/Marcao-e-Thiago-Charlie-Brown-1024x683.jpg 1024w, https:\/\/aconteceemmacaeeregiao.com.br\/wp-content\/uploads\/2024\/01\/Marcao-e-Thiago-Charlie-Brown-300x200.jpg 300w, https:\/\/aconteceemmacaeeregiao.com.br\/wp-content\/uploads\/2024\/01\/Marcao-e-Thiago-Charlie-Brown-768x512.jpg 768w, https:\/\/aconteceemmacaeeregiao.com.br\/wp-content\/uploads\/2024\/01\/Marcao-e-Thiago-Charlie-Brown-1536x1024.jpg 1536w, https:\/\/aconteceemmacaeeregiao.com.br\/wp-content\/uploads\/2024\/01\/Marcao-e-Thiago-Charlie-Brown-2048x1365.jpg 2048w, https:\/\/aconteceemmacaeeregiao.com.br\/wp-content\/uploads\/2024\/01\/Marcao-e-Thiago-Charlie-Brown-1200x800.jpg 1200w\" sizes=\"(max-width: 1024px) 100vw, 1024px\" \/><figcaption class=\"wp-element-caption\">Marc\u00e3o e Thiago Charlie Brown &#8211; Divulga\u00e7\u00e3o<\/figcaption><\/figure>\n<\/div>\n\n\n<p>A Arena Sesc Ver\u00e3o 2024 montada na Praia de Costazul ainda abrigar\u00e1 outras tantas atra\u00e7\u00f5es especiais. A programa\u00e7\u00e3o contar\u00e1 com apresenta\u00e7\u00e3o de Acrobacia A\u00e9rea (20\/01, \u00e0s 15h, livre), em aparelhos circenses como tecido, lira, cubo acrob\u00e1tico, tudo envolto em muita dan\u00e7a, que promete encantar e envolver o p\u00fablico; espet\u00e1culo &#8220;Cabar\u00e9 Circense da Serra&#8221; (28\/01, \u00e0s 15h, livre), com performances art\u00edsticas que podem incluir acrobacias, malabarismo, equilibrismo, contorcionismo, n\u00fameros de ilusionismo, perna de pau, onde o foco principal \u00e9 a com\u00e9dia f\u00edsica e a palha\u00e7aria cl\u00e1ssica; Conta\u00e7\u00e3o de Hist\u00f3rias &#8220;Tem Quizomba nesse conto&#8221; (13\/01, \u00e0s 11h, livre), que festeja com alegria a nossa ancestralidade; e as apresenta\u00e7\u00f5es art\u00edsticas &#8220;Palhaceata de Ver\u00e3o&#8221; (13\/01, \u00e0s 15h, livre ), &#8220;Vareta&#8221; (14\/01, \u00e0s 15h, livre) e &#8220;Trupe Fam\u00edlia Clou \u2013 Roda C\u00f4mica&#8221; (19\/01, \u00e0s 18h, livre).<\/p>\n\n\n\n<p>O espa\u00e7o ainda receber\u00e1 as interven\u00e7\u00f5es po\u00e9ticas &#8220;Poesia no Palito&#8221; (20 e 21\/01, \u00e0s 16h, livre), que busca transformar o ambiente praiano em um o\u00e1sis de inspira\u00e7\u00e3o e cultura em que um vendedor peculiar surge com uma proposta inovadora ao oferecer &#8220;Sacol\u00e9s Po\u00e9ticos&#8221;; e &#8220;Ver\u00e3o Poesia&#8221; (03\/02, \u00e0s 16h, livre), onde artistas caracterizados com roupas de mergulhadores interagem com o p\u00fablico oferecendo frases po\u00e9ticas em formato de minilivros e retirados de um balde de praia, com uma linguagem din\u00e2mica e divertida.<\/p>\n\n\n\n<p>O lado social n\u00e3o ficar\u00e1 de fora. Nos dias dos shows que v\u00e3o acontecer no Camping, a partir das 18h, o p\u00fablico poder\u00e1 ajudar com doa\u00e7\u00f5es de alimentos n\u00e3o perec\u00edveis e absorventes ao projeto Mesa Brasil e Ciclo Solid\u00e1rio, programa de seguran\u00e7a alimentar e nutricional, que tem a miss\u00e3o de incentivar o aproveitamento integral dos alimentos por meio do preparo de receitas saborosas e de alto valor nutricional. O projeto atua no combate \u00e0 fome e ao desperd\u00edcio, recolhendo doa\u00e7\u00f5es e as distribuindo a institui\u00e7\u00f5es sociais cadastradas, como creches, abrigos e asilos.<\/p>\n\n\n\n<p>Com o intuito de proporcionar lazer, bem-estar e qualidade de vida aos cidad\u00e3os do estado do Rio, o tema de 2024 ser\u00e1 &#8220;Sesc Ver\u00e3o \u00e9 para todos!&#8221; com uma intensa programa\u00e7\u00e3o gratuita e acess\u00edvel, que incluir\u00e1 atra\u00e7\u00f5es voltadas \u00e0 toda a fam\u00edlia, desde experi\u00eancias de lazer, culturais e modalidades esportivas. O projeto conta com o apoio de parceiros locais, como as prefeituras e os sindicatos do com\u00e9rcio a fim de promover o com\u00e9rcio e o desenvolvimento regional, a transforma\u00e7\u00e3o social e o desenvolvimento humano.&nbsp;&nbsp;<\/p>\n\n\n\n<p>&#8220;<em>O Sesc Ver\u00e3o RJ \u00e9 um dos eventos mais inclusivos do nosso pa\u00eds. O projeto fomenta o setor de turismo, estimula a economia local, gera qualidade de vida atrav\u00e9s das cl\u00ednicas esportivas e j\u00e1 faz parte do calend\u00e1rio fixo de eventos do nosso estado. Somos muitos gratos pelo apoio fundamental que temos dos nossos sindicatos e da parceria com as prefeituras locais na concretiza\u00e7\u00e3o desse projeto que nos d\u00e1, a cada ano, ainda mais orgulho em ver o quanto podemos transformar a vida de pessoas atrav\u00e9s da sa\u00fade, do bem-estar, do esporte, da cultura e do lazer<\/em>&#8220;, ressalta o presidente do Sistema Fecom\u00e9rcio RJ, Ant\u00f4nio Florencio de Queiroz Junior.<\/p>\n\n\n\n<p>O presidente do Sindicom\u00e9rcio da regi\u00e3o, Marcelo Ayres, destaca o Sesc Ver\u00e3o como o principal evento do estado, integrando esporte, arte, entretenimento e cultura.<em>&nbsp;&#8220;Para os empres\u00e1rios assistidos pelo Sindicom\u00e9rcio, representa um incremento significativo, impulsionando o turismo e a circula\u00e7\u00e3o de recursos gra\u00e7as \u00e0 presen\u00e7a das fam\u00edlias que participam do evento. Sem d\u00favida, \u00e9 uma combina\u00e7\u00e3o perfeita que satisfaz a popula\u00e7\u00e3o, ao mesmo tempo em que gera oportunidades de trabalho e aumento na renda local&#8221;,&nbsp;<\/em>explica.<\/p>\n\n\n\n<p><em>&#8220;A parceria entre a prefeitura e o Sesc RJ, sem d\u00favidas, foi um grande ganho para Rio das Ostras. O Sesc Ver\u00e3o potencializa os empres\u00e1rios que vivem do turismo na alta temporada e a programa\u00e7\u00e3o variada atrai mais visitantes que utilizam nossa rede hoteleira, gastron\u00f4mica, entre outros setores&#8221;,<\/em>&nbsp;pontua Aurora Siqueira, secret\u00e1ria de Desenvolvimento Econ\u00f4mico&nbsp;e&nbsp;Turismo de Rio das Ostras.<\/p>\n\n\n\n<p>Em breve, a programa\u00e7\u00e3o completa poder\u00e1 ser consultada em&nbsp;<a href=\"http:\/\/www.sescrio.org.br\/\" target=\"_blank\" rel=\"noreferrer noopener\">www.sescrio.org.br<\/a>.<\/p>\n\n\n\n<p><strong><em>Sesc Ver\u00e3o 2024 Rio das Ostras<\/em><\/strong><\/p>\n\n\n\n<p><strong><em>Per\u00edodo:<\/em><\/strong><em>&nbsp;De 11 de janeiro a 04 de fevereiro de 2024<\/em><\/p>\n\n\n\n<p><strong><em>Local:&nbsp;<\/em><\/strong><em>Centro de Rio das Ostras (em frente ao Iate Clube), Praia de Costazul e Camping Costazul<\/em><\/p>\n\n\n\n<p><strong><em>Gr\u00e1tis<\/em><\/strong><\/p>\n\n\n\n<p><strong><em>Confira, abaixo, a programa\u00e7\u00e3o completa:<\/em><\/strong><\/p>\n\n\n\n<p><strong><em><u>Centro de Rio das Ostras<\/u><\/em><\/strong><\/p>\n\n\n\n<p><em>12\/01, \u00e0s 21h, livre \u2013 Show de Gabriel Sater<\/em><\/p>\n\n\n\n<p><em>19\/01, \u00e0s 21h, livre \u2013 Show de Toni Garrido<\/em><\/p>\n\n\n\n<p><em>02\/02, \u00e0s 21h, livre \u2013 Show de Leoni<\/em><\/p>\n\n\n\n<p><strong><em><u>Camping Costazul<\/u><\/em><\/strong><\/p>\n\n\n\n<p><em>13\/01, \u00e0s 22h, livre \u2013 Show de Marcelo Falc\u00e3o<\/em><\/p>\n\n\n\n<p><em>14\/01, \u00e0s 21h, livre \u2013 Show de Charlie Brown Jr.<\/em><\/p>\n\n\n\n<p><em>20\/01, \u00e0s 20h, livre \u2013 Show de Luan Schuenkel<\/em><\/p>\n\n\n\n<p><em>20\/01, \u00e0s 22h, livre \u2013 Show de Frejat<\/em><\/p>\n\n\n\n<p><em>21\/01, \u00e0s 21h, livre \u2013 Show de Martinho da Vila<\/em><\/p>\n\n\n\n<p><em>27\/01, \u00e0s 22h, livre \u2013 Show de Alceu Valen\u00e7a<\/em><\/p>\n\n\n\n<p><em>28\/01, \u00e0s 19h, livre \u2013 Show de Kynnie Williams<\/em><\/p>\n\n\n\n<p><em>04\/02, \u00e0s 21h, livre \u2013 Show de Paralamas do Sucesso<\/em><\/p>\n\n\n\n<p><strong><em><u>Praia de Costazul<\/u><\/em><\/strong><em><\/em><\/p>\n\n\n\n<p><em>13\/01, \u00e0s 11h, livre \u2013 Conta\u00e7\u00e3o de Hist\u00f3rias &#8220;Tem Quizomba nesse conto&#8221;<\/em><\/p>\n\n\n\n<p><em>13\/01, \u00e0s 15h, livre \u2013 Apresenta\u00e7\u00e3o art\u00edstica &#8220;Palhaceata de Ver\u00e3o&#8221;<\/em><\/p>\n\n\n\n<p><em>14\/01, \u00e0s 15h, livre \u2013 Apresenta\u00e7\u00e3o art\u00edstica &#8220;Vareta&#8221;<\/em><\/p>\n\n\n\n<p><em>19\/01, \u00e0s 18h, livre \u2013 Apresenta\u00e7\u00e3o art\u00edstica &#8220;Trupe Fam\u00edlia Clou \u2013 Roda C\u00f4mica&#8221;<\/em><\/p>\n\n\n\n<p><em>20\/01, \u00e0s 15h, livre \u2013 Acrobacia A\u00e9rea<\/em><\/p>\n\n\n\n<p><em>20 e 21\/01, \u00e0s 16h, livre \u2013 Interven\u00e7\u00e3o po\u00e9tica &#8220;Poesia no Palito&#8221;<\/em><\/p>\n\n\n\n<p><em>28\/01, \u00e0s 15h, livre \u2013 Espet\u00e1culo &#8220;Cabar\u00e9 Circense da Serra&#8221;<\/em><\/p>\n\n\n\n<p><em>03\/02, \u00e0s 16h, livre \u2013 Interven\u00e7\u00e3o po\u00e9tica &#8220;Ver\u00e3o Poesia&#8221;<\/em><\/p>\n\n\n\n<p><strong><em>Cidades que recebem o Sesc Ver\u00e3o 2024:<\/em><\/strong><\/p>\n\n\n\n<p><em>Angra dos Reis<\/em><\/p>\n\n\n\n<p><em>Barra Mansa<\/em><\/p>\n\n\n\n<p><em>Cabo Frio<\/em><\/p>\n\n\n\n<p><em>Campos dos Goytacazes<\/em><\/p>\n\n\n\n<p><em>Cardoso Moreira<\/em><\/p>\n\n\n\n<p><em>Casimiro de Abreu<\/em><\/p>\n\n\n\n<p><em>Concei\u00e7\u00e3o de Macabu<\/em><\/p>\n\n\n\n<p><em>Duque de Caxias<\/em><\/p>\n\n\n\n<p><em>Guapimirim<\/em><\/p>\n\n\n\n<p><em>Maca\u00e9<\/em><\/p>\n\n\n\n<p><em>Mangaratiba<\/em><\/p>\n\n\n\n<p><em>Maric\u00e1<\/em><\/p>\n\n\n\n<p><em>Niter\u00f3i<\/em><\/p>\n\n\n\n<p><em>Nova Friburgo<\/em><\/p>\n\n\n\n<p><em>Nova Igua\u00e7u<\/em><\/p>\n\n\n\n<p><em>Paraty<\/em><\/p>\n\n\n\n<p><em>Petr\u00f3polis<\/em><\/p>\n\n\n\n<p><em>Quissam\u00e3<\/em><\/p>\n\n\n\n<p><em>Rio das Ostras<\/em><\/p>\n\n\n\n<p><em>Rio de Janeiro<\/em><\/p>\n\n\n\n<p><em>S\u00e3o Francisco do Itabapoana<\/em><\/p>\n\n\n\n<p><em>S\u00e3o Gon\u00e7alo<\/em><\/p>\n\n\n\n<p><em>S\u00e3o Jo\u00e3o da Barra<\/em><\/p>\n\n\n\n<p><em>S\u00e3o Jo\u00e3o de Meriti<\/em><\/p>\n\n\n\n<p><em>Teres\u00f3polis<\/em><\/p>\n\n\n\n<p><em>Tr\u00eas Rios<\/em><\/p>\n\n\n\n<p><em>Valen\u00e7a<\/em><\/p>\n\n\n\n<p><em>Volta Redonda<\/em><\/p>\n","protected":false},"excerpt":{"rendered":"<p>Shows musicais e atividades recreativas ao ar livre est\u00e3o entre os destaques da agenda na cidade Vem a\u00ed um ver\u00e3o repleto de atividades de lazer, esportivas e culturais para toda a fam\u00edlia. O Sesc RJ prepara uma grande programa\u00e7\u00e3o gratuita que inclui encontros com experi\u00eancias recreativas, \u00eddolos do esporte, shows de artistas reconhecidos nacionalmente, entre [&hellip;]<\/p>\n","protected":false},"author":2,"featured_media":14541,"comment_status":"closed","ping_status":"closed","sticky":false,"template":"","format":"standard","meta":{"postBodyCss":"","postBodyMargin":[],"postBodyPadding":[],"postBodyBackground":{"backgroundType":"classic","gradient":""},"footnotes":""},"categories":[86,46,43,49],"tags":[],"class_list":["post-14538","post","type-post","status-publish","format-standard","has-post-thumbnail","hentry","category-cultura","category-diversao","category-regiao","category-rio-das-ostras"],"aioseo_notices":[],"_links":{"self":[{"href":"https:\/\/aconteceemmacaeeregiao.com.br\/index.php\/wp-json\/wp\/v2\/posts\/14538","targetHints":{"allow":["GET"]}}],"collection":[{"href":"https:\/\/aconteceemmacaeeregiao.com.br\/index.php\/wp-json\/wp\/v2\/posts"}],"about":[{"href":"https:\/\/aconteceemmacaeeregiao.com.br\/index.php\/wp-json\/wp\/v2\/types\/post"}],"author":[{"embeddable":true,"href":"https:\/\/aconteceemmacaeeregiao.com.br\/index.php\/wp-json\/wp\/v2\/users\/2"}],"replies":[{"embeddable":true,"href":"https:\/\/aconteceemmacaeeregiao.com.br\/index.php\/wp-json\/wp\/v2\/comments?post=14538"}],"version-history":[{"count":0,"href":"https:\/\/aconteceemmacaeeregiao.com.br\/index.php\/wp-json\/wp\/v2\/posts\/14538\/revisions"}],"wp:featuredmedia":[{"embeddable":true,"href":"https:\/\/aconteceemmacaeeregiao.com.br\/index.php\/wp-json\/wp\/v2\/media\/14541"}],"wp:attachment":[{"href":"https:\/\/aconteceemmacaeeregiao.com.br\/index.php\/wp-json\/wp\/v2\/media?parent=14538"}],"wp:term":[{"taxonomy":"category","embeddable":true,"href":"https:\/\/aconteceemmacaeeregiao.com.br\/index.php\/wp-json\/wp\/v2\/categories?post=14538"},{"taxonomy":"post_tag","embeddable":true,"href":"https:\/\/aconteceemmacaeeregiao.com.br\/index.php\/wp-json\/wp\/v2\/tags?post=14538"}],"curies":[{"name":"wp","href":"https:\/\/api.w.org\/{rel}","templated":true}]}}