{"id":14579,"date":"2024-01-12T20:11:42","date_gmt":"2024-01-12T23:11:42","guid":{"rendered":"https:\/\/aconteceemmacaeeregiao.com.br\/?p=14579"},"modified":"2024-01-12T22:10:59","modified_gmt":"2024-01-13T01:10:59","slug":"verao-para-todos-continua-neste-domingo-na-praia-de-hollywood","status":"publish","type":"post","link":"https:\/\/aconteceemmacaeeregiao.com.br\/index.php\/2024\/01\/12\/verao-para-todos-continua-neste-domingo-na-praia-de-hollywood\/","title":{"rendered":"Ver\u00e3o para Todos continua neste domingo na Praia de Hollywood"},"content":{"rendered":"\n<p>Continua no pr\u00f3ximo domingo (14), na Praia de Hollywood, no canto esquerdo da Praia dos Cavaleiros, o projeto &#8220;Ver\u00e3o para Todos&#8221;, proporcionando acessibilidade e oportunidade de lazer para todos, das 9h \u00e0s 14h. O acesso \u00e0 praia para pessoas com mobilidade reduzida e cadeirantes \u00e9 feito pela rampa com o apoio da Defesa Civil.<\/p>\n\n\n\n<p>No projeto, por meio de cadeiras anf\u00edbias, agentes da<a href=\"https:\/\/aconteceemmacaeeregiao.com.br\/index.php\/2023\/10\/10\/defesa-civil-capacitacao-de-voluntarios-tem-numero-de-vagas-ampliado\/\" title=\"Defesa Civil: capacita\u00e7\u00e3o de volunt\u00e1rios tem n\u00famero de vagas ampliado\"> Defesa Civil<\/a> e volunt\u00e1rios capacitados d\u00e3o o suporte para que pessoas com mobilidade reduzida e cadeirantes entrem no mar, caso as condi\u00e7\u00f5es clim\u00e1ticas sejam favor\u00e1veis. Caso contr\u00e1rio, os agentes conduzem os banhistas para a beira do mar para experi\u00eancias com a \u00e1gua.<\/p>\n\n\n\n<p>As demais datas do Ver\u00e3o para Todos ser\u00e3o: 21 de janeiro, na Praia de Hollywood; 28 de janeiro, na Lagoa de Imboassica; 4 e 18 de fevereiro, na <a href=\"https:\/\/aconteceemmacaeeregiao.com.br\/index.php\/2024\/01\/08\/escola-de-verao-colonia-de-ferias-e-tenda-na-praia-continuam-nesta-terca-feira\/\" title=\"Escola de Ver\u00e3o: Col\u00f4nia de f\u00e9rias e tenda na praia continuam nesta ter\u00e7a-feira\">Praia de Hollywood<\/a>; 25 de fevereiro, na Lagoa de Imboassica; dias 3, 10, 17 e 31 de mar\u00e7o, na Praia de Hollywood; e dia 24, na Lagoa de Imboassica.<\/p>\n\n\n<div class=\"wp-block-image\">\n<figure class=\"aligncenter size-large\"><img fetchpriority=\"high\" decoding=\"async\" width=\"1024\" height=\"683\" src=\"https:\/\/aconteceemmacaeeregiao.com.br\/wp-content\/uploads\/2024\/01\/1705098097-1024x683.jpg\" alt=\"\" class=\"wp-image-14582\" srcset=\"https:\/\/aconteceemmacaeeregiao.com.br\/wp-content\/uploads\/2024\/01\/1705098097-1024x683.jpg 1024w, https:\/\/aconteceemmacaeeregiao.com.br\/wp-content\/uploads\/2024\/01\/1705098097-300x200.jpg 300w, https:\/\/aconteceemmacaeeregiao.com.br\/wp-content\/uploads\/2024\/01\/1705098097-768x512.jpg 768w, https:\/\/aconteceemmacaeeregiao.com.br\/wp-content\/uploads\/2024\/01\/1705098097-1200x800.jpg 1200w, https:\/\/aconteceemmacaeeregiao.com.br\/wp-content\/uploads\/2024\/01\/1705098097.jpg 1417w\" sizes=\"(max-width: 1024px) 100vw, 1024px\" \/><\/figure>\n<\/div>\n\n\n<p>De acordo com o Secret\u00e1rio Adjunto de Defesa Civil, Joseferson de Jesus, o projeto \u00e9 uma oportunidade para que as pessoas com mobilidade reduzida participem de atividades na praia, proporcionando acesso \u00e0 natureza e <a href=\"https:\/\/aconteceemmacaeeregiao.com.br\/index.php\/2024\/01\/10\/sesc-verao-2024-contara-com-programacao-gratuita-na-praia-de-costazul-e-no-camping-costa-azul\/\" title=\"Sesc Ver\u00e3o 2024 contar\u00e1 com programa\u00e7\u00e3o gratuita na Praia de Costazul e no Camping\u00a0Costa Azul\">lazer<\/a>. \u201cOs participantes t\u00eam contato com a natureza e desfrutam de momentos de divers\u00e3o, promovendo o bem-estar e conscientiza\u00e7\u00e3o sobre as potencialidades desses indiv\u00edduos\u201d, considerou.<\/p>\n\n\n\n<p><em><a href=\"https:\/\/macae.rj.gov.br\/noticias\/leitura\/noticia\/macae-e-destaque-em-campeonato-estadual-de-kickboxing\" title=\"\">Fonte Secom C\u00e2mara de Maca\u00e9<\/a><\/em><\/p>\n","protected":false},"excerpt":{"rendered":"<p>Continua no pr\u00f3ximo domingo (14), na Praia de Hollywood, no canto esquerdo da Praia dos Cavaleiros, o projeto &#8220;Ver\u00e3o para Todos&#8221;, proporcionando acessibilidade e oportunidade de lazer para todos, das 9h \u00e0s 14h. O acesso \u00e0 praia para pessoas com mobilidade reduzida e cadeirantes \u00e9 feito pela rampa com o apoio da Defesa Civil. No [&hellip;]<\/p>\n","protected":false},"author":2,"featured_media":14581,"comment_status":"closed","ping_status":"closed","sticky":false,"template":"","format":"standard","meta":{"postBodyCss":"","postBodyMargin":[],"postBodyPadding":[],"postBodyBackground":{"backgroundType":"classic","gradient":""},"footnotes":""},"categories":[42],"tags":[846,288,204],"class_list":["post-14579","post","type-post","status-publish","format-standard","has-post-thumbnail","hentry","category-macae","tag-cadeirante","tag-inclusao","tag-praia-dos-cavaleiros"],"aioseo_notices":[],"_links":{"self":[{"href":"https:\/\/aconteceemmacaeeregiao.com.br\/index.php\/wp-json\/wp\/v2\/posts\/14579","targetHints":{"allow":["GET"]}}],"collection":[{"href":"https:\/\/aconteceemmacaeeregiao.com.br\/index.php\/wp-json\/wp\/v2\/posts"}],"about":[{"href":"https:\/\/aconteceemmacaeeregiao.com.br\/index.php\/wp-json\/wp\/v2\/types\/post"}],"author":[{"embeddable":true,"href":"https:\/\/aconteceemmacaeeregiao.com.br\/index.php\/wp-json\/wp\/v2\/users\/2"}],"replies":[{"embeddable":true,"href":"https:\/\/aconteceemmacaeeregiao.com.br\/index.php\/wp-json\/wp\/v2\/comments?post=14579"}],"version-history":[{"count":0,"href":"https:\/\/aconteceemmacaeeregiao.com.br\/index.php\/wp-json\/wp\/v2\/posts\/14579\/revisions"}],"wp:featuredmedia":[{"embeddable":true,"href":"https:\/\/aconteceemmacaeeregiao.com.br\/index.php\/wp-json\/wp\/v2\/media\/14581"}],"wp:attachment":[{"href":"https:\/\/aconteceemmacaeeregiao.com.br\/index.php\/wp-json\/wp\/v2\/media?parent=14579"}],"wp:term":[{"taxonomy":"category","embeddable":true,"href":"https:\/\/aconteceemmacaeeregiao.com.br\/index.php\/wp-json\/wp\/v2\/categories?post=14579"},{"taxonomy":"post_tag","embeddable":true,"href":"https:\/\/aconteceemmacaeeregiao.com.br\/index.php\/wp-json\/wp\/v2\/tags?post=14579"}],"curies":[{"name":"wp","href":"https:\/\/api.w.org\/{rel}","templated":true}]}}