{"id":14664,"date":"2024-01-17T23:17:03","date_gmt":"2024-01-18T02:17:03","guid":{"rendered":"https:\/\/aconteceemmacaeeregiao.com.br\/?p=14664"},"modified":"2024-01-17T23:17:04","modified_gmt":"2024-01-18T02:17:04","slug":"prefeito-apresenta-calendario-do-carnaval-2024-aos-empresarios","status":"publish","type":"post","link":"https:\/\/aconteceemmacaeeregiao.com.br\/index.php\/2024\/01\/17\/prefeito-apresenta-calendario-do-carnaval-2024-aos-empresarios\/","title":{"rendered":"Prefeito apresenta calend\u00e1rio do Carnaval 2024 aos empres\u00e1rios"},"content":{"rendered":"\n<p>A edi\u00e7\u00e3o de 2024 do &#8220;Carnaval da Alegria&#8221; em Maca\u00e9 foi oficialmente apresentada pelo governo em uma reuni\u00e3o com representantes das institui\u00e7\u00f5es empresariais locais. O evento, programado para ocorrer de 9 a 13 de fevereiro, tem como objetivo resgatar a cultura local, contando com a participa\u00e7\u00e3o de cerca de 200 artistas locais e dos blocos tradicionais da cidade. O<a href=\"https:\/\/aconteceemmacaeeregiao.com.br\/index.php\/2024\/01\/08\/prefeitura-divulga-179-vagas-de-emprego-esta-semana\/\" title=\"Prefeitura divulga 179 vagas de emprego esta semana\"> prefeito<\/a> destacou a import\u00e2ncia do entretenimento para impulsionar neg\u00f3cios e <a href=\"https:\/\/aconteceemmacaeeregiao.com.br\/index.php\/2023\/12\/18\/vagas-temporarias-no-periodo-de-festas-app-de-trabalho-sob-demanda-oferta-mais-de-64-mil-oportunidades-em-todo-o-brasil\/\" title=\"Vagas tempor\u00e1rias no per\u00edodo de Festas: app de trabalho sob demanda oferta mais de 6,4 mil oportunidades em todo o Brasil\">oportunidades de trabalho<\/a> na cidade, visando fortalecer o potencial tur\u00edstico de Maca\u00e9. <\/p>\n\n\n\n<p>A programa\u00e7\u00e3o acontecer\u00e1 em diversos locais, incluindo as praias dos Cavaleiros, Imbetiba e Bar do Coco, a Pra\u00e7a de Glic\u00e9rio e o Espa\u00e7o CriaSana. O evento busca ser inclusivo e consciente, promovendo uma campanha para evitar o uso de garrafas de vidro e oferecendo espa\u00e7os exclusivos para pessoas com defici\u00eancia e idosos. <\/p>\n\n\n\n<p>A expectativa \u00e9 que o <a href=\"https:\/\/aconteceemmacaeeregiao.com.br\/index.php\/2024\/01\/17\/macae-vai-distribuir-mais-de-23-mil-preservativos-no-carnaval\/\" title=\"Maca\u00e9 vai distribuir mais de 23 mil preservativos no Carnaval\">Carnaval<\/a> aque\u00e7a a economia local, beneficiando o com\u00e9rcio, a rede hoteleira e os agentes do turismo. A parceria entre o munic\u00edpio e as institui\u00e7\u00f5es \u00e9 destacada como fundamental para criar oportunidades de neg\u00f3cios e investimentos em v\u00e1rios setores econ\u00f4micos da cidade. <\/p>\n\n\n\n<p>O encontro contou com a participa\u00e7\u00e3o de representantes de diversas entidades, incluindo a Associa\u00e7\u00e3o Comercial e Industrial de Maca\u00e9 (ACIM) e o Conselho Regional de Turismo (Condetur).<\/p>\n\n\n\n<p><em><a href=\"https:\/\/macae.rj.gov.br\/noticias\/leitura\/noticia\/macae-e-destaque-em-campeonato-estadual-de-kickboxing\" title=\"\">Fonte Secom C\u00e2mara de Maca\u00e9<\/a><\/em><\/p>\n\n\n\n<p><a href=\"https:\/\/macae.rj.gov.br\/noticias\/leitura\/noticia\/governo-apresenta-as-instituicoes-locais-programacao-do-carnaval-da-alegria\">https:\/\/macae.rj.gov.br\/noticias\/leitura\/noticia\/governo-apresenta-as-instituicoes-locais-programacao-do-carnaval-da-alegria<\/a><\/p>\n","protected":false},"excerpt":{"rendered":"<p>A edi\u00e7\u00e3o de 2024 do &#8220;Carnaval da Alegria&#8221; em Maca\u00e9 foi oficialmente apresentada pelo governo em uma reuni\u00e3o com representantes das institui\u00e7\u00f5es empresariais locais. O evento, programado para ocorrer de 9 a 13 de fevereiro, tem como objetivo resgatar a cultura local, contando com a participa\u00e7\u00e3o de cerca de 200 artistas locais e dos blocos [&hellip;]<\/p>\n","protected":false},"author":2,"featured_media":14666,"comment_status":"closed","ping_status":"closed","sticky":false,"template":"","format":"standard","meta":{"postBodyCss":"","postBodyMargin":[],"postBodyPadding":[],"postBodyBackground":{"backgroundType":"classic","gradient":""},"footnotes":""},"categories":[45,42],"tags":[857,148,250,89,720],"class_list":["post-14664","post","type-post","status-publish","format-standard","has-post-thumbnail","hentry","category-economia","category-macae","tag-acim","tag-carnaval","tag-empresario","tag-prefeitura","tag-welberth-rezende"],"aioseo_notices":[],"_links":{"self":[{"href":"https:\/\/aconteceemmacaeeregiao.com.br\/index.php\/wp-json\/wp\/v2\/posts\/14664","targetHints":{"allow":["GET"]}}],"collection":[{"href":"https:\/\/aconteceemmacaeeregiao.com.br\/index.php\/wp-json\/wp\/v2\/posts"}],"about":[{"href":"https:\/\/aconteceemmacaeeregiao.com.br\/index.php\/wp-json\/wp\/v2\/types\/post"}],"author":[{"embeddable":true,"href":"https:\/\/aconteceemmacaeeregiao.com.br\/index.php\/wp-json\/wp\/v2\/users\/2"}],"replies":[{"embeddable":true,"href":"https:\/\/aconteceemmacaeeregiao.com.br\/index.php\/wp-json\/wp\/v2\/comments?post=14664"}],"version-history":[{"count":0,"href":"https:\/\/aconteceemmacaeeregiao.com.br\/index.php\/wp-json\/wp\/v2\/posts\/14664\/revisions"}],"wp:featuredmedia":[{"embeddable":true,"href":"https:\/\/aconteceemmacaeeregiao.com.br\/index.php\/wp-json\/wp\/v2\/media\/14666"}],"wp:attachment":[{"href":"https:\/\/aconteceemmacaeeregiao.com.br\/index.php\/wp-json\/wp\/v2\/media?parent=14664"}],"wp:term":[{"taxonomy":"category","embeddable":true,"href":"https:\/\/aconteceemmacaeeregiao.com.br\/index.php\/wp-json\/wp\/v2\/categories?post=14664"},{"taxonomy":"post_tag","embeddable":true,"href":"https:\/\/aconteceemmacaeeregiao.com.br\/index.php\/wp-json\/wp\/v2\/tags?post=14664"}],"curies":[{"name":"wp","href":"https:\/\/api.w.org\/{rel}","templated":true}]}}