{"id":14707,"date":"2024-01-24T22:09:58","date_gmt":"2024-01-25T01:09:58","guid":{"rendered":"https:\/\/aconteceemmacaeeregiao.com.br\/?p=14707"},"modified":"2024-01-24T22:54:30","modified_gmt":"2024-01-25T01:54:30","slug":"inovacao-tecnologica-reforca-prevencao-de-desastres-em-macae","status":"publish","type":"post","link":"https:\/\/aconteceemmacaeeregiao.com.br\/index.php\/2024\/01\/24\/inovacao-tecnologica-reforca-prevencao-de-desastres-em-macae\/","title":{"rendered":"Inova\u00e7\u00e3o tecnol\u00f3gica refor\u00e7a preven\u00e7\u00e3o de desastres em Maca\u00e9"},"content":{"rendered":"\n<p>A Secretaria Adjunta de Defesa Civil de Maca\u00e9, desde setembro de 2023, utiliza o <a href=\"https:\/\/aconteceemmacaeeregiao.com.br\/index.php\/2023\/08\/30\/patrulha-maria-da-penha-ganha-sede-propria-com-funcionamento-24-horas\/\" title=\"Patrulha Maria da Penha ganha sede pr\u00f3pria com funcionamento 24 horas\">Centro de Monitoramento e Opera\u00e7\u00f5es (CMO)<\/a> para aprimorar suas avalia\u00e7\u00f5es di\u00e1rias da previs\u00e3o do tempo. Resultado de uma parceria com a <a href=\"https:\/\/aconteceemmacaeeregiao.com.br\/index.php\/2023\/10\/24\/legislativo-propoe-parceria-com-ufrj-para-despoluir-a-lagoa\/\" title=\"Legislativo prop\u00f5e parceria com UFRJ para despoluir a Lagoa\">UFRJ<\/a> e a UENF, o CMO incorpora esta\u00e7\u00f5es meteorol\u00f3gicas em escolas municipais, contribuindo para dados mais precisos. <\/p>\n\n\n\n<p>O secret\u00e1rio adjunto destaca a import\u00e2ncia dessa tecnologia no trabalho di\u00e1rio, destacando sua utilidade na articula\u00e7\u00e3o de a\u00e7\u00f5es de preven\u00e7\u00e3o e resposta. O CMO registrou 297 ocorr\u00eancias desde sua inaugura\u00e7\u00e3o, e sua finalidade \u00e9 fortalecer o sistema de monitoramento, alerta e alarme da <a href=\"https:\/\/aconteceemmacaeeregiao.com.br\/index.php\/2023\/01\/14\/defesa-civil-divulga-nova-lista-de-vistorias-de-casas-cadastradas\/\" title=\"Defesa Civil divulga nova lista de vistorias de casas cadastradas\">Defesa Civil<\/a>, promovendo a integra\u00e7\u00e3o da rede escolar na pol\u00edtica de prote\u00e7\u00e3o. Al\u00e9m disso, busca atingir metas da Agenda 2030 da ONU e do Marco de Sendai para Redu\u00e7\u00e3o de Riscos de Desastres. <\/p>\n\n\n\n<p>O projeto j\u00e1 \u00e9 refer\u00eancia e despertou interesse de outros munic\u00edpios e capitais. A popula\u00e7\u00e3o pode contatar a Defesa Civil em casos de emerg\u00eancia pelo telefone 199 ou via WhatsApp pelo n\u00famero (22) 99103-4275.<\/p>\n\n\n\n<p><em><a href=\"https:\/\/macae.rj.gov.br\/noticias\/leitura\/noticia\/macae-e-destaque-em-campeonato-estadual-de-kickboxing\" title=\"\">Fonte Secom C\u00e2mara de Maca\u00e9<\/a><\/em><\/p>\n\n\n\n<p><a href=\"https:\/\/macae.rj.gov.br\/noticias\/leitura\/noticia\/centro-de-monitoramento-auxilia-trabalho-da-defesa-civil-de-macae\">https:\/\/macae.rj.gov.br\/noticias\/leitura\/noticia\/centro-de-monitoramento-auxilia-trabalho-da-defesa-civil-de-macae<\/a><\/p>\n","protected":false},"excerpt":{"rendered":"<p>A Secretaria Adjunta de Defesa Civil de Maca\u00e9, desde setembro de 2023, utiliza o Centro de Monitoramento e Opera\u00e7\u00f5es (CMO) para aprimorar suas avalia\u00e7\u00f5es di\u00e1rias da previs\u00e3o do tempo. Resultado de uma parceria com a UFRJ e a UENF, o CMO incorpora esta\u00e7\u00f5es meteorol\u00f3gicas em escolas municipais, contribuindo para dados mais precisos. O secret\u00e1rio adjunto [&hellip;]<\/p>\n","protected":false},"author":2,"featured_media":14709,"comment_status":"closed","ping_status":"closed","sticky":false,"template":"","format":"standard","meta":{"postBodyCss":"","postBodyMargin":[],"postBodyPadding":[],"postBodyBackground":{"backgroundType":"classic","gradient":""},"footnotes":""},"categories":[42],"tags":[858,264,172],"class_list":["post-14707","post","type-post","status-publish","format-standard","has-post-thumbnail","hentry","category-macae","tag-centro-de-monitoramento","tag-chuvas","tag-defesa-civil"],"aioseo_notices":[],"_links":{"self":[{"href":"https:\/\/aconteceemmacaeeregiao.com.br\/index.php\/wp-json\/wp\/v2\/posts\/14707","targetHints":{"allow":["GET"]}}],"collection":[{"href":"https:\/\/aconteceemmacaeeregiao.com.br\/index.php\/wp-json\/wp\/v2\/posts"}],"about":[{"href":"https:\/\/aconteceemmacaeeregiao.com.br\/index.php\/wp-json\/wp\/v2\/types\/post"}],"author":[{"embeddable":true,"href":"https:\/\/aconteceemmacaeeregiao.com.br\/index.php\/wp-json\/wp\/v2\/users\/2"}],"replies":[{"embeddable":true,"href":"https:\/\/aconteceemmacaeeregiao.com.br\/index.php\/wp-json\/wp\/v2\/comments?post=14707"}],"version-history":[{"count":0,"href":"https:\/\/aconteceemmacaeeregiao.com.br\/index.php\/wp-json\/wp\/v2\/posts\/14707\/revisions"}],"wp:featuredmedia":[{"embeddable":true,"href":"https:\/\/aconteceemmacaeeregiao.com.br\/index.php\/wp-json\/wp\/v2\/media\/14709"}],"wp:attachment":[{"href":"https:\/\/aconteceemmacaeeregiao.com.br\/index.php\/wp-json\/wp\/v2\/media?parent=14707"}],"wp:term":[{"taxonomy":"category","embeddable":true,"href":"https:\/\/aconteceemmacaeeregiao.com.br\/index.php\/wp-json\/wp\/v2\/categories?post=14707"},{"taxonomy":"post_tag","embeddable":true,"href":"https:\/\/aconteceemmacaeeregiao.com.br\/index.php\/wp-json\/wp\/v2\/tags?post=14707"}],"curies":[{"name":"wp","href":"https:\/\/api.w.org\/{rel}","templated":true}]}}