{"id":14725,"date":"2024-01-24T23:26:31","date_gmt":"2024-01-25T02:26:31","guid":{"rendered":"https:\/\/aconteceemmacaeeregiao.com.br\/?p=14725"},"modified":"2024-01-24T23:26:31","modified_gmt":"2024-01-25T02:26:31","slug":"segundo-fim-de-semana-do-sesc-verao-2024-em-casimiro-de-abreu","status":"publish","type":"post","link":"https:\/\/aconteceemmacaeeregiao.com.br\/index.php\/2024\/01\/24\/segundo-fim-de-semana-do-sesc-verao-2024-em-casimiro-de-abreu\/","title":{"rendered":"Segundo fim de semana do Sesc Ver\u00e3o 2024\u00a0em\u00a0Casimiro de Abreu"},"content":{"rendered":"\n<p><strong><em>Shows de Ritchie e Diogo Nogueira, al\u00e9m de oficinas esportivas com&nbsp;<\/em><\/strong><strong><em>o ex-jogador do Flamengo Diego Ribas e as atletas do time de&nbsp;<\/em><\/strong><strong><em>V\u00f4lei Sesc Flamengo agitam o Prai\u00e3o, em Barra de S\u00e3o Jo\u00e3o<\/em><\/strong><\/p>\n\n\n\n<p>O Sesc Ver\u00e3o 2024 em Casimiro de Abreu continua oferecendo uma variedade de atividades para toda a fam\u00edlia. A programa\u00e7\u00e3o inclui <a href=\"https:\/\/aconteceemmacaeeregiao.com.br\/index.php\/2024\/01\/10\/sesc-verao-2024-em-macae-contara-com-shows-de-frejat-e-alceu-valenca\/\" title=\"Sesc Ver\u00e3o 2024 em Maca\u00e9 contar\u00e1 com shows de Frejat e Alceu Valen\u00e7a\">shows<\/a> de artistas renomados, experi\u00eancias esportivas com ex-jogadores e atletas, al\u00e9m de atra\u00e7\u00f5es culturais e de sa\u00fade. <\/p>\n\n\n\n<p>O evento, que ocorre no Prai\u00e3o em <a href=\"https:\/\/aconteceemmacaeeregiao.com.br\/index.php\/2023\/01\/06\/mulher-acusada-de-furto-e-presa-em-barra-de-sao-joao\/\" title=\"Mulher acusada de furto \u00e9 presa em Barra de S\u00e3o Jo\u00e3o\">Barra de S\u00e3o Jo\u00e3o<\/a> aos s\u00e1bados e domingos, das 14h \u00e0s 20h, faz parte de uma iniciativa mais ampla em 28 munic\u00edpios do estado, promovendo lazer, bem-estar e inclus\u00e3o. <\/p>\n\n\n\n<p>\u00a0Arena<a href=\"https:\/\/aconteceemmacaeeregiao.com.br\/index.php\/2024\/01\/10\/sesc-verao-2024-contara-com-programacao-gratuita-na-praia-de-costazul-e-no-camping-costa-azul\/\" title=\"Sesc Ver\u00e3o 2024 contar\u00e1 com programa\u00e7\u00e3o gratuita na Praia de Costazul e no Camping\u00a0Costa Azul\"> Sesc Ver\u00e3o 2024 <\/a>abriga diversas atra\u00e7\u00f5es especiais. No roteiro, shows musicais de artistas de renome nacional, como Ritchie (27\/01, \u00e0s 22h) e Diogo Nogueira (28\/01, \u00e0s 21h), que se apresentam neste fim de semana, al\u00e9m de talentos regionais, como Ricardo Badar\u00f3 (27\/01, \u00e0s 19h) e banda Caf\u00e9 Bourbon (28\/01, \u00e0s 18h).\u00a0Todos com classifica\u00e7\u00e3o livre. <\/p>\n\n\n\n<p>Antes de cada show ser\u00e1 transmitido o v\u00eddeo &#8220;Sesc Mulheres Plurais apresenta: Tipos de Viol\u00eancia Contra a Mulher&#8221;, que aborda os diversos tipos de viol\u00eancia contra a mulher com o objetivo de fazer com que a sociedade se posicione contrariamente a cada um deles e cada mulher possa ter sua autonomia e exist\u00eancia respeitadas.<\/p>\n\n\n\n<p>O presidente do Sistema Fecom\u00e9rcio RJ destaca a import\u00e2ncia do Sesc Ver\u00e3o como um evento inclusivo que contribui para o turismo, economia local e qualidade de vida. <\/p>\n\n\n\n<p>O presidente do Sindicom\u00e9rcio da regi\u00e3o ressalta o impacto positivo do evento na circula\u00e7\u00e3o de recursos e oportunidades de trabalho. <\/p>\n\n\n\n<p>O prefeito de Casimiro de Abreu destaca a anima\u00e7\u00e3o e os benef\u00edcios econ\u00f4micos, culturais e tur\u00edsticos proporcionados pela parceria com o Sesc RJ.<\/p>\n\n\n\n<p>A programa\u00e7\u00e3o completa pode ser consultada em&nbsp;<a href=\"http:\/\/www.sescrio.org.br\/\" target=\"_blank\" rel=\"noreferrer noopener\">www.sescrio.org.br<\/a>.<\/p>\n\n\n<div class=\"wp-block-image\">\n<figure class=\"alignleft size-full\"><img fetchpriority=\"high\" decoding=\"async\" width=\"288\" height=\"353\" src=\"https:\/\/aconteceemmacaeeregiao.com.br\/wp-content\/uploads\/2024\/01\/Diego-Ribas.jpg\" alt=\"\" class=\"wp-image-14728\" srcset=\"https:\/\/aconteceemmacaeeregiao.com.br\/wp-content\/uploads\/2024\/01\/Diego-Ribas.jpg 288w, https:\/\/aconteceemmacaeeregiao.com.br\/wp-content\/uploads\/2024\/01\/Diego-Ribas-245x300.jpg 245w\" sizes=\"(max-width: 288px) 100vw, 288px\" \/><figcaption class=\"wp-element-caption\">Diego Ribas<\/figcaption><\/figure>\n<\/div>\n\n\n<p><strong><em>Sesc Ver\u00e3o 2024 Casimiro de Abreu<\/em><\/strong><\/p>\n\n\n\n<p><strong><em>Per\u00edodo:<\/em><\/strong><em>&nbsp;De 20 de janeiro a 04 de fevereiro de 2024 \u2013 s\u00e1bados e domingos, das 14h \u00e0s 20h<\/em><\/p>\n\n\n\n<p><strong><em>Local:&nbsp;<\/em><\/strong><em>Prai\u00e3o, Barra de S\u00e3o Jo\u00e3o<\/em><\/p>\n\n\n\n<p><strong><em>Gr\u00e1tis<\/em><\/strong><\/p>\n\n\n\n<p><a><strong><em>Confira a programa\u00e7\u00e3o deste fim de semana (27 e 28\/01):<\/em><\/strong><\/a><\/p>\n\n\n\n<p><em>27\/01, \u00e0s 15h, livre \u2013 Cl\u00ednica de futebol com Diego Ribas<\/em><\/p>\n\n\n\n<p><em>27\/01, \u00e0s 16h, livre \u2013 Fanfarra Komboio<\/em><\/p>\n\n\n\n<p><em>27\/01, \u00e0s 22h, livre \u2013 Show de Ritchie<\/em><\/p>\n\n\n\n<p><em>27 e 28\/01, das 13h \u00e0s 18h, livre \u2013 Tobo\u00e1gua Gigante<\/em><\/p>\n\n\n\n<p><em>28\/01, \u00e0s 15h, livre \u2013 Cl\u00ednica de V\u00f4lei com atletas do time feminino Sesc Flamengo<\/em><\/p>\n\n\n\n<p><em>28\/01, \u00e0s 16h, livre \u2013 Dan\u00e7as Urbanas Flashmob<\/em><\/p>\n\n\n\n<p><em>28\/01, \u00e0s 21h, livre \u2013 Diogo Nogueira<\/em><\/p>\n\n\n\n<p><strong><em>Confira a programa\u00e7\u00e3o completa:<\/em><\/strong><\/p>\n\n\n\n<p><em>03\/02, \u00e0s 22h, livre \u2013 Show de Frejat<\/em><\/p>\n\n\n\n<p><em>04\/02, \u00e0s 21h, livre \u2013 Show de Biquini<\/em><\/p>\n\n\n\n<p><em>03\/02, \u00e0s 19h, livre \u2013 Grupo Os Bartira<\/em><\/p>\n\n\n\n<p><em>04\/02, \u00e0s 18h, livre \u2013 Grupo Samba da Madeira<\/em><\/p>\n\n\n\n<p><em>04\/02, \u00e0s 07h, livre \u2013 Corrida Sesc Ver\u00e3o (ligando duas cidades contempladas com o Sesc Ver\u00e3o: Casimiro de Abreu e Rio das Ostras)<\/em><\/p>\n\n\n\n<p><em>04\/02, \u00e0s 16h, livre \u2013 Jogo das Estrelas (apresenta\u00e7\u00e3o com ex-jogadores de renome internacional do futebol)<\/em><\/p>\n\n\n\n<p><em>04\/02, \u00e0s 16h, livre \u2013 Espet\u00e1culo &#8220;Andejo&#8221;<\/em><\/p>\n\n\n\n<p><em>De 20\/01 a 04\/02, das 14h \u00e0s 18h, livre \u2013 Arena Fut<\/em><\/p>\n\n\n\n<p><em>De 20\/01 a 04\/02, \u00e0s 16h, livre \u2013 Esta\u00e7\u00e3o com diversos jogos, brinquedos e brincadeiras<\/em><\/p>\n\n\n\n<p><em>27\/01, das 14h \u00e0s 17h, livre \u2013 Oficinas &#8220;Vem Pra Luta Amada&#8221;<\/em><\/p>\n\n\n\n<p><em>20\/01 a 04\/02, das 14h \u00e0s 18h, livre \u2013 Exposi\u00e7\u00e3o Sa\u00fade na Praia<\/em><\/p>\n\n\n\n<p><em>20 e 28\/01, e 03\/02, das 16h \u00e0s 18h, livre \u2013 Interven\u00e7\u00e3o art\u00edstica itinerante em sa\u00fade &#8220;Pescadores de Ilus\u00f5es &#8211; Sa\u00fade no Ver\u00e3o&#8221;<\/em><\/p>\n\n\n\n<p><em>De 20\/01 a 04\/02, das 14h \u00e0s 18h, livre \u2013 Exposi\u00e7\u00e3o interativa &#8220;Ah, Que Del\u00edcia O Ver\u00e3o: Ver\u00e3o com Sa\u00fade&#8221;<\/em><\/p>\n\n\n\n<p><em>20, 21, 27 e 28\/01, 03 e 04\/02, das 14h \u00e0s 18h, livre \u2013 Ocupa\u00e7\u00e3o Liter\u00e1ria<\/em><\/p>\n\n\n\n<p><em>De 20\/01 a 04\/02, das 14h \u00e0s 20h, livre \u2013 Instala\u00e7\u00e3o Rede Social<\/em><\/p>\n\n\n\n<p><em>De 20\/01 a 04\/02, das 14h \u00e0s 20h, livre \u2013 Exposi\u00e7\u00e3o Roda de Inven\u00e7\u00f5es<\/em><\/p>\n\n\n\n<p><em>De 20\/01 a 04\/02, das 14h \u00e0s 20h, livre \u2013 Oficina Tinkering<\/em><\/p>\n\n\n\n<p><em>De 20\/01 a 04\/02, das 14h \u00e0s 20h, livre \u2013 Oficina Roda das Inven\u00e7\u00f5es (aulas de canto e cria\u00e7\u00e3o de instrumentos dos povos origin\u00e1rios brasileiros, conta\u00e7\u00e3o de hist\u00f3rias e compartilhamento de mem\u00f3rias)<\/em><\/p>\n\n\n\n<p><em>De 20\/01 a 04\/02, das 14h \u00e0s 20h, livre \u2013 Oficina Criaturas Fant\u00e1sticas da Ilha de Corso (personagens fant\u00e1sticos com diferentes materiais, proporcionar criatividade, inven\u00e7\u00e3o e colabora\u00e7\u00e3o)<\/em><\/p>\n\n\n\n<p><em>De 20\/01 a 04\/02, das 14h \u00e0s 18h, livre \u2013 Recrea\u00e7\u00e3o esportiva com aul\u00f5es de Beach Tennis, Futev\u00f4lei, V\u00f4lei de praia, Beach soccer e Frescobol<\/em><\/p>\n\n\n\n<p><em>De 20\/01 a 04\/02, das 14h \u00e0s 18h, livre \u2013 Espa\u00e7o Recrea\u00e7\u00e3o<\/em><\/p>\n\n\n\n<p><em>Fonte: Gracie Croce<\/em><\/p>\n","protected":false},"excerpt":{"rendered":"<p>Shows de Ritchie e Diogo Nogueira, al\u00e9m de oficinas esportivas com&nbsp;o ex-jogador do Flamengo Diego Ribas e as atletas do time de&nbsp;V\u00f4lei Sesc Flamengo agitam o Prai\u00e3o, em Barra de S\u00e3o Jo\u00e3o O Sesc Ver\u00e3o 2024 em Casimiro de Abreu continua oferecendo uma variedade de atividades para toda a fam\u00edlia. A programa\u00e7\u00e3o inclui shows de [&hellip;]<\/p>\n","protected":false},"author":2,"featured_media":14727,"comment_status":"closed","ping_status":"closed","sticky":false,"template":"","format":"standard","meta":{"postBodyCss":"","postBodyMargin":[],"postBodyPadding":[],"postBodyBackground":{"backgroundType":"classic","gradient":""},"footnotes":""},"categories":[51,122,86,46,43],"tags":[248,110,90,336],"class_list":["post-14725","post","type-post","status-publish","format-standard","has-post-thumbnail","hentry","category-barra-de-sao-joao","category-casimiro-de-abreu","category-cultura","category-diversao","category-regiao","tag-esporte","tag-futebol","tag-shows","tag-volei"],"aioseo_notices":[],"_links":{"self":[{"href":"https:\/\/aconteceemmacaeeregiao.com.br\/index.php\/wp-json\/wp\/v2\/posts\/14725","targetHints":{"allow":["GET"]}}],"collection":[{"href":"https:\/\/aconteceemmacaeeregiao.com.br\/index.php\/wp-json\/wp\/v2\/posts"}],"about":[{"href":"https:\/\/aconteceemmacaeeregiao.com.br\/index.php\/wp-json\/wp\/v2\/types\/post"}],"author":[{"embeddable":true,"href":"https:\/\/aconteceemmacaeeregiao.com.br\/index.php\/wp-json\/wp\/v2\/users\/2"}],"replies":[{"embeddable":true,"href":"https:\/\/aconteceemmacaeeregiao.com.br\/index.php\/wp-json\/wp\/v2\/comments?post=14725"}],"version-history":[{"count":0,"href":"https:\/\/aconteceemmacaeeregiao.com.br\/index.php\/wp-json\/wp\/v2\/posts\/14725\/revisions"}],"wp:featuredmedia":[{"embeddable":true,"href":"https:\/\/aconteceemmacaeeregiao.com.br\/index.php\/wp-json\/wp\/v2\/media\/14727"}],"wp:attachment":[{"href":"https:\/\/aconteceemmacaeeregiao.com.br\/index.php\/wp-json\/wp\/v2\/media?parent=14725"}],"wp:term":[{"taxonomy":"category","embeddable":true,"href":"https:\/\/aconteceemmacaeeregiao.com.br\/index.php\/wp-json\/wp\/v2\/categories?post=14725"},{"taxonomy":"post_tag","embeddable":true,"href":"https:\/\/aconteceemmacaeeregiao.com.br\/index.php\/wp-json\/wp\/v2\/tags?post=14725"}],"curies":[{"name":"wp","href":"https:\/\/api.w.org\/{rel}","templated":true}]}}