{"id":14730,"date":"2024-01-29T22:42:31","date_gmt":"2024-01-30T01:42:31","guid":{"rendered":"https:\/\/aconteceemmacaeeregiao.com.br\/?p=14730"},"modified":"2024-01-29T22:42:31","modified_gmt":"2024-01-30T01:42:31","slug":"mais-de-3-300-oportunidades-de-emprego-formal-estagio-e-jovem-aprendiz","status":"publish","type":"post","link":"https:\/\/aconteceemmacaeeregiao.com.br\/index.php\/2024\/01\/29\/mais-de-3-300-oportunidades-de-emprego-formal-estagio-e-jovem-aprendiz\/","title":{"rendered":"Mais de 3.300 oportunidades de emprego formal, est\u00e1gio e jovem aprendiz"},"content":{"rendered":"\n<p>A Secretaria de Trabalho e Renda, em parceria com o CIEE e Funda\u00e7\u00e3o Mudes, oferece 3.356 oportunidades de emprego formal,<a href=\"https:\/\/aconteceemmacaeeregiao.com.br\/index.php\/2023\/12\/07\/brk-lanca-programa-de-estagio-2024-com-vaga-para-macae\/\" title=\"BRK lan\u00e7a Programa de Est\u00e1gio 2024 com vaga para Maca\u00e9\"> est\u00e1gio<\/a> e jovem aprendiz no Estado do Rio. Na regi\u00e3o Metropolitana, M\u00e9dio Para\u00edba e Serrana, h\u00e1 889 vagas de emprego com carteira assinada, incluindo 130 destinadas a pessoas com defici\u00eancia. <\/p>\n\n\n\n<p>Al\u00e9m disso, h\u00e1 2.467 oportunidades para est\u00e1gio e jovem aprendiz em v\u00e1rios munic\u00edpios do Rio de Janeiro. As vagas incluem diversas \u00e1reas e exig\u00eancias de escolaridade, proporcionando oportunidades para diferentes perfis. A Secretaria destaca a import\u00e2ncia de manter cadastro e curr\u00edculo atualizados no Sistema Nacional de <a href=\"https:\/\/aconteceemmacaeeregiao.com.br\/index.php\/2024\/01\/23\/portal-de-vagas-da-solides-com-mais-de-100-oportunidades-de-emprego\/\" title=\"Portal de Vagas da S\u00f3lides com mais de 100 oportunidades de emprego\">Emprego<\/a> para facilitar a an\u00e1lise do perfil do candidato em rela\u00e7\u00e3o \u00e0s vagas dispon\u00edveis. <\/p>\n\n\n\n<p>O Observat\u00f3rio do Trabalho destaca que as vagas formais est\u00e3o concentradas nos setores de com\u00e9rcio e servi\u00e7os, com remunera\u00e7\u00e3o predominantemente at\u00e9 dois sal\u00e1rios m\u00ednimos. <\/p>\n\n\n\n<p>O cadastro e atualiza\u00e7\u00e3o podem ser feitos nas unidades do Sine, e os detalhes das vagas est\u00e3o dispon\u00edveis no Painel Interativo de Vagas da <a href=\"http:\/\/www.trabalho.rj.gov.br\/\" title=\"\">Secretaria de Trabalho e Renda<\/a>. Al\u00e9m disso, h\u00e1 636 vagas de est\u00e1gio <a href=\"https:\/\/www.mudes.org.br\/\" title=\"\">oferecidas pela Funda\u00e7\u00e3o Mudes<\/a> e 1.831 pelo CIEE, abrangendo diferentes n\u00edveis de escolaridade. <\/p>\n\n\n\n<p>Os interessados podem se candidatar pelos sites das respectivas institui\u00e7\u00f5es.<\/p>\n\n\n\n<p><em>Fonte: N\u00facleo de Imprensa do Governo do Estado do Rio de Janeiro<\/em><\/p>\n","protected":false},"excerpt":{"rendered":"<p>A Secretaria de Trabalho e Renda, em parceria com o CIEE e Funda\u00e7\u00e3o Mudes, oferece 3.356 oportunidades de emprego formal, est\u00e1gio e jovem aprendiz no Estado do Rio. Na regi\u00e3o Metropolitana, M\u00e9dio Para\u00edba e Serrana, h\u00e1 889 vagas de emprego com carteira assinada, incluindo 130 destinadas a pessoas com defici\u00eancia. Al\u00e9m disso, h\u00e1 2.467 oportunidades [&hellip;]<\/p>\n","protected":false},"author":2,"featured_media":14732,"comment_status":"closed","ping_status":"closed","sticky":false,"template":"","format":"standard","meta":{"postBodyCss":"","postBodyMargin":[],"postBodyPadding":[],"postBodyBackground":{"backgroundType":"classic","gradient":""},"footnotes":""},"categories":[73,43],"tags":[77,82,74,87],"class_list":["post-14730","post","type-post","status-publish","format-standard","has-post-thumbnail","hentry","category-emprego","category-regiao","tag-emprego","tag-oportunidade","tag-rio-de-janeiro","tag-vagas"],"aioseo_notices":[],"_links":{"self":[{"href":"https:\/\/aconteceemmacaeeregiao.com.br\/index.php\/wp-json\/wp\/v2\/posts\/14730","targetHints":{"allow":["GET"]}}],"collection":[{"href":"https:\/\/aconteceemmacaeeregiao.com.br\/index.php\/wp-json\/wp\/v2\/posts"}],"about":[{"href":"https:\/\/aconteceemmacaeeregiao.com.br\/index.php\/wp-json\/wp\/v2\/types\/post"}],"author":[{"embeddable":true,"href":"https:\/\/aconteceemmacaeeregiao.com.br\/index.php\/wp-json\/wp\/v2\/users\/2"}],"replies":[{"embeddable":true,"href":"https:\/\/aconteceemmacaeeregiao.com.br\/index.php\/wp-json\/wp\/v2\/comments?post=14730"}],"version-history":[{"count":0,"href":"https:\/\/aconteceemmacaeeregiao.com.br\/index.php\/wp-json\/wp\/v2\/posts\/14730\/revisions"}],"wp:featuredmedia":[{"embeddable":true,"href":"https:\/\/aconteceemmacaeeregiao.com.br\/index.php\/wp-json\/wp\/v2\/media\/14732"}],"wp:attachment":[{"href":"https:\/\/aconteceemmacaeeregiao.com.br\/index.php\/wp-json\/wp\/v2\/media?parent=14730"}],"wp:term":[{"taxonomy":"category","embeddable":true,"href":"https:\/\/aconteceemmacaeeregiao.com.br\/index.php\/wp-json\/wp\/v2\/categories?post=14730"},{"taxonomy":"post_tag","embeddable":true,"href":"https:\/\/aconteceemmacaeeregiao.com.br\/index.php\/wp-json\/wp\/v2\/tags?post=14730"}],"curies":[{"name":"wp","href":"https:\/\/api.w.org\/{rel}","templated":true}]}}