{"id":14734,"date":"2024-01-29T22:58:29","date_gmt":"2024-01-30T01:58:29","guid":{"rendered":"https:\/\/aconteceemmacaeeregiao.com.br\/?p=14734"},"modified":"2024-01-29T22:58:30","modified_gmt":"2024-01-30T01:58:30","slug":"macae-com-237-vagas-de-emprego","status":"publish","type":"post","link":"https:\/\/aconteceemmacaeeregiao.com.br\/index.php\/2024\/01\/29\/macae-com-237-vagas-de-emprego\/","title":{"rendered":"Maca\u00e9 com 237 vagas de emprego"},"content":{"rendered":"\n<p>A Central do Trabalhador de Maca\u00e9, gerenciada pela Secretaria Adjunta de Trabalho e Renda do munic\u00edpio, est\u00e1 divulgando 237 oportunidades de emprego para a semana. <\/p>\n\n\n\n<p>Dentre as vagas, 20 s\u00e3o exclusivas para PCD, e outras incluem posi\u00e7\u00f5es como cozinheiro mar\u00edtimo, motorista escolar, taifeiro mar\u00edtimo, abrangendo diversas <a href=\"https:\/\/www.portaldocomercio.org.br\/entidade\/fecomercio-rj\" title=\"\">categorias <\/a>e n\u00edveis de escolaridade (fundamental, m\u00e9dio, t\u00e9cnico e superior). <\/p>\n\n\n\n<p>Os interessados podem se dirigir \u00e0 sede da<a href=\"https:\/\/aconteceemmacaeeregiao.com.br\/index.php\/2023\/07\/03\/central-do-trabalhador-divulga-212-oportunidades-nesta-segunda-03\/\" title=\"Central do Trabalhador divulga 212 oportunidades nesta segunda (03)\"> Central do Trabalhador no Edif\u00edcio<\/a> Comercial Lotus, Praia Campista, de 8h \u00e0s 17h. <\/p>\n\n\n\n<p>Caso n\u00e3o encontrem uma vaga adequada, \u00e9 poss\u00edvel realizar o cadastro online. A lista completa de vagas est\u00e1 dispon\u00edvel no portal da prefeitura, com links espec\u00edficos para o cadastro online tanto para empregadores quanto para<a href=\"https:\/\/aconteceemmacaeeregiao.com.br\/index.php\/category\/macae\/\" title=\"\"> trabalhadores<\/a>.<\/p>\n\n\n\n<p><a href=\"https:\/\/sistemas.macae.rj.gov.br:84\/trabalhoerenda\/index\/mural\">Clique e confira a lista completa de vagas dispon\u00edveis nesta semana<\/a>.<br><a href=\"https:\/\/sistemas.macae.rj.gov.br:84\/trabalhoerenda\/\">Acesso para o empres\u00e1rio cadastrar vagas de emprego e para o trabalhador cadastrar seu curr\u00edculo.<\/a><\/p>\n\n\n\n<p><em><a href=\"https:\/\/macae.rj.gov.br\/noticias\/leitura\/noticia\/macae-e-destaque-em-campeonato-estadual-de-kickboxing\" title=\"\">Fonte Secom C\u00e2mara de Maca\u00e9<\/a><\/em><\/p>\n\n\n\n<p><a href=\"https:\/\/macae.rj.gov.br\/noticias\/leitura\/noticia\/semana-comeca-com-237-vagas-de-emprego-em-macae\">https:\/\/macae.rj.gov.br\/noticias\/leitura\/noticia\/semana-comeca-com-237-vagas-de-emprego-em-macae<\/a><\/p>\n","protected":false},"excerpt":{"rendered":"<p>A Central do Trabalhador de Maca\u00e9, gerenciada pela Secretaria Adjunta de Trabalho e Renda do munic\u00edpio, est\u00e1 divulgando 237 oportunidades de emprego para a semana. Dentre as vagas, 20 s\u00e3o exclusivas para PCD, e outras incluem posi\u00e7\u00f5es como cozinheiro mar\u00edtimo, motorista escolar, taifeiro mar\u00edtimo, abrangendo diversas categorias e n\u00edveis de escolaridade (fundamental, m\u00e9dio, t\u00e9cnico e [&hellip;]<\/p>\n","protected":false},"author":2,"featured_media":14736,"comment_status":"closed","ping_status":"closed","sticky":false,"template":"","format":"standard","meta":{"postBodyCss":"","postBodyMargin":[],"postBodyPadding":[],"postBodyBackground":{"backgroundType":"classic","gradient":""},"footnotes":""},"categories":[73,42],"tags":[77,82,89,87],"class_list":["post-14734","post","type-post","status-publish","format-standard","has-post-thumbnail","hentry","category-emprego","category-macae","tag-emprego","tag-oportunidade","tag-prefeitura","tag-vagas"],"aioseo_notices":[],"_links":{"self":[{"href":"https:\/\/aconteceemmacaeeregiao.com.br\/index.php\/wp-json\/wp\/v2\/posts\/14734","targetHints":{"allow":["GET"]}}],"collection":[{"href":"https:\/\/aconteceemmacaeeregiao.com.br\/index.php\/wp-json\/wp\/v2\/posts"}],"about":[{"href":"https:\/\/aconteceemmacaeeregiao.com.br\/index.php\/wp-json\/wp\/v2\/types\/post"}],"author":[{"embeddable":true,"href":"https:\/\/aconteceemmacaeeregiao.com.br\/index.php\/wp-json\/wp\/v2\/users\/2"}],"replies":[{"embeddable":true,"href":"https:\/\/aconteceemmacaeeregiao.com.br\/index.php\/wp-json\/wp\/v2\/comments?post=14734"}],"version-history":[{"count":0,"href":"https:\/\/aconteceemmacaeeregiao.com.br\/index.php\/wp-json\/wp\/v2\/posts\/14734\/revisions"}],"wp:featuredmedia":[{"embeddable":true,"href":"https:\/\/aconteceemmacaeeregiao.com.br\/index.php\/wp-json\/wp\/v2\/media\/14736"}],"wp:attachment":[{"href":"https:\/\/aconteceemmacaeeregiao.com.br\/index.php\/wp-json\/wp\/v2\/media?parent=14734"}],"wp:term":[{"taxonomy":"category","embeddable":true,"href":"https:\/\/aconteceemmacaeeregiao.com.br\/index.php\/wp-json\/wp\/v2\/categories?post=14734"},{"taxonomy":"post_tag","embeddable":true,"href":"https:\/\/aconteceemmacaeeregiao.com.br\/index.php\/wp-json\/wp\/v2\/tags?post=14734"}],"curies":[{"name":"wp","href":"https:\/\/api.w.org\/{rel}","templated":true}]}}