{"id":14738,"date":"2024-01-29T23:14:40","date_gmt":"2024-01-30T02:14:40","guid":{"rendered":"https:\/\/aconteceemmacaeeregiao.com.br\/?p=14738"},"modified":"2024-01-29T23:14:41","modified_gmt":"2024-01-30T02:14:41","slug":"edital-2024-oportunidade-para-turmas-avancadas-de-ingles-e-espanhol","status":"publish","type":"post","link":"https:\/\/aconteceemmacaeeregiao.com.br\/index.php\/2024\/01\/29\/edital-2024-oportunidade-para-turmas-avancadas-de-ingles-e-espanhol\/","title":{"rendered":"Edital 2024: Oportunidade para Turmas Avan\u00e7adas de Ingl\u00eas e Espanhol"},"content":{"rendered":"\n<p>A Secretaria Municipal Adjunta de Ensino Superior, por meio do Centro Municipal de Idiomas (CMI), divulga o Edital n\u00ba 001\/2024 para as Provas de Nivelamento, visando matr\u00edculas em<a href=\"https:\/\/aconteceemmacaeeregiao.com.br\/index.php\/2023\/10\/04\/brk-qualifica-forma-turma-de-2023-do-curso-de-bombeiros-e-bombeiras-hidraulicos\/\" title=\"BRK Qualifica forma turma de 2023 do curso de bombeiros e bombeiras hidr\u00e1ulicos \u00a0\"> turmas<\/a> avan\u00e7adas de Ingl\u00eas e Espanhol no 1\u00ba semestre de 2024, a partir de fevereiro. <\/p>\n\n\n\n<p>As<a href=\"https:\/\/aconteceemmacaeeregiao.com.br\/index.php\/2024\/01\/24\/segundo-fim-de-semana-do-sesc-verao-2024-em-casimiro-de-abreu\/\" title=\"Segundo fim de semana do Sesc Ver\u00e3o 2024\u00a0em\u00a0Casimiro de Abreu\"> provas <\/a>avaliar\u00e3o a express\u00e3o oral e escrita, al\u00e9m da compreens\u00e3o leitora e auditiva em ingl\u00eas ou espanhol. Podem se inscrever alunos da<a href=\"https:\/\/aconteceemmacaeeregiao.com.br\/index.php\/2023\/11\/30\/testemunhas-de-jeova-100-anos-de-educacao-e-ensino-no-brasil\/\" title=\"Testemunhas de Jeov\u00e1 \u2014 100 anos de educa\u00e7\u00e3o e ensino no Brasil\"> Educa\u00e7\u00e3o<\/a> B\u00e1sica e adultos com conhecimento nas l\u00ednguas. <\/p>\n\n\n\n<p>As inscri\u00e7\u00f5es ocorrem de 29 de janeiro a 02 de fevereiro, das 8h \u00e0s 12h e das 14h \u00e0s 16h, na Secretaria Municipal Adjunta de Ensino Superior, localizada na Cidade Universit\u00e1ria (Rua Alo\u00edsio da Silva Gomes, 50, bairro Granja dos Cavaleiros).<br>Para acessar as informa\u00e7\u00f5es completas,\u00a0<a href=\"https:\/\/macae.rj.gov.br\/ensinosuperior\/conteudo\/titulo\/cmi-centro-municipal-de-idiomas\">clique aqui e acesse o Edital 2024<\/a>.<\/p>\n\n\n\n<p><em><a href=\"https:\/\/macae.rj.gov.br\/noticias\/leitura\/noticia\/macae-e-destaque-em-campeonato-estadual-de-kickboxing\" title=\"\">Fonte Secom C\u00e2mara de Maca\u00e9<\/a><\/em><\/p>\n\n\n\n<p><a href=\"https:\/\/macae.rj.gov.br\/noticias\/leitura\/noticia\/centro-de-idiomas-lanca-edital-para-nivelamento-em-ingles-e-espanhol\">https:\/\/macae.rj.gov.br\/noticias\/leitura\/noticia\/centro-de-idiomas-lanca-edital-para-nivelamento-em-ingles-e-espanhol<\/a><\/p>\n","protected":false},"excerpt":{"rendered":"<p>A Secretaria Municipal Adjunta de Ensino Superior, por meio do Centro Municipal de Idiomas (CMI), divulga o Edital n\u00ba 001\/2024 para as Provas de Nivelamento, visando matr\u00edculas em turmas avan\u00e7adas de Ingl\u00eas e Espanhol no 1\u00ba semestre de 2024, a partir de fevereiro. As provas avaliar\u00e3o a express\u00e3o oral e escrita, al\u00e9m da compreens\u00e3o leitora [&hellip;]<\/p>\n","protected":false},"author":2,"featured_media":14740,"comment_status":"closed","ping_status":"closed","sticky":false,"template":"","format":"standard","meta":{"postBodyCss":"","postBodyMargin":[],"postBodyPadding":[],"postBodyBackground":{"backgroundType":"classic","gradient":""},"footnotes":""},"categories":[61,42],"tags":[132,149,238,82,89],"class_list":["post-14738","post","type-post","status-publish","format-standard","has-post-thumbnail","hentry","category-educacao","category-macae","tag-cursos-gratuitos","tag-edital","tag-idiomas","tag-oportunidade","tag-prefeitura"],"aioseo_notices":[],"_links":{"self":[{"href":"https:\/\/aconteceemmacaeeregiao.com.br\/index.php\/wp-json\/wp\/v2\/posts\/14738","targetHints":{"allow":["GET"]}}],"collection":[{"href":"https:\/\/aconteceemmacaeeregiao.com.br\/index.php\/wp-json\/wp\/v2\/posts"}],"about":[{"href":"https:\/\/aconteceemmacaeeregiao.com.br\/index.php\/wp-json\/wp\/v2\/types\/post"}],"author":[{"embeddable":true,"href":"https:\/\/aconteceemmacaeeregiao.com.br\/index.php\/wp-json\/wp\/v2\/users\/2"}],"replies":[{"embeddable":true,"href":"https:\/\/aconteceemmacaeeregiao.com.br\/index.php\/wp-json\/wp\/v2\/comments?post=14738"}],"version-history":[{"count":0,"href":"https:\/\/aconteceemmacaeeregiao.com.br\/index.php\/wp-json\/wp\/v2\/posts\/14738\/revisions"}],"wp:featuredmedia":[{"embeddable":true,"href":"https:\/\/aconteceemmacaeeregiao.com.br\/index.php\/wp-json\/wp\/v2\/media\/14740"}],"wp:attachment":[{"href":"https:\/\/aconteceemmacaeeregiao.com.br\/index.php\/wp-json\/wp\/v2\/media?parent=14738"}],"wp:term":[{"taxonomy":"category","embeddable":true,"href":"https:\/\/aconteceemmacaeeregiao.com.br\/index.php\/wp-json\/wp\/v2\/categories?post=14738"},{"taxonomy":"post_tag","embeddable":true,"href":"https:\/\/aconteceemmacaeeregiao.com.br\/index.php\/wp-json\/wp\/v2\/tags?post=14738"}],"curies":[{"name":"wp","href":"https:\/\/api.w.org\/{rel}","templated":true}]}}