{"id":14780,"date":"2024-01-31T23:54:55","date_gmt":"2024-02-01T02:54:55","guid":{"rendered":"https:\/\/aconteceemmacaeeregiao.com.br\/?p=14780"},"modified":"2024-01-31T23:54:55","modified_gmt":"2024-02-01T02:54:55","slug":"sesc-verao-2024-em-rio-das-ostras-ultimo-fim-de-semana-de-cultura-esportes-e-solidariedade","status":"publish","type":"post","link":"https:\/\/aconteceemmacaeeregiao.com.br\/index.php\/2024\/01\/31\/sesc-verao-2024-em-rio-das-ostras-ultimo-fim-de-semana-de-cultura-esportes-e-solidariedade\/","title":{"rendered":"Sesc Ver\u00e3o 2024 em Rio das Ostras: \u00faltimo fim de semana de cultura, esportes e solidariedade"},"content":{"rendered":"\n<p>O \u00faltimo fim de semana do Sesc Ver\u00e3o 2024 em Rio das Ostras promete uma extensa e variada programa\u00e7\u00e3o gratuita, envolvendo m\u00fasica, esportes, lazer e cultura. O evento, que ocorre em 28 munic\u00edpios do estado do<a href=\"https:\/\/aconteceemmacaeeregiao.com.br\/index.php\/2024\/01\/01\/8-mil-vagas-do-proa-no-rio-de-janeiro\/\" title=\"8 mil vagas do PROA no Rio de Janeiro\"> Rio de Janeiro<\/a>, encerra suas atividades nos dias 02 a 04 de fevereiro, oferecendo diversas atra\u00e7\u00f5es para toda a fam\u00edlia.<\/p>\n\n\n\n<p><strong>Atra\u00e7\u00f5es Musicais:<\/strong><\/p>\n\n\n\n<ul class=\"wp-block-list\">\n<li>Shows de artistas renomados animar\u00e3o os palcos no Centro e no Camping. Leoni (02\/02, Palco Centro), Zeca Baleiro (03\/02, Camping), Paralamas do Sucesso (04\/02, Camping), Josiel Maia (03\/02, Camping) e Thiago Yoo (04\/02, Camping). Todas as apresenta\u00e7\u00f5es s\u00e3o gratuitas e t\u00eam classifica\u00e7\u00e3o livre.<\/li>\n<\/ul>\n\n\n\n<p><strong>Atividades Esportivas na Praia de Costazul:<\/strong><\/p>\n\n\n\n<ul class=\"wp-block-list\">\n<li>A Praia de Costazul ser\u00e1 palco de torneios de Altinha (04\/02, \u00e0s 14h) e Bodyboarding (03\/02, \u00e0s 8h), al\u00e9m do emocionante Jogo das Estrelas (04\/02, \u00e0s 10h), reunindo ex-jogadores de futebol de renome.<\/li>\n<\/ul>\n\n\n\n<p><strong>Atra\u00e7\u00f5es Culturais e Recreativas:<\/strong><\/p>\n\n\n\n<ul class=\"wp-block-list\">\n<li>Al\u00e9m dos shows e competi\u00e7\u00f5es esportivas, a Praia de Costazul oferecer\u00e1 poesia, teatro, circo e cortejo de <a href=\"https:\/\/aconteceemmacaeeregiao.com.br\/index.php\/2024\/01\/30\/prepare-se-para-o-carnaval-de-forma-saudavel-orientacoes-da-nutricionista\/\" title=\"Prepare-se para o Carnaval de Forma Saud\u00e1vel: Orienta\u00e7\u00f5es da Nutricionista\">Carnaval <\/a>(s\u00e1bado e domingo, a partir das 15h).<\/li>\n<\/ul>\n\n\n\n<p><strong>A\u00e7\u00f5es Sociais e Solid\u00e1rias:<\/strong><\/p>\n\n\n\n<ul class=\"wp-block-list\">\n<li>Durante os shows no Camping, a partir das 18h, o p\u00fablico \u00e9 convidado a contribuir com <a href=\"https:\/\/aconteceemmacaeeregiao.com.br\/index.php\/2023\/12\/07\/campanha-natal-solidario-ja-recebe-doacoes\/\" title=\"Campanha \u2018Natal Solid\u00e1rio\u2019 j\u00e1 recebe doa\u00e7\u00f5es\">doa\u00e7\u00f5es<\/a> de alimentos n\u00e3o perec\u00edveis e absorventes para o projeto Mesa Brasil e Ciclo Solid\u00e1rio, programas de seguran\u00e7a alimentar e nutricional que combatem a fome e o desperd\u00edcio.<\/li>\n<\/ul>\n\n\n\n<p><strong>Reconhecimento e Impacto Local:<\/strong><\/p>\n\n\n\n<ul class=\"wp-block-list\">\n<li>Autoridades locais destacam a parceria entre a prefeitura e o Sesc RJ como um ganho significativo para Rio das Ostras, potencializando o turismo e beneficiando diversos setores, como a rede hoteleira e gastron\u00f4mica.<\/li>\n<\/ul>\n\n\n\n<p><strong>Encerramento com Celebra\u00e7\u00e3o:<\/strong><\/p>\n\n\n\n<ul class=\"wp-block-list\">\n<li>O tema &#8220;Sesc Ver\u00e3o \u00e9 para todos!&#8221; reflete o objetivo do projeto de proporcionar lazer, bem-estar e qualidade de vida a todos os cidad\u00e3os do estado do Rio de Janeiro.<\/li>\n\n\n\n<li>O evento conta com o apoio de parceiros locais, como prefeituras e sindicatos do com\u00e9rcio, para promover o com\u00e9rcio, o desenvolvimento regional, a transforma\u00e7\u00e3o social e o desenvolvimento humano.<\/li>\n<\/ul>\n\n\n\n<p><strong>A programa\u00e7\u00e3o completa e mais detalhes est\u00e3o dispon\u00edveis em <a href=\"http:\/\/www.sescrio.org.br\/\">www.sescrio.org.br<\/a>. O Sesc Ver\u00e3o 2024 em Rio das Ostras \u00e9 uma oportunidade de vivenciar momentos de divers\u00e3o, cultura e esporte, encerrando a edi\u00e7\u00e3o com uma celebra\u00e7\u00e3o vibrante e acess\u00edvel a todos.<\/strong><\/p>\n","protected":false},"excerpt":{"rendered":"<p>O \u00faltimo fim de semana do Sesc Ver\u00e3o 2024 em Rio das Ostras promete uma extensa e variada programa\u00e7\u00e3o gratuita, envolvendo m\u00fasica, esportes, lazer e cultura. O evento, que ocorre em 28 munic\u00edpios do estado do Rio de Janeiro, encerra suas atividades nos dias 02 a 04 de fevereiro, oferecendo diversas atra\u00e7\u00f5es para toda a [&hellip;]<\/p>\n","protected":false},"author":2,"featured_media":14782,"comment_status":"closed","ping_status":"closed","sticky":false,"template":"","format":"standard","meta":{"postBodyCss":"","postBodyMargin":[],"postBodyPadding":[],"postBodyBackground":{"backgroundType":"classic","gradient":""},"footnotes":""},"categories":[86,46,43,49],"tags":[248,156,125],"class_list":["post-14780","post","type-post","status-publish","format-standard","has-post-thumbnail","hentry","category-cultura","category-diversao","category-regiao","category-rio-das-ostras","tag-esporte","tag-sesc","tag-verao"],"aioseo_notices":[],"_links":{"self":[{"href":"https:\/\/aconteceemmacaeeregiao.com.br\/index.php\/wp-json\/wp\/v2\/posts\/14780","targetHints":{"allow":["GET"]}}],"collection":[{"href":"https:\/\/aconteceemmacaeeregiao.com.br\/index.php\/wp-json\/wp\/v2\/posts"}],"about":[{"href":"https:\/\/aconteceemmacaeeregiao.com.br\/index.php\/wp-json\/wp\/v2\/types\/post"}],"author":[{"embeddable":true,"href":"https:\/\/aconteceemmacaeeregiao.com.br\/index.php\/wp-json\/wp\/v2\/users\/2"}],"replies":[{"embeddable":true,"href":"https:\/\/aconteceemmacaeeregiao.com.br\/index.php\/wp-json\/wp\/v2\/comments?post=14780"}],"version-history":[{"count":0,"href":"https:\/\/aconteceemmacaeeregiao.com.br\/index.php\/wp-json\/wp\/v2\/posts\/14780\/revisions"}],"wp:featuredmedia":[{"embeddable":true,"href":"https:\/\/aconteceemmacaeeregiao.com.br\/index.php\/wp-json\/wp\/v2\/media\/14782"}],"wp:attachment":[{"href":"https:\/\/aconteceemmacaeeregiao.com.br\/index.php\/wp-json\/wp\/v2\/media?parent=14780"}],"wp:term":[{"taxonomy":"category","embeddable":true,"href":"https:\/\/aconteceemmacaeeregiao.com.br\/index.php\/wp-json\/wp\/v2\/categories?post=14780"},{"taxonomy":"post_tag","embeddable":true,"href":"https:\/\/aconteceemmacaeeregiao.com.br\/index.php\/wp-json\/wp\/v2\/tags?post=14780"}],"curies":[{"name":"wp","href":"https:\/\/api.w.org\/{rel}","templated":true}]}}