{"id":15004,"date":"2024-02-16T22:18:48","date_gmt":"2024-02-17T01:18:48","guid":{"rendered":"https:\/\/aconteceemmacaeeregiao.com.br\/?p=15004"},"modified":"2024-02-16T22:18:49","modified_gmt":"2024-02-17T01:18:49","slug":"quissama-reforca-seguranca-com-chegada-da-5a-cia-da-pm","status":"publish","type":"post","link":"https:\/\/aconteceemmacaeeregiao.com.br\/index.php\/2024\/02\/16\/quissama-reforca-seguranca-com-chegada-da-5a-cia-da-pm\/","title":{"rendered":"Quissam\u00e3 refor\u00e7a seguran\u00e7a com chegada da 5\u00aa Cia da PM"},"content":{"rendered":"\n<p>Quissam\u00e3 deu um passo importante na seguran\u00e7a p\u00fablica com a instala\u00e7\u00e3o da 5\u00aa Companhia do 32\u00ba Batalh\u00e3o da Pol\u00edcia Militar. O an\u00fancio oficial rolou nesta sexta-feira, na sede provis\u00f3ria da 5\u00aa Cia, com a presen\u00e7a da prefeita <a href=\"https:\/\/aconteceemmacaeeregiao.com.br\/index.php\/2023\/08\/02\/fatima-participa-de-reuniao-em-brasilia-para-adesao-no-minha-casa-minha-vida\/\" title=\"F\u00e1tima participa de reuni\u00e3o em Bras\u00edlia para ades\u00e3o no Minha Casa, Minha Vida\u00a0\">F\u00e1tima Pacheco<\/a>, do secret\u00e1rio de Seguran\u00e7a P\u00fablica e Tr\u00e2nsito, Paulo Vitor Arquejada, e do comandante da 5\u00aa Cia, capit\u00e3o Aued Castilho.<\/p>\n\n\n\n<p>A prefeita F\u00e1tima Pacheco enfatizou que a chegada da 5\u00aa Cia \u00e9 fruto de um di\u00e1logo constante com a C\u00e2mara Municipal, o 32\u00ba BPM e a Secretaria de Estado de Seguran\u00e7a P\u00fablica. Ela ressaltou que a seguran\u00e7a \u00e9 fundamental para a popula\u00e7\u00e3o e para o <a href=\"https:\/\/aconteceemmacaeeregiao.com.br\/index.php\/2023\/07\/13\/dieta-nutritiva-e-suplementacao-vitaminica-contribuem-para-o-desenvolvimento-e-a-boa-saude-do-feto\/\" title=\"Dieta nutritiva e suplementa\u00e7\u00e3o vitam\u00ednica contribuem para o desenvolvimento e a boa sa\u00fade do feto\">desenvolvimento<\/a> do munic\u00edpio, e que a presen\u00e7a da 5\u00aa Cia vai ampliar a prote\u00e7\u00e3o aos quissamaenses, com mais policiais e viaturas.<\/p>\n\n\n\n<p>A sede provis\u00f3ria est\u00e1 bem localizada, no Centro do munic\u00edpio, na Rua Frei Jo\u00e3o Batista, n\u00ba 209.<\/p>\n\n\n\n<p>O secret\u00e1rio de Seguran\u00e7a P\u00fablica e Tr\u00e2nsito, Paulo Vitor Arquejada, comentou que a chegada da 5\u00aa Cia vai possibilitar avan\u00e7os como aumento do n\u00famero de policiais, viaturas e estrutura na \u00e1rea de seguran\u00e7a p\u00fablica, contando sempre com a colabora\u00e7\u00e3o da <a href=\"https:\/\/aconteceemmacaeeregiao.com.br\/index.php\/2023\/05\/04\/prefeitura-entrega-coletes-balisticos-para-agentes-da-guarda-municipal\/\" title=\"Prefeitura entrega coletes bal\u00edsticos para agentes da Guarda Municipal\u00a0\u00a0\">Guarda Civil Municipal<\/a>.<\/p>\n\n\n\n<p>O capit\u00e3o Aued Castilho destacou que a presen\u00e7a da 5\u00aa Cia vai contribuir para o controle interno e administrativo, facilitando a integra\u00e7\u00e3o com a 130\u00aa Delegacia de Pol\u00edcia, o F\u00f3rum e o Minist\u00e9rio P\u00fablico, al\u00e9m de otimizar o controle administrativo e aprimorar o planejamento de policiamento ostensivo, com mais policiais nas ruas.<\/p>\n\n\n\n<p><em>Fonte Secom Pref Quissam\u00e3<\/em><\/p>\n","protected":false},"excerpt":{"rendered":"<p>Quissam\u00e3 deu um passo importante na seguran\u00e7a p\u00fablica com a instala\u00e7\u00e3o da 5\u00aa Companhia do 32\u00ba Batalh\u00e3o da Pol\u00edcia Militar. O an\u00fancio oficial rolou nesta sexta-feira, na sede provis\u00f3ria da 5\u00aa Cia, com a presen\u00e7a da prefeita F\u00e1tima Pacheco, do secret\u00e1rio de Seguran\u00e7a P\u00fablica e Tr\u00e2nsito, Paulo Vitor Arquejada, e do comandante da 5\u00aa Cia, [&hellip;]<\/p>\n","protected":false},"author":2,"featured_media":15006,"comment_status":"closed","ping_status":"closed","sticky":false,"template":"","format":"standard","meta":{"postBodyCss":"","postBodyMargin":[],"postBodyPadding":[],"postBodyBackground":{"backgroundType":"classic","gradient":""},"footnotes":""},"categories":[50,43],"tags":[306,89],"class_list":["post-15004","post","type-post","status-publish","format-standard","has-post-thumbnail","hentry","category-quissama","category-regiao","tag-policia-militar","tag-prefeitura"],"aioseo_notices":[],"_links":{"self":[{"href":"https:\/\/aconteceemmacaeeregiao.com.br\/index.php\/wp-json\/wp\/v2\/posts\/15004","targetHints":{"allow":["GET"]}}],"collection":[{"href":"https:\/\/aconteceemmacaeeregiao.com.br\/index.php\/wp-json\/wp\/v2\/posts"}],"about":[{"href":"https:\/\/aconteceemmacaeeregiao.com.br\/index.php\/wp-json\/wp\/v2\/types\/post"}],"author":[{"embeddable":true,"href":"https:\/\/aconteceemmacaeeregiao.com.br\/index.php\/wp-json\/wp\/v2\/users\/2"}],"replies":[{"embeddable":true,"href":"https:\/\/aconteceemmacaeeregiao.com.br\/index.php\/wp-json\/wp\/v2\/comments?post=15004"}],"version-history":[{"count":0,"href":"https:\/\/aconteceemmacaeeregiao.com.br\/index.php\/wp-json\/wp\/v2\/posts\/15004\/revisions"}],"wp:featuredmedia":[{"embeddable":true,"href":"https:\/\/aconteceemmacaeeregiao.com.br\/index.php\/wp-json\/wp\/v2\/media\/15006"}],"wp:attachment":[{"href":"https:\/\/aconteceemmacaeeregiao.com.br\/index.php\/wp-json\/wp\/v2\/media?parent=15004"}],"wp:term":[{"taxonomy":"category","embeddable":true,"href":"https:\/\/aconteceemmacaeeregiao.com.br\/index.php\/wp-json\/wp\/v2\/categories?post=15004"},{"taxonomy":"post_tag","embeddable":true,"href":"https:\/\/aconteceemmacaeeregiao.com.br\/index.php\/wp-json\/wp\/v2\/tags?post=15004"}],"curies":[{"name":"wp","href":"https:\/\/api.w.org\/{rel}","templated":true}]}}