{"id":15022,"date":"2024-02-19T22:38:07","date_gmt":"2024-02-20T01:38:07","guid":{"rendered":"https:\/\/aconteceemmacaeeregiao.com.br\/?p=15022"},"modified":"2024-02-19T22:38:09","modified_gmt":"2024-02-20T01:38:09","slug":"crianca-traqueostomizada-cuidados-especiais-para-saude-e-bem-estar","status":"publish","type":"post","link":"https:\/\/aconteceemmacaeeregiao.com.br\/index.php\/2024\/02\/19\/crianca-traqueostomizada-cuidados-especiais-para-saude-e-bem-estar\/","title":{"rendered":"Crian\u00e7a traqueostomizada: Cuidados especiais para sa\u00fade e bem-estar"},"content":{"rendered":"\n<p>Ontem (18), foi celebrado o Dia Nacional da Crian\u00e7a Traqueostomizada, destacando a import\u00e2ncia de cuidados espec\u00edficos para essas crian\u00e7as. A traqueostomia, procedimento que cria uma abertura na traqueia para facilitar a respira\u00e7\u00e3o, requer aten\u00e7\u00e3o especial tanto dos profissionais de sa\u00fade quanto dos pais e respons\u00e1veis.<\/p>\n\n\n\n<p>De acordo com o 1\u00ba Consenso Cl\u00ednico e Recomenda\u00e7\u00f5es Nacionais sobre Crian\u00e7as Traqueostomizadas, as taxas de mortalidade relacionadas a esse procedimento variam de 0% a 5,9%. As principais causas que levam \u00e0 traqueostomia incluem estenose, disfagia, cardiopatias, <a href=\"https:\/\/aconteceemmacaeeregiao.com.br\/index.php\/2024\/02\/05\/conheca-as-principais-doencas-infecciosas-que-podem-ser-transmitidas-pelo-beijo\/\" title=\"Conhe\u00e7a as principais doen\u00e7as infecciosas que podem ser transmitidas pelo beijo\">doen\u00e7as<\/a> pulmonares e neurol\u00f3gicas, entre outras.<\/p>\n\n\n\n<p>Para garantir o bem-estar dessas <a href=\"https:\/\/aconteceemmacaeeregiao.com.br\/index.php\/2024\/01\/22\/show-pixinguinha-para-criancas-e-peca-premiada-no-teatro-firjan-sesi-macae\/\" title=\"Show, Pixinguinha para crian\u00e7as e pe\u00e7a premiada no Teatro Firjan SESI Maca\u00e9\">crian\u00e7as<\/a>, \u00e9 fundamental seguir cuidados espec\u00edficos. Um manual elaborado pela ABOPe oferece orienta\u00e7\u00f5es valiosas, como a troca da c\u00e2nula de pl\u00e1stico &#8211; inserida na traqueia para facilitar a passagem do ar &#8211; a cada 1 a 3 meses. Al\u00e9m disso, \u00e9 importante manter a pele ao redor limpa e seca, e ficar atento a sinais de infec\u00e7\u00e3o, como mau cheiro ou mudan\u00e7a na cor da secre\u00e7\u00e3o.<\/p>\n\n\n\n<p>Durante a alimenta\u00e7\u00e3o, \u00e9 necess\u00e1rio fazer adapta\u00e7\u00f5es, come\u00e7ando com comidas leves e pastosas e introduzindo pequenos peda\u00e7os aos poucos. \u00c9 essencial que a crian\u00e7a esteja sentada ao ingerir l\u00edquidos para evitar engasgos.<\/p>\n\n\n\n<p>Em celebra\u00e7\u00e3o ao Dia Nacional da Crian\u00e7a Traqueostomizada, a ABOPe e a ABORL-CCF promovem a Campanha de Conscientiza\u00e7\u00e3o, que acontece de 18 a 23 de fevereiro. A iniciativa visa aumentar a visibilidade dessas crian\u00e7as e destacar a import\u00e2ncia da assist\u00eancia profissional adequada. A campanha inclui a\u00e7\u00f5es presenciais em diversos centros especializados e a distribui\u00e7\u00e3o de manuais <a href=\"https:\/\/aconteceemmacaeeregiao.com.br\/index.php\/2024\/01\/22\/firjan-senai-campos-recebe-nesta-terca-22-cursos-gratuitos-sobre-energia-solar\/\" title=\"Firjan SENAI Campos recebe nesta ter\u00e7a (22) cursos gratuitos sobre energia solar\">gratuitos<\/a> sobre os cuidados necess\u00e1rios.<\/p>\n\n\n\n<p>Para mais informa\u00e7\u00f5es e acesso ao manual de cuidados da crian\u00e7a com traqueostomia, acesse o site da ABOPe. Juntos, podemos garantir uma melhor qualidade de vida para essas crian\u00e7as e suas fam\u00edlias.<\/p>\n\n\n\n<p><strong>Servi\u00e7o<\/strong><strong><br><\/strong><em>Campanha do Dia Nacional da Crian\u00e7a Traqueostomizada<\/em><em><br><\/em><br><strong>Data<\/strong>: 18 a 23 de fevereiro<\/p>\n\n\n\n<p><strong>Canais<\/strong>:<br>Academia Brasileira de Otorrinolaringologia Pedi\u00e1trica: Instagram&nbsp;<a href=\"https:\/\/www.instagram.com\/abopediatrica\/\" target=\"_blank\" rel=\"noreferrer noopener\">@abopepediatrica.<\/a><\/p>\n\n\n\n<p>Associa\u00e7\u00e3o Brasileira de Otorrinolaringologia e Cirurgia C\u00e9rvico-Facial: Instagram&nbsp;<a href=\"https:\/\/www.instagram.com\/otorrinoevoce\/\" target=\"_blank\" rel=\"noreferrer noopener\">@otorrinoevoce<\/a><br><strong>Manual de cuidados da crian\u00e7a com traqueostomia:<\/strong>&nbsp;<a href=\"https:\/\/abope.org.br\/\" target=\"_blank\" rel=\"noreferrer noopener\">https:\/\/abope.org.br\/<\/a><\/p>\n\n\n\n<p><strong>Sobre a ABORL-CCF<\/strong><\/p>\n\n\n\n<p>Com mais de 75 anos de atua\u00e7\u00e3o entre Federa\u00e7\u00e3o, Sociedade e Associa\u00e7\u00e3o, a Associa\u00e7\u00e3o Brasileira de Otorrinolaringologia e Cirurgia C\u00e9rvico-Facial (ABORL-CCF), Departamento de Otorrinolaringologia da Associa\u00e7\u00e3o M\u00e9dica Brasileira (AMB), promove o desenvolvimento da especialidade por meio de seus cursos, congressos, projetos de educa\u00e7\u00e3o m\u00e9dica e interc\u00e2mbios cient\u00edficos, entre outras entidades nacionais e internacionais. Busca tamb\u00e9m a defesa da especialidade e luta por melhores formas para uma remunera\u00e7\u00e3o justa em prol dos mais de 8.500 otorrinolaringologistas em todo o pa\u00eds.<\/p>\n","protected":false},"excerpt":{"rendered":"<p>Ontem (18), foi celebrado o Dia Nacional da Crian\u00e7a Traqueostomizada, destacando a import\u00e2ncia de cuidados espec\u00edficos para essas crian\u00e7as. A traqueostomia, procedimento que cria uma abertura na traqueia para facilitar a respira\u00e7\u00e3o, requer aten\u00e7\u00e3o especial tanto dos profissionais de sa\u00fade quanto dos pais e respons\u00e1veis. De acordo com o 1\u00ba Consenso Cl\u00ednico e Recomenda\u00e7\u00f5es Nacionais [&hellip;]<\/p>\n","protected":false},"author":2,"featured_media":15024,"comment_status":"closed","ping_status":"closed","sticky":false,"template":"","format":"standard","meta":{"postBodyCss":"","postBodyMargin":[],"postBodyPadding":[],"postBodyBackground":{"backgroundType":"classic","gradient":""},"footnotes":""},"categories":[78],"tags":[144,241],"class_list":["post-15022","post","type-post","status-publish","format-standard","has-post-thumbnail","hentry","category-saude","tag-bem-viver","tag-criancas"],"aioseo_notices":[],"_links":{"self":[{"href":"https:\/\/aconteceemmacaeeregiao.com.br\/index.php\/wp-json\/wp\/v2\/posts\/15022","targetHints":{"allow":["GET"]}}],"collection":[{"href":"https:\/\/aconteceemmacaeeregiao.com.br\/index.php\/wp-json\/wp\/v2\/posts"}],"about":[{"href":"https:\/\/aconteceemmacaeeregiao.com.br\/index.php\/wp-json\/wp\/v2\/types\/post"}],"author":[{"embeddable":true,"href":"https:\/\/aconteceemmacaeeregiao.com.br\/index.php\/wp-json\/wp\/v2\/users\/2"}],"replies":[{"embeddable":true,"href":"https:\/\/aconteceemmacaeeregiao.com.br\/index.php\/wp-json\/wp\/v2\/comments?post=15022"}],"version-history":[{"count":0,"href":"https:\/\/aconteceemmacaeeregiao.com.br\/index.php\/wp-json\/wp\/v2\/posts\/15022\/revisions"}],"wp:featuredmedia":[{"embeddable":true,"href":"https:\/\/aconteceemmacaeeregiao.com.br\/index.php\/wp-json\/wp\/v2\/media\/15024"}],"wp:attachment":[{"href":"https:\/\/aconteceemmacaeeregiao.com.br\/index.php\/wp-json\/wp\/v2\/media?parent=15022"}],"wp:term":[{"taxonomy":"category","embeddable":true,"href":"https:\/\/aconteceemmacaeeregiao.com.br\/index.php\/wp-json\/wp\/v2\/categories?post=15022"},{"taxonomy":"post_tag","embeddable":true,"href":"https:\/\/aconteceemmacaeeregiao.com.br\/index.php\/wp-json\/wp\/v2\/tags?post=15022"}],"curies":[{"name":"wp","href":"https:\/\/api.w.org\/{rel}","templated":true}]}}