{"id":15026,"date":"2024-02-19T22:52:17","date_gmt":"2024-02-20T01:52:17","guid":{"rendered":"https:\/\/aconteceemmacaeeregiao.com.br\/?p=15026"},"modified":"2024-02-19T23:04:47","modified_gmt":"2024-02-20T02:04:47","slug":"boas-noticias-para-quem-busca-emprego-em-macae-184-vagas-estao-abertas","status":"publish","type":"post","link":"https:\/\/aconteceemmacaeeregiao.com.br\/index.php\/2024\/02\/19\/boas-noticias-para-quem-busca-emprego-em-macae-184-vagas-estao-abertas\/","title":{"rendered":"Boas not\u00edcias para quem busca emprego em Maca\u00e9: 184 vagas est\u00e3o abertas!"},"content":{"rendered":"\n<p>A Secretaria Adjunta de Trabalho e Renda de Maca\u00e9 divulgou esta semana 184 vagas de emprego em diversas \u00e1reas. H\u00e1 oportunidades para l\u00edder de equipe, t\u00e9cnico de seguran\u00e7a do trabalho, mec\u00e2nico de manuten\u00e7\u00e3o de <a href=\"https:\/\/aconteceemmacaeeregiao.com.br\/index.php\/2023\/11\/22\/detran-informa-que-prazo-de-licenciamento-anual-termina-em-30-de-novembro-para-veiculos-com-finais-de-placa-6-7-8-e-9\/\" title=\"Detran informa que prazo de licenciamento anual termina em 30 de novembro para ve\u00edculos com finais de placa 6, 7, 8 e 9\">ve\u00edculos<\/a> automotores, auxiliar de servi\u00e7os gerais, cumim, enfermeiro, montador de andaime II, auxiliar administrativo, ajudante de confeitaria, gerente, empregada dom\u00e9stica, e muito mais.<\/p>\n\n\n\n<p>Os interessados podem se dirigir \u00e0 Central do T<a href=\"https:\/\/aconteceemmacaeeregiao.com.br\/index.php\/category\/macae\/\" title=\"\">rabalhador de Maca\u00e9<\/a>, no Edif\u00edcio Comercial L\u00f3tus, na Avenida Nossa Senhora da Gl\u00f3ria, 1181, Praia Campista. O hor\u00e1rio de atendimento \u00e9 das 8h \u00e0s 17h, de segunda a sexta-feira.<\/p>\n\n\n\n<p>Para conferir a lista completa de vagas, basta acessar o portal da Prefeitura.<\/p>\n\n\n\n<p><a href=\"https:\/\/sistemas.macae.rj.gov.br:84\/trabalhoerenda\/\" title=\"\">A Secretaria tamb\u00e9m disponibiliza um link espec\u00edfico para que os cidad\u00e3os possam cadastrar seus curr\u00edculos online<\/a>. Tamb\u00e9m h\u00e1 uma op\u00e7\u00e3o para que os empres\u00e1rios cadastrem suas vagas de emprego.<\/p>\n\n\n\n<p><em><a href=\"https:\/\/macae.rj.gov.br\/noticias\/leitura\/noticia\/macae-e-destaque-em-campeonato-estadual-de-kickboxing\" title=\"\">Fonte Secom C\u00e2mara de Maca\u00e9<\/a><\/em><\/p>\n\n\n\n<p><a href=\"https:\/\/macae.rj.gov.br\/noticias\/leitura\/noticia\/trabalho-e-renda-divulga-184-vagas-de-emprego\"><em>https:\/\/macae.rj.gov.br\/noticias\/leitura\/noticia\/trabalho-e-renda-divulga-184-vagas-de-emprego<\/em><\/a><\/p>\n","protected":false},"excerpt":{"rendered":"<p>A Secretaria Adjunta de Trabalho e Renda de Maca\u00e9 divulgou esta semana 184 vagas de emprego em diversas \u00e1reas. H\u00e1 oportunidades para l\u00edder de equipe, t\u00e9cnico de seguran\u00e7a do trabalho, mec\u00e2nico de manuten\u00e7\u00e3o de ve\u00edculos automotores, auxiliar de servi\u00e7os gerais, cumim, enfermeiro, montador de andaime II, auxiliar administrativo, ajudante de confeitaria, gerente, empregada dom\u00e9stica, e [&hellip;]<\/p>\n","protected":false},"author":2,"featured_media":15028,"comment_status":"closed","ping_status":"closed","sticky":false,"template":"","format":"standard","meta":{"postBodyCss":"","postBodyMargin":[],"postBodyPadding":[],"postBodyBackground":{"backgroundType":"classic","gradient":""},"footnotes":""},"categories":[42],"tags":[77,82,89,87],"class_list":["post-15026","post","type-post","status-publish","format-standard","has-post-thumbnail","hentry","category-macae","tag-emprego","tag-oportunidade","tag-prefeitura","tag-vagas"],"aioseo_notices":[],"_links":{"self":[{"href":"https:\/\/aconteceemmacaeeregiao.com.br\/index.php\/wp-json\/wp\/v2\/posts\/15026","targetHints":{"allow":["GET"]}}],"collection":[{"href":"https:\/\/aconteceemmacaeeregiao.com.br\/index.php\/wp-json\/wp\/v2\/posts"}],"about":[{"href":"https:\/\/aconteceemmacaeeregiao.com.br\/index.php\/wp-json\/wp\/v2\/types\/post"}],"author":[{"embeddable":true,"href":"https:\/\/aconteceemmacaeeregiao.com.br\/index.php\/wp-json\/wp\/v2\/users\/2"}],"replies":[{"embeddable":true,"href":"https:\/\/aconteceemmacaeeregiao.com.br\/index.php\/wp-json\/wp\/v2\/comments?post=15026"}],"version-history":[{"count":0,"href":"https:\/\/aconteceemmacaeeregiao.com.br\/index.php\/wp-json\/wp\/v2\/posts\/15026\/revisions"}],"wp:featuredmedia":[{"embeddable":true,"href":"https:\/\/aconteceemmacaeeregiao.com.br\/index.php\/wp-json\/wp\/v2\/media\/15028"}],"wp:attachment":[{"href":"https:\/\/aconteceemmacaeeregiao.com.br\/index.php\/wp-json\/wp\/v2\/media?parent=15026"}],"wp:term":[{"taxonomy":"category","embeddable":true,"href":"https:\/\/aconteceemmacaeeregiao.com.br\/index.php\/wp-json\/wp\/v2\/categories?post=15026"},{"taxonomy":"post_tag","embeddable":true,"href":"https:\/\/aconteceemmacaeeregiao.com.br\/index.php\/wp-json\/wp\/v2\/tags?post=15026"}],"curies":[{"name":"wp","href":"https:\/\/api.w.org\/{rel}","templated":true}]}}