{"id":15121,"date":"2024-02-27T00:05:02","date_gmt":"2024-02-27T03:05:02","guid":{"rendered":"https:\/\/aconteceemmacaeeregiao.com.br\/?p=15121"},"modified":"2024-02-27T00:05:04","modified_gmt":"2024-02-27T03:05:04","slug":"dengue-ou-gripe-infectologista-indica-como-diferenciar-sintomas","status":"publish","type":"post","link":"https:\/\/aconteceemmacaeeregiao.com.br\/index.php\/2024\/02\/27\/dengue-ou-gripe-infectologista-indica-como-diferenciar-sintomas\/","title":{"rendered":"Dengue ou gripe: Infectologista indica como diferenciar sintomas"},"content":{"rendered":"\n<p><em><strong>Tratamento depende de orienta\u00e7\u00e3o m\u00e9dica. J\u00e1 o controle da dengue exige participa\u00e7\u00e3o de todos, eliminando focos de prolifera\u00e7\u00e3o do mosquito transmissor<\/strong><\/em><\/p>\n\n\n\n<p>Dengue e gripe s\u00e3o doen\u00e7as que podem produzir sintomas semelhantes. Durante o m\u00eas de janeiro, o Brasil testemunhou um aumento alarmante nos casos de dengue, tr\u00eas vezes maior que no mesmo per\u00edodo de 2023. Ao mesmo tempo, no ver\u00e3o, as pessoas usam mais ambientes com ar-condicionado, provocando o ressecamento das mucosas e fazendo com que as <a href=\"https:\/\/aconteceemmacaeeregiao.com.br\/index.php\/2024\/01\/24\/4-sinais-para-se-auto-observar-neste-janeiro-branco\/\" title=\"4 sinais para se auto-observar neste janeiro branco\">gripes<\/a>, comuns no inverno, tamb\u00e9m ocorram na esta\u00e7\u00e3o mais quente do ano.\u00a0\u00a0<\/p>\n\n\n\n<p>Mas como diferenciar os sintomas de gripe e de dengue?&nbsp;&nbsp;<\/p>\n\n\n\n<p>O m\u00e9dico infectologista da Cl\u00ednica da Cidade, Marco Aur\u00e9lio H. Bastos, explica que as duas doen\u00e7as s\u00e3o provocadas por v\u00edrus: o da <a href=\"https:\/\/aconteceemmacaeeregiao.com.br\/index.php\/2024\/01\/10\/quissama-reforca-combate-a-dengue-com-semana-aedes-zero\/\" title=\"Quissam\u00e3 refor\u00e7a combate \u00e0 Dengue com Semana Aedes Zero\">dengue<\/a> \u00e9 transmitido pelo mosquito\u00a0<em>Aedes aegypti,\u00a0<\/em>enquanto a gripe se espalha pelo ar.\u00a0\u00a0<\/p>\n\n\n\n<p>Alguns sintomas ocorrem nos dois casos, como febre, dores no corpo e na cabe\u00e7a. Mas h\u00e1 outros sintomas que s\u00e3o espec\u00edficos e ajudam no diagn\u00f3stico cl\u00ednico.&nbsp;<\/p>\n\n\n\n<p>No caso da dengue, manchas vermelhas pelo<a href=\"https:\/\/aconteceemmacaeeregiao.com.br\/index.php\/2024\/01\/15\/dica-de-verao-a-importancia-dos-eletrolitos-para-manter-o-corpo-hidratado\/\" title=\"Dica de ver\u00e3o: a import\u00e2ncia dos eletr\u00f3litos para manter o corpo hidratado\"> corpo<\/a>, dor forte na barriga e atr\u00e1s dos olhos, por exemplo. J\u00e1 a gripe se caracteriza pela coriza, dor de garganta e tosse, como indica o quadro abaixo.\u00a0<\/p>\n\n\n\n<p><strong>Sintomas que diferenciam as doen\u00e7as:<\/strong>&nbsp;<\/p>\n\n\n\n<figure class=\"wp-block-table aligncenter\"><table><tbody><tr><td><strong>Gripe<\/strong>&nbsp;<\/td><td><strong>Dengue<\/strong>&nbsp;<\/td><td><strong>Gripe e Dengue<\/strong>&nbsp;<\/td><\/tr><tr><td>Coriza&nbsp;<\/td><td>Manchas pelo corpo&nbsp;<\/td><td>Febre&nbsp;<\/td><\/tr><tr><td>Dor de Garganta&nbsp;<\/td><td>Dor forte na barriga&nbsp;<\/td><td>Dor de cabe\u00e7a&nbsp;<\/td><\/tr><tr><td>Tosse&nbsp;<\/td><td>Dor atr\u00e1s dos olhos&nbsp;<\/td><td>Dor no corpo&nbsp;<\/td><\/tr><tr><td>&nbsp;<\/td><td>Dor nas articula\u00e7\u00f5es&nbsp;<\/td><td>&nbsp;<\/td><\/tr><tr><td>&nbsp;<\/td><td>Press\u00e3o baixa&nbsp;<\/td><td>&nbsp;<\/td><\/tr><\/tbody><\/table><\/figure>\n\n\n\n<p>No caso da dengue, os primeiros sintomas podem aparecer de quatro a 10 dias ap\u00f3s a picada do mosquito infectado.&nbsp;&nbsp;<\/p>\n\n\n\n<p>\u201cA doen\u00e7a pode se manifestar de maneira leve, sem sintomas, ou de forma grave, dependendo do tipo de v\u00edrus envolvido, infec\u00e7\u00f5es pr\u00e9vias pelo v\u00edrus da dengue e fatores individuais, como a presen\u00e7a de doen\u00e7as cr\u00f4nicas, tais como diabetes, asma br\u00f4nquica, entre outros\u201d, afirma o infectologista da franquia Cl\u00ednica da Cidade.&nbsp;<\/p>\n\n\n\n<p>J\u00e1 a gripe \u00e9 uma infec\u00e7\u00e3o respirat\u00f3ria tamb\u00e9m causada por v\u00edrus, o&nbsp;<em>Influenza.&nbsp;<\/em>Os sintomas duram, em m\u00e9dia, sete dias, embora a tosse, o mal-estar e a fadiga possam permanecer por algumas semanas.&nbsp;<\/p>\n\n\n\n<p>\u201cA diferencia\u00e7\u00e3o das duas doen\u00e7as \u00e9 crucial para o in\u00edcio do tratamento adequado, por isso h\u00e1 alguns fatores de aten\u00e7\u00e3o, no caso da gripe os sintomas s\u00e3o respirat\u00f3rios, j\u00e1 a dengue \u00e9 caracterizada pela febre alta e provoca dores nas articula\u00e7\u00f5es e problemas gastrointestinais na maior parte dos casos\u201d, esclarece Marco Aur\u00e9lio.&nbsp;<\/p>\n\n\n\n<p><strong>Tratamento&nbsp;<\/strong>&nbsp;<\/p>\n\n\n\n<p>O Minist\u00e9rio da Sa\u00fade alerta que o tratamento da dengue \u00e9 baseado na reposi\u00e7\u00e3o adequada de l\u00edquidos e o paciente deve seguir orienta\u00e7\u00e3o m\u00e9dica. A recomenda\u00e7\u00e3o \u00e9 para que haja repouso, ingest\u00e3o de l\u00edquidos, al\u00e9m de procurar imediatamente o servi\u00e7o de urg\u00eancia em caso de sangramentos. Outro cuidado \u00e9 nunca se automedicar.&nbsp;<\/p>\n\n\n\n<p>Como n\u00e3o h\u00e1 medicamento espec\u00edfico para dengue, o tratamento se concentra nos sintomas e pode incluir, por decis\u00e3o m\u00e9dica, antit\u00e9rmicos para controlar a febre e analg\u00e9sicos para dor no corpo.&nbsp;<\/p>\n\n\n\n<p><strong>Preven\u00e7\u00e3o<\/strong>&nbsp;<\/p>\n\n\n\n<p>Com a temporada de calor e as fortes chuvas, o especialista chama a aten\u00e7\u00e3o para a participa\u00e7\u00e3o da sociedade no controle da dengue.&nbsp;<\/p>\n\n\n\n<p>\u201cEliminar criadouros do mosquito \u00e9 a melhor forma de preven\u00e7\u00e3o, eliminando focos de \u00e1gua parada, instalando telas mosqueteiras nas portas e janelas, utilizando repelentes apropriados e hidratando-se\u201d, ressalta.&nbsp;<\/p>\n\n\n\n<p><strong>Vacina<\/strong>&nbsp;<\/p>\n\n\n\n<p>O Brasil foi o primeiro pa\u00eds do mundo a incorporar a vacina contra a dengue no sistema p\u00fablico de sa\u00fade. O imunizante, Qdenga, fabricado pela farmac\u00eautica Takeda, aprovado pela Anvisa (Ag\u00eancia Nacional de Vigil\u00e2ncia Sanit\u00e1ria), j\u00e1 come\u00e7ou a ser aplicado e tem uma efic\u00e1cia de 80%.&nbsp;<\/p>\n\n\n\n<p>Apesar de ser recomendado para pessoas de 4 a 60 anos, neste momento, o governo priorizou a aplica\u00e7\u00e3o do imunizante em crian\u00e7as de a partir de 10 anos e adolescentes com at\u00e9 14 anos.&nbsp;&nbsp;<\/p>\n\n\n\n<p>A contraindica\u00e7\u00e3o da vacina se aplica a gestantes, lactantes e pessoas com imunodefici\u00eancia. Pessoas que tiveram dengue recentemente devem tomar a vacina somente ap\u00f3s 6 meses.\u00a0<\/p>\n\n\n\n<p><strong>Sobre a Cl\u00ednica da Cidade&nbsp;&nbsp;&nbsp;&nbsp;&nbsp;<\/strong>&nbsp;&nbsp;<\/p>\n\n\n\n<p>Refer\u00eancia em medicina acess\u00edvel h\u00e1 mais de 20 anos, a Cl\u00ednica da Cidade est\u00e1 presente em 14 Estados. Fundada em 2003, em Campinas, possui nove unidades pr\u00f3prias e 45 franquias em opera\u00e7\u00e3o, modelo de expans\u00e3o implementado a partir de 2018. A rede nasceu com o objetivo de oferecer consultas e exames a um pre\u00e7o justo, como alternativa para quem n\u00e3o tem plano de sa\u00fade e n\u00e3o quer depender do SUS. A rede conta com mais de 500 colaboradores e 2 mil m\u00e9dicos prestadores de servi\u00e7os.&nbsp;&nbsp;&nbsp;<\/p>\n","protected":false},"excerpt":{"rendered":"<p>Tratamento depende de orienta\u00e7\u00e3o m\u00e9dica. J\u00e1 o controle da dengue exige participa\u00e7\u00e3o de todos, eliminando focos de prolifera\u00e7\u00e3o do mosquito transmissor Dengue e gripe s\u00e3o doen\u00e7as que podem produzir sintomas semelhantes. Durante o m\u00eas de janeiro, o Brasil testemunhou um aumento alarmante nos casos de dengue, tr\u00eas vezes maior que no mesmo per\u00edodo de 2023. [&hellip;]<\/p>\n","protected":false},"author":2,"featured_media":15123,"comment_status":"closed","ping_status":"closed","sticky":false,"template":"","format":"standard","meta":{"postBodyCss":"","postBodyMargin":[],"postBodyPadding":[],"postBodyBackground":{"backgroundType":"classic","gradient":""},"footnotes":""},"categories":[78],"tags":[482,459],"class_list":["post-15121","post","type-post","status-publish","format-standard","has-post-thumbnail","hentry","category-saude","tag-dengue","tag-gripe"],"aioseo_notices":[],"_links":{"self":[{"href":"https:\/\/aconteceemmacaeeregiao.com.br\/index.php\/wp-json\/wp\/v2\/posts\/15121","targetHints":{"allow":["GET"]}}],"collection":[{"href":"https:\/\/aconteceemmacaeeregiao.com.br\/index.php\/wp-json\/wp\/v2\/posts"}],"about":[{"href":"https:\/\/aconteceemmacaeeregiao.com.br\/index.php\/wp-json\/wp\/v2\/types\/post"}],"author":[{"embeddable":true,"href":"https:\/\/aconteceemmacaeeregiao.com.br\/index.php\/wp-json\/wp\/v2\/users\/2"}],"replies":[{"embeddable":true,"href":"https:\/\/aconteceemmacaeeregiao.com.br\/index.php\/wp-json\/wp\/v2\/comments?post=15121"}],"version-history":[{"count":0,"href":"https:\/\/aconteceemmacaeeregiao.com.br\/index.php\/wp-json\/wp\/v2\/posts\/15121\/revisions"}],"wp:featuredmedia":[{"embeddable":true,"href":"https:\/\/aconteceemmacaeeregiao.com.br\/index.php\/wp-json\/wp\/v2\/media\/15123"}],"wp:attachment":[{"href":"https:\/\/aconteceemmacaeeregiao.com.br\/index.php\/wp-json\/wp\/v2\/media?parent=15121"}],"wp:term":[{"taxonomy":"category","embeddable":true,"href":"https:\/\/aconteceemmacaeeregiao.com.br\/index.php\/wp-json\/wp\/v2\/categories?post=15121"},{"taxonomy":"post_tag","embeddable":true,"href":"https:\/\/aconteceemmacaeeregiao.com.br\/index.php\/wp-json\/wp\/v2\/tags?post=15121"}],"curies":[{"name":"wp","href":"https:\/\/api.w.org\/{rel}","templated":true}]}}