{"id":15141,"date":"2024-02-28T23:58:46","date_gmt":"2024-02-29T02:58:46","guid":{"rendered":"https:\/\/aconteceemmacaeeregiao.com.br\/?p=15141"},"modified":"2024-02-29T00:13:21","modified_gmt":"2024-02-29T03:13:21","slug":"obras-de-urbanizacao-do-barreto-comecam-em-marco","status":"publish","type":"post","link":"https:\/\/aconteceemmacaeeregiao.com.br\/index.php\/2024\/02\/28\/obras-de-urbanizacao-do-barreto-comecam-em-marco\/","title":{"rendered":"Obras de urbaniza\u00e7\u00e3o do Barreto come\u00e7am em mar\u00e7o"},"content":{"rendered":"\n<p>O prefeito Welberth Rezende deu in\u00edcio \u00e0s obras de urbaniza\u00e7\u00e3o do bairro S\u00e3o Jos\u00e9 do Barreto, em Maca\u00e9. Em uma cerim\u00f4nia no <a href=\"https:\/\/aconteceemmacaeeregiao.com.br\/index.php\/2023\/10\/10\/legislativo-aprova-projeto-para-ampliar-parque-do-atalaia\/\" title=\"Legislativo aprova projeto para ampliar Parque do Atalaia\">Parque de Exposi\u00e7\u00f5es<\/a> Lattif Mussi Rocha, ele entregou a ordem de servi\u00e7o e detalhou os planos para o desenvolvimento da regi\u00e3o. <\/p>\n\n\n\n<p>As obras fazem parte de um plano maior do governo para melhorar a infraestrutura e a qualidade de vida da popula\u00e7\u00e3o, com um investimento significativo em diversas \u00e1reas da cidade.<\/p>\n\n\n\n<p>As interven\u00e7\u00f5es incluem a instala\u00e7\u00e3o de rede de drenagem, pavimenta\u00e7\u00e3o, troca de tubula\u00e7\u00e3o, cal\u00e7amento das ruas, urbaniza\u00e7\u00e3o das cal\u00e7adas, sistema de <a href=\"https:\/\/aconteceemmacaeeregiao.com.br\/index.php\/2024\/02\/02\/prefeitura-de-macae-e-brk-intensificam-acao-para-interligacao-a-rede-de-esgoto\/\" title=\"Prefeitura de Maca\u00e9 e BRK intensificam a\u00e7\u00e3o para interliga\u00e7\u00e3o \u00e0 rede de esgoto\">esgoto<\/a> e requalifica\u00e7\u00e3o da ilumina\u00e7\u00e3o p\u00fablica, entre outras melhorias. <\/p>\n\n\n\n<p>O secret\u00e1rio de<a href=\"https:\/\/aconteceemmacaeeregiao.com.br\/index.php\/category\/macae\/\" title=\"\"> Infraestrutura<\/a>, Santiago Borges, detalhou os planos, ressaltando a import\u00e2ncia da drenagem e da pavimenta\u00e7\u00e3o para a regi\u00e3o. <\/p>\n\n\n\n<p>Al\u00e9m disso, o campo de futebol do bairro ser\u00e1 reformado, mantendo suas medidas atuais, e ter\u00e1 uma \u00e1rea de acesso com playground, reforma do vesti\u00e1rio e dos sanit\u00e1rios, seguindo as normas de qualidade e seguran\u00e7a exigidas.<\/p>\n\n\n\n<p><em><a href=\"https:\/\/macae.rj.gov.br\/noticias\/leitura\/noticia\/macae-e-destaque-em-campeonato-estadual-de-kickboxing\" title=\"\">Fonte Secom C\u00e2mara de Maca\u00e9<\/a><\/em><\/p>\n\n\n\n<p><a href=\"https:\/\/macae.rj.gov.br\/noticias\/leitura\/noticia\/obras-do-barreto-comecam-em-marco\"><em>https:\/\/macae.rj.gov.br\/noticias\/leitura\/noticia\/obras-do-barreto-comecam-em-marco<\/em><\/a><\/p>\n","protected":false},"excerpt":{"rendered":"<p>O prefeito Welberth Rezende deu in\u00edcio \u00e0s obras de urbaniza\u00e7\u00e3o do bairro S\u00e3o Jos\u00e9 do Barreto, em Maca\u00e9. Em uma cerim\u00f4nia no Parque de Exposi\u00e7\u00f5es Lattif Mussi Rocha, ele entregou a ordem de servi\u00e7o e detalhou os planos para o desenvolvimento da regi\u00e3o. As obras fazem parte de um plano maior do governo para melhorar [&hellip;]<\/p>\n","protected":false},"author":2,"featured_media":15143,"comment_status":"closed","ping_status":"closed","sticky":false,"template":"","format":"standard","meta":{"postBodyCss":"","postBodyMargin":[],"postBodyPadding":[],"postBodyBackground":{"backgroundType":"classic","gradient":""},"footnotes":""},"categories":[42],"tags":[670,59,876],"class_list":["post-15141","post","type-post","status-publish","format-standard","has-post-thumbnail","hentry","category-macae","tag-barreto","tag-obras","tag-urbanizacao"],"aioseo_notices":[],"_links":{"self":[{"href":"https:\/\/aconteceemmacaeeregiao.com.br\/index.php\/wp-json\/wp\/v2\/posts\/15141","targetHints":{"allow":["GET"]}}],"collection":[{"href":"https:\/\/aconteceemmacaeeregiao.com.br\/index.php\/wp-json\/wp\/v2\/posts"}],"about":[{"href":"https:\/\/aconteceemmacaeeregiao.com.br\/index.php\/wp-json\/wp\/v2\/types\/post"}],"author":[{"embeddable":true,"href":"https:\/\/aconteceemmacaeeregiao.com.br\/index.php\/wp-json\/wp\/v2\/users\/2"}],"replies":[{"embeddable":true,"href":"https:\/\/aconteceemmacaeeregiao.com.br\/index.php\/wp-json\/wp\/v2\/comments?post=15141"}],"version-history":[{"count":0,"href":"https:\/\/aconteceemmacaeeregiao.com.br\/index.php\/wp-json\/wp\/v2\/posts\/15141\/revisions"}],"wp:featuredmedia":[{"embeddable":true,"href":"https:\/\/aconteceemmacaeeregiao.com.br\/index.php\/wp-json\/wp\/v2\/media\/15143"}],"wp:attachment":[{"href":"https:\/\/aconteceemmacaeeregiao.com.br\/index.php\/wp-json\/wp\/v2\/media?parent=15141"}],"wp:term":[{"taxonomy":"category","embeddable":true,"href":"https:\/\/aconteceemmacaeeregiao.com.br\/index.php\/wp-json\/wp\/v2\/categories?post=15141"},{"taxonomy":"post_tag","embeddable":true,"href":"https:\/\/aconteceemmacaeeregiao.com.br\/index.php\/wp-json\/wp\/v2\/tags?post=15141"}],"curies":[{"name":"wp","href":"https:\/\/api.w.org\/{rel}","templated":true}]}}