{"id":15174,"date":"2024-03-01T21:56:40","date_gmt":"2024-03-02T00:56:40","guid":{"rendered":"https:\/\/aconteceemmacaeeregiao.com.br\/?p=15174"},"modified":"2024-03-01T21:56:40","modified_gmt":"2024-03-02T00:56:40","slug":"quissama-se-mobiliza-para-intensificar-combate-a-dengue-no-dia-d-neste-sabado","status":"publish","type":"post","link":"https:\/\/aconteceemmacaeeregiao.com.br\/index.php\/2024\/03\/01\/quissama-se-mobiliza-para-intensificar-combate-a-dengue-no-dia-d-neste-sabado\/","title":{"rendered":"Quissam\u00e3 se mobiliza para intensificar combate \u00e0 Dengue no Dia D neste s\u00e1bado"},"content":{"rendered":"\n<p>A Prefeitura de Quissam\u00e3 promover\u00e1 neste s\u00e1bado (2) o Dia D de Combate \u00e0 Dengue, seguindo as recomenda\u00e7\u00f5es do Minist\u00e9rio da Sa\u00fade e da Secretaria de Estado de Sa\u00fade do Rio. A a\u00e7\u00e3o visa refor\u00e7ar as medidas de <a href=\"https:\/\/aconteceemmacaeeregiao.com.br\/index.php\/category\/macae\/\" title=\"\">preven\u00e7\u00e3o<\/a> e elimina\u00e7\u00e3o dos focos do Aedes aegypti, com agentes de sa\u00fade orientando a popula\u00e7\u00e3o em diversas unidades de sa\u00fade do munic\u00edpio.<\/p>\n\n\n\n<p>A mobiliza\u00e7\u00e3o acontecer\u00e1 de 8h \u00e0s 12h, com Agentes Comunit\u00e1rios de Sa\u00fade e Agentes de Combate \u00e0s Endemias nas Unidades de <a href=\"https:\/\/aconteceemmacaeeregiao.com.br\/index.php\/2024\/02\/19\/crianca-traqueostomizada-cuidados-especiais-para-saude-e-bem-estar\/\" title=\"Crian\u00e7a traqueostomizada: Cuidados especiais para sa\u00fade e bem-estar\">Sa\u00fade<\/a> da Fam\u00edlia de v\u00e1rias regi\u00f5es, instruindo sobre a preven\u00e7\u00e3o da prolifera\u00e7\u00e3o do mosquito e a import\u00e2ncia do tratamento adequado. Quissam\u00e3 registra 18 casos confirmados de dengue em 2024, e a iniciativa busca conter o avan\u00e7o da doen\u00e7a no munic\u00edpio. A Vigil\u00e2ncia em Sa\u00fade destaca a import\u00e2ncia de medidas simples, como manter caixas d&#8217;\u00e1gua vedadas e pneus sem \u00e1gua, para evitar a reprodu\u00e7\u00e3o do mosquito.<\/p>\n\n\n\n<p><strong>Apelo para a popula\u00e7\u00e3o:<\/strong> A popula\u00e7\u00e3o de <a href=\"https:\/\/aconteceemmacaeeregiao.com.br\/index.php\/2024\/02\/16\/quissama-reforca-seguranca-com-chegada-da-5a-cia-da-pm\/\" title=\"Quissam\u00e3 refor\u00e7a seguran\u00e7a com chegada da 5\u00aa Cia da PM\">Quissam\u00e3<\/a> \u00e9 incentivada a colaborar com a preven\u00e7\u00e3o, mantendo seus locais livres de poss\u00edveis criadouros do Aedes aegypti. Medidas como manter calhas limpas, virar baldes e recipientes com a boca para baixo e manter piscinas sempre tratadas s\u00e3o essenciais. O munic\u00edpio est\u00e1 comprometido em controlar a prolifera\u00e7\u00e3o do mosquito e proteger a sa\u00fade da comunidade, com a\u00e7\u00f5es educativas e de controle regularmente implementadas.<\/p>\n\n\n\n<p><em>Fonte Secom Pref Quissam\u00e3<\/em><\/p>\n","protected":false},"excerpt":{"rendered":"<p>A Prefeitura de Quissam\u00e3 promover\u00e1 neste s\u00e1bado (2) o Dia D de Combate \u00e0 Dengue, seguindo as recomenda\u00e7\u00f5es do Minist\u00e9rio da Sa\u00fade e da Secretaria de Estado de Sa\u00fade do Rio. A a\u00e7\u00e3o visa refor\u00e7ar as medidas de preven\u00e7\u00e3o e elimina\u00e7\u00e3o dos focos do Aedes aegypti, com agentes de sa\u00fade orientando a popula\u00e7\u00e3o em diversas [&hellip;]<\/p>\n","protected":false},"author":2,"featured_media":15176,"comment_status":"closed","ping_status":"closed","sticky":false,"template":"","format":"standard","meta":{"postBodyCss":"","postBodyMargin":[],"postBodyPadding":[],"postBodyBackground":{"backgroundType":"classic","gradient":""},"footnotes":""},"categories":[50,43],"tags":[482,376],"class_list":["post-15174","post","type-post","status-publish","format-standard","has-post-thumbnail","hentry","category-quissama","category-regiao","tag-dengue","tag-dia-d"],"aioseo_notices":[],"_links":{"self":[{"href":"https:\/\/aconteceemmacaeeregiao.com.br\/index.php\/wp-json\/wp\/v2\/posts\/15174","targetHints":{"allow":["GET"]}}],"collection":[{"href":"https:\/\/aconteceemmacaeeregiao.com.br\/index.php\/wp-json\/wp\/v2\/posts"}],"about":[{"href":"https:\/\/aconteceemmacaeeregiao.com.br\/index.php\/wp-json\/wp\/v2\/types\/post"}],"author":[{"embeddable":true,"href":"https:\/\/aconteceemmacaeeregiao.com.br\/index.php\/wp-json\/wp\/v2\/users\/2"}],"replies":[{"embeddable":true,"href":"https:\/\/aconteceemmacaeeregiao.com.br\/index.php\/wp-json\/wp\/v2\/comments?post=15174"}],"version-history":[{"count":0,"href":"https:\/\/aconteceemmacaeeregiao.com.br\/index.php\/wp-json\/wp\/v2\/posts\/15174\/revisions"}],"wp:featuredmedia":[{"embeddable":true,"href":"https:\/\/aconteceemmacaeeregiao.com.br\/index.php\/wp-json\/wp\/v2\/media\/15176"}],"wp:attachment":[{"href":"https:\/\/aconteceemmacaeeregiao.com.br\/index.php\/wp-json\/wp\/v2\/media?parent=15174"}],"wp:term":[{"taxonomy":"category","embeddable":true,"href":"https:\/\/aconteceemmacaeeregiao.com.br\/index.php\/wp-json\/wp\/v2\/categories?post=15174"},{"taxonomy":"post_tag","embeddable":true,"href":"https:\/\/aconteceemmacaeeregiao.com.br\/index.php\/wp-json\/wp\/v2\/tags?post=15174"}],"curies":[{"name":"wp","href":"https:\/\/api.w.org\/{rel}","templated":true}]}}