{"id":15283,"date":"2024-03-12T00:36:00","date_gmt":"2024-03-12T03:36:00","guid":{"rendered":"https:\/\/aconteceemmacaeeregiao.com.br\/?p=15283"},"modified":"2024-03-12T00:36:01","modified_gmt":"2024-03-12T03:36:01","slug":"aprenda-a-lidar-com-as-emocoes-em-momentos-dificeis","status":"publish","type":"post","link":"https:\/\/aconteceemmacaeeregiao.com.br\/index.php\/2024\/03\/12\/aprenda-a-lidar-com-as-emocoes-em-momentos-dificeis\/","title":{"rendered":"Aprenda a lidar com as emo\u00e7\u00f5es em momentos dif\u00edceis"},"content":{"rendered":"\n<p><em><strong>Psic\u00f3logo ensina estrat\u00e9gias para cultivar a resili\u00eancia diariamente<\/strong><\/em><\/p>\n\n\n\n<p>Quem nunca desejou que todos os dias fossem perfeitos que atire a primeira pedra. Esse seria o mundo ideal, mas para crescer e amadurecer \u00e9 necess\u00e1rio enfrentar todos os obst\u00e1culos que v\u00e3o aparecer pelo caminho (e eles v\u00e3o aparecer, \u00e9 algo inevit\u00e1vel). &nbsp;O importante nessa jornada \u00e9 como cada um vai agir quando os problemas surgirem.<\/p>\n\n\n\n<p>Nestes momentos devemos lembrar da palavra resili\u00eancia, que \u00e9 a <a href=\"https:\/\/aconteceemmacaeeregiao.com.br\/index.php\/2024\/03\/04\/projeto-verao-para-todos-movimenta-praia-de-hollywood\/\" title=\"Projeto Ver\u00e3o para Todos movimenta Praia de Hollywood\">capacidade<\/a> de voltar ao estado natural ou habitual de sa\u00fade (f\u00edsica e mental). J\u00e1 na psicologia, significa a resist\u00eancia ao choque, ou seja, a capacidade de enfrentar e superar as adversidades.<\/p>\n\n\n\n<p>Quando percebemos que n\u00e3o conseguimos controlar o que acontece, mas, sim a forma como reagimos a isso, fica claro que precisamos ser extremamente adapt\u00e1veis principalmente nos dias atuais, onde vivemos vidas artificiais cercada por respostas prontas, filhos e vidas perfeitas no mundo on-line, enquanto na vida real ningu\u00e9m \u00e9 perfeito.<\/p>\n\n\n\n<p>\u201cSer resiliente \u00e9 a habilidade de cada um em se recuperar das mais diversas experi\u00eancias negativas, fortalecendo-se cada vez mais a cada supera\u00e7\u00e3o, mantendo o senso e o equil\u00edbrio emocional de maneira eficaz. O ser humano consegue se dobrar, ao inv\u00e9s de se partir ou quebrar mediante as intemp\u00e9ries do dia a dia\u201d, comenta Rodrigo Bravim, psic\u00f3logo e professor no <a href=\"https:\/\/aconteceemmacaeeregiao.com.br\/index.php\/2024\/03\/11\/macae-abre-226-vagas-em-curso-livre-em-teatro\/\" title=\"Maca\u00e9 abre 226 vagas em Curso Livre em Teatro\">curso<\/a> de p\u00f3s-gradua\u00e7\u00e3o em Medicina do Esporte na Faculdade UNIGUA\u00c7U.<\/p>\n\n\n\n<p>Existem fatores que contribuem para a resili\u00eancia de cada um: autoestima, autoconfian\u00e7a e amor pr\u00f3prio s\u00e3o a base de algu\u00e9m mentalmente <a href=\"https:\/\/aconteceemmacaeeregiao.com.br\/index.php\/2024\/02\/08\/conheca-dicas-e-cuidados-dermatologicos-para-manter-a-pele-saudavel-durante-o-carnaval\/\" title=\"Conhe\u00e7a dicas e cuidados dermatol\u00f3gicos para manter a pele saud\u00e1vel durante o Carnaval\">saud\u00e1vel<\/a>. Esses pilares sustentam o ser humano e as certezas dos seus valores pessoais podem ser trabalhados diariamente para se fortalecer, afinal, quem sabe quanto vale n\u00e3o se abala com qualquer coisa.<\/p>\n\n\n\n<p>O psic\u00f3logo enfatiza a import\u00e2ncia de ter uma rede de apoio de qualidade com pessoas que podem e v\u00e3o agregar no dia a dia da pessoa, aumentando a estabilidade emocional, a boa comunica\u00e7\u00e3o e dando uma flexibilidade cognitiva apresentando outros pontos de vista e perspectivas. \u201cEnquanto para um o copo est\u00e1 meio cheio, para outro est\u00e1 meio vazio. Novas perspectivas desempenham uma fun\u00e7\u00e3o muito importante para expandir a capacidade interpretativa de eventos com que estamos lidando\u201d.<\/p>\n\n\n\n<p>Muitos acreditam que resili\u00eancia \u00e9 uma habilidade inata, ou seja, a pessoa nasce resiliente, o que n\u00e3o \u00e9 verdade. O indiv\u00edduo nasce e a forma como ele vai processando os acontecimentos da vida o fortalecem ou n\u00e3o para lidar com os pr\u00f3ximos desafios.<\/p>\n\n\n\n<p>\u00c9 bem comum tamb\u00e9m acreditar que pessoas resilientes s\u00e3o imunes ao estresse, superam tudo facilmente ou apenas ignoram, e isso, est\u00e1 bem longe da verdade. \u201cA pessoa precisa processar os acontecimentos como todo mundo faz normalmente. Suporte e terapia ajudam a perceber outras possibilidades do mesmo acontecimento fazendo assim que isso se desenrole de forma mais fluida e passe, sem ficar remoendo o que est\u00e1 acontecendo. O processo terap\u00eautico entra com o intuito de iluminar os campos interpretativos e possibilidades, fazendo com que a pessoa consiga enxergar a vida e as situa\u00e7\u00f5es al\u00e9m do problema em si\u201d, orienta Bravim.<\/p>\n\n\n\n<p>Rodrigo preparou estrat\u00e9gias para cultivar a resili\u00eancia de maneira simples:<\/p>\n\n\n\n<ul class=\"wp-block-list\">\n<li><strong>Desenvolva uma mentalidade otimista e positiva:<\/strong>&nbsp;a vida \u00e9 um desafio e a sua maneira de enxergar isso pode tornar mais f\u00e1cil ou mais dif\u00edcil, procure e encontre o lado positivo de cada situa\u00e7\u00e3o.<\/li>\n\n\n\n<li><strong>Cuide da sa\u00fade f\u00edsica e mental:<\/strong>a atividade f\u00edsica ajuda com a libera\u00e7\u00e3o de neurotransmissores e de neurotrofina que al\u00e9m de auxiliar na neuroplasticidade do c\u00e9rebro contribui para um aumento da resili\u00eancia e paci\u00eancia.<\/li>\n\n\n\n<li><strong>Pense em longo prazo:<\/strong>&nbsp;n\u00e3o entender o que ou o porqu\u00ea est\u00e1 acontecendo no momento \u00e9 normal, por\u00e9m, l\u00e1 na frente fica mais f\u00e1cil perceber o que te levou a tal situa\u00e7\u00e3o e tamb\u00e9m como voc\u00ea saiu dela. Lembre-se: \u201cvoc\u00ea s\u00f3 entende o presente olhando para tr\u00e1s, mas s\u00f3 vive ele olhando para frente.\u201d<\/li>\n\n\n\n<li><strong>Pratique gratid\u00e3o:<\/strong>&nbsp;por mais comum que isso possa parecer, ser grato \u00e9 de extrema import\u00e2ncia, essa atitude facilita a percep\u00e7\u00e3o de todas as coisas positivas que existem na sua vida.<\/li>\n\n\n\n<li><strong>Medita\u00e7\u00e3o:<\/strong>&nbsp;ajuda a aumentar a consci\u00eancia das suas emo\u00e7\u00f5es, sentimentos e rea\u00e7\u00f5es, o autocuidado ajuda no processo de aceita\u00e7\u00e3o de algumas situa\u00e7\u00f5es e ajuda a reduzir o sentimento de culpa constante. \u00c9 importante trabalhar com metas e planejamento sem colocar situa\u00e7\u00f5es extremamente improv\u00e1veis ou imposs\u00edveis para que n\u00e3o exista nenhum tipo de frustra\u00e7\u00e3o.<\/li>\n\n\n\n<li><strong>Fa\u00e7a terapia:<\/strong>&nbsp;o terapeuta vai te ajudar e guiar no processo de como lidar com as mais adversas situa\u00e7\u00f5es, tornando assim a vida menos dif\u00edcil, principalmente por perceber que n\u00e3o est\u00e1 sozinho e n\u00e3o \u00e9 o \u00fanico passando por isso.<\/li>\n<\/ul>\n","protected":false},"excerpt":{"rendered":"<p>Psic\u00f3logo ensina estrat\u00e9gias para cultivar a resili\u00eancia diariamente Quem nunca desejou que todos os dias fossem perfeitos que atire a primeira pedra. Esse seria o mundo ideal, mas para crescer e amadurecer \u00e9 necess\u00e1rio enfrentar todos os obst\u00e1culos que v\u00e3o aparecer pelo caminho (e eles v\u00e3o aparecer, \u00e9 algo inevit\u00e1vel). &nbsp;O importante nessa jornada \u00e9 [&hellip;]<\/p>\n","protected":false},"author":2,"featured_media":15285,"comment_status":"closed","ping_status":"closed","sticky":false,"template":"","format":"standard","meta":{"postBodyCss":"","postBodyMargin":[],"postBodyPadding":[],"postBodyBackground":{"backgroundType":"classic","gradient":""},"footnotes":""},"categories":[78],"tags":[883,878,882],"class_list":["post-15283","post","type-post","status-publish","format-standard","has-post-thumbnail","hentry","category-saude","tag-emocoes","tag-psicologo","tag-relacionamento"],"aioseo_notices":[],"_links":{"self":[{"href":"https:\/\/aconteceemmacaeeregiao.com.br\/index.php\/wp-json\/wp\/v2\/posts\/15283","targetHints":{"allow":["GET"]}}],"collection":[{"href":"https:\/\/aconteceemmacaeeregiao.com.br\/index.php\/wp-json\/wp\/v2\/posts"}],"about":[{"href":"https:\/\/aconteceemmacaeeregiao.com.br\/index.php\/wp-json\/wp\/v2\/types\/post"}],"author":[{"embeddable":true,"href":"https:\/\/aconteceemmacaeeregiao.com.br\/index.php\/wp-json\/wp\/v2\/users\/2"}],"replies":[{"embeddable":true,"href":"https:\/\/aconteceemmacaeeregiao.com.br\/index.php\/wp-json\/wp\/v2\/comments?post=15283"}],"version-history":[{"count":0,"href":"https:\/\/aconteceemmacaeeregiao.com.br\/index.php\/wp-json\/wp\/v2\/posts\/15283\/revisions"}],"wp:featuredmedia":[{"embeddable":true,"href":"https:\/\/aconteceemmacaeeregiao.com.br\/index.php\/wp-json\/wp\/v2\/media\/15285"}],"wp:attachment":[{"href":"https:\/\/aconteceemmacaeeregiao.com.br\/index.php\/wp-json\/wp\/v2\/media?parent=15283"}],"wp:term":[{"taxonomy":"category","embeddable":true,"href":"https:\/\/aconteceemmacaeeregiao.com.br\/index.php\/wp-json\/wp\/v2\/categories?post=15283"},{"taxonomy":"post_tag","embeddable":true,"href":"https:\/\/aconteceemmacaeeregiao.com.br\/index.php\/wp-json\/wp\/v2\/tags?post=15283"}],"curies":[{"name":"wp","href":"https:\/\/api.w.org\/{rel}","templated":true}]}}