{"id":15287,"date":"2024-03-12T00:55:30","date_gmt":"2024-03-12T03:55:30","guid":{"rendered":"https:\/\/aconteceemmacaeeregiao.com.br\/?p=15287"},"modified":"2024-03-12T00:55:31","modified_gmt":"2024-03-12T03:55:31","slug":"pai-e-preso-apos-sequestrar-filho-de-tres-anos","status":"publish","type":"post","link":"https:\/\/aconteceemmacaeeregiao.com.br\/index.php\/2024\/03\/12\/pai-e-preso-apos-sequestrar-filho-de-tres-anos\/","title":{"rendered":"Pai \u00e9 Preso Ap\u00f3s Sequestrar Filho de Tr\u00eas Anos&#8221;"},"content":{"rendered":"\n<p>A Pol\u00edcia Civil do Rio de Janeiro, por meio da 134\u00aa DP (Campos dos Goytacazes), realizou a pris\u00e3o de um pai que sequestrou o pr\u00f3prio filho, de tr\u00eas anos de idade, levando-o para o estado do Mato Grosso. A m\u00e3e da crian\u00e7a <a href=\"https:\/\/aconteceemmacaeeregiao.com.br\/index.php\/2023\/10\/05\/autor-de-maus-tratos-a-animais-de-estimacao-e-preso-em-rio-das-ostras\/\" title=\"Autor de maus-tratos a animais de estima\u00e7\u00e3o \u00e9 preso em Rio das Ostras\">denunciou<\/a> o desaparecimento ap\u00f3s o pai n\u00e3o devolver o menino conforme acordado em janeiro deste ano. Ap\u00f3s dilig\u00eancias e monitoramento, o homem foi localizado em Diamantino, no Mato Grosso.<\/p>\n\n\n\n<p>A a\u00e7\u00e3o envolveu um intenso trabalho de monitoramento e busca, com o apoio de policiais civis dos estados do Mato Grosso e Rond\u00f4nia. Durante cinco dias de investiga\u00e7\u00f5es fora do estado, os agentes descobriram que o pai, que \u00e9 caminhoneiro, estava fazendo o transporte de mercadorias pela <a href=\"https:\/\/aconteceemmacaeeregiao.com.br\/?s=cabo+frio\" title=\"\">regi\u00e3o<\/a>. Ap\u00f3s interceptarem o<a href=\"https:\/\/aconteceemmacaeeregiao.com.br\/index.php\/2024\/02\/26\/buzios-recebe-primeiro-eletroponto-para-recarga-de-veiculos-eletricos\/\" title=\"B\u00fazios recebe primeiro eletroponto para recarga de ve\u00edculos el\u00e9tricos\"> ve\u00edculo<\/a> do suspeito, ele foi preso e a crian\u00e7a foi encontrada dentro do caminh\u00e3o, sendo prontamente devolvida \u00e0 m\u00e3e.<\/p>\n\n\n\n<p>O pai teve a pris\u00e3o preventiva decretada pela Justi\u00e7a, ap\u00f3s a instaura\u00e7\u00e3o de um inqu\u00e9rito policial para investigar o caso. A a\u00e7\u00e3o conjunta entre as pol\u00edcias dos estados envolvidos possibilitou a localiza\u00e7\u00e3o e a pris\u00e3o do sequestrador, garantindo a seguran\u00e7a e o bem-estar da crian\u00e7a.<\/p>\n\n\n\n<p><em>Fonte PCERJ<\/em><\/p>\n\n\n\n<p><em><a href=\"http:\/\/www.policiacivilrj.net.br\/noticias.php?id=20357\">http:\/\/www.policiacivilrj.net.br\/noticias.php?id=20357<\/a><\/em><\/p>\n","protected":false},"excerpt":{"rendered":"<p>A Pol\u00edcia Civil do Rio de Janeiro, por meio da 134\u00aa DP (Campos dos Goytacazes), realizou a pris\u00e3o de um pai que sequestrou o pr\u00f3prio filho, de tr\u00eas anos de idade, levando-o para o estado do Mato Grosso. A m\u00e3e da crian\u00e7a denunciou o desaparecimento ap\u00f3s o pai n\u00e3o devolver o menino conforme acordado em [&hellip;]<\/p>\n","protected":false},"author":2,"featured_media":15289,"comment_status":"closed","ping_status":"closed","sticky":false,"template":"","format":"standard","meta":{"postBodyCss":"","postBodyMargin":[],"postBodyPadding":[],"postBodyBackground":{"backgroundType":"classic","gradient":""},"footnotes":""},"categories":[93,47,43],"tags":[],"class_list":["post-15287","post","type-post","status-publish","format-standard","has-post-thumbnail","hentry","category-campos-dos-goytacases","category-ocorrencias","category-regiao"],"aioseo_notices":[],"_links":{"self":[{"href":"https:\/\/aconteceemmacaeeregiao.com.br\/index.php\/wp-json\/wp\/v2\/posts\/15287","targetHints":{"allow":["GET"]}}],"collection":[{"href":"https:\/\/aconteceemmacaeeregiao.com.br\/index.php\/wp-json\/wp\/v2\/posts"}],"about":[{"href":"https:\/\/aconteceemmacaeeregiao.com.br\/index.php\/wp-json\/wp\/v2\/types\/post"}],"author":[{"embeddable":true,"href":"https:\/\/aconteceemmacaeeregiao.com.br\/index.php\/wp-json\/wp\/v2\/users\/2"}],"replies":[{"embeddable":true,"href":"https:\/\/aconteceemmacaeeregiao.com.br\/index.php\/wp-json\/wp\/v2\/comments?post=15287"}],"version-history":[{"count":0,"href":"https:\/\/aconteceemmacaeeregiao.com.br\/index.php\/wp-json\/wp\/v2\/posts\/15287\/revisions"}],"wp:featuredmedia":[{"embeddable":true,"href":"https:\/\/aconteceemmacaeeregiao.com.br\/index.php\/wp-json\/wp\/v2\/media\/15289"}],"wp:attachment":[{"href":"https:\/\/aconteceemmacaeeregiao.com.br\/index.php\/wp-json\/wp\/v2\/media?parent=15287"}],"wp:term":[{"taxonomy":"category","embeddable":true,"href":"https:\/\/aconteceemmacaeeregiao.com.br\/index.php\/wp-json\/wp\/v2\/categories?post=15287"},{"taxonomy":"post_tag","embeddable":true,"href":"https:\/\/aconteceemmacaeeregiao.com.br\/index.php\/wp-json\/wp\/v2\/tags?post=15287"}],"curies":[{"name":"wp","href":"https:\/\/api.w.org\/{rel}","templated":true}]}}