{"id":15430,"date":"2024-03-25T22:52:40","date_gmt":"2024-03-26T01:52:40","guid":{"rendered":"https:\/\/aconteceemmacaeeregiao.com.br\/?p=15430"},"modified":"2024-03-25T22:52:41","modified_gmt":"2024-03-26T01:52:41","slug":"nova-interdicao-na-rua-telio-barreto-para-instalacao-de-tubulacoes-de-macrodrenagem","status":"publish","type":"post","link":"https:\/\/aconteceemmacaeeregiao.com.br\/index.php\/2024\/03\/25\/nova-interdicao-na-rua-telio-barreto-para-instalacao-de-tubulacoes-de-macrodrenagem\/","title":{"rendered":"Nova interdi\u00e7\u00e3o na Rua T\u00e9lio Barreto para instala\u00e7\u00e3o de tubula\u00e7\u00f5es de macrodrenagem"},"content":{"rendered":"\n<p><strong>Importante:<\/strong> A Rua T\u00e9lio Barreto estar\u00e1 interditada a partir das 13h desta segunda-feira (25) para a continuidade da instala\u00e7\u00e3o das linhas de recalque das bombas 3 e 4 do projeto de<a href=\"https:\/\/aconteceemmacaeeregiao.com.br\/index.php\/2023\/11\/15\/brk-convoca-moradores-da-aroeira-e-da-imbetiba-para-assembleia-apos-as-obras\/\" title=\"BRK convoca moradores da Aroeira e da Imbetiba para assembleia ap\u00f3s as obras\"> macrodrenagem<\/a> da Prefeitura de Maca\u00e9. A interdi\u00e7\u00e3o ocorrer\u00e1 no trecho entre a Rua J. Kopp (Posto Rede Bellas) e a Rua S\u00e3o Jos\u00e9 (Escola Municipal Joffre Frossard), permitindo apenas a passagem de pedestres e ciclistas desmontados. A obra est\u00e1 prevista para terminar em 30 dias, podendo ser antecipada.<\/p>\n\n\n\n<p><strong>Impacto no Tr\u00e2nsito:<\/strong> Para minimizar os impactos no tr\u00e2nsito, foram feitos ajustes finais no entorno da via pela manh\u00e3. A Secretaria de <a href=\"https:\/\/aconteceemmacaeeregiao.com.br\/index.php\/category\/emprego\/\" title=\"\">Mobilidade Urbana<\/a> ressalta a necessidade da interven\u00e7\u00e3o para a passagem de grandes tubula\u00e7\u00f5es e pede a compreens\u00e3o da popula\u00e7\u00e3o pelos transtornos tempor\u00e1rios.<\/p>\n\n\n\n<p><strong>Rotas Alternativas:<\/strong> Pain\u00e9is eletr\u00f4nicos foram colocados para informar os desvios na Rua T\u00e9lio Barreto com Rua Jota Koop e Rua Alcides Mour\u00e3o com Morro de Santana. Quem est\u00e1 no Centro indo para a <a href=\"https:\/\/aconteceemmacaeeregiao.com.br\/index.php\/2024\/03\/23\/estradas-da-regiao-serrana-de-macae-sao-liberadas-apos-chuvas\/\" title=\"Estradas da Regi\u00e3o Serrana de Maca\u00e9 s\u00e3o liberadas ap\u00f3s chuvas\">Aroeira<\/a> deve seguir pelo desvio na Rua J. Koop, Rua de Santana e Rua Manoel \u00c2ngelo (rua do corte), acessando a Rua Alcides Mour\u00e3o com Rua Gast\u00e3o Henrique Schueler. No sentido da Aroeira para o Centro, a op\u00e7\u00e3o \u00e9 pelo Morro de Santana, Avenida Amaral Peixoto, Rua Conde de Araruama e Rua Alfredo Backer.<\/p>\n\n\n\n<p><em><a href=\"https:\/\/macae.rj.gov.br\/noticias\/leitura\/noticia\/macae-e-destaque-em-campeonato-estadual-de-kickboxing\" title=\"\">Fonte Secom C\u00e2mara de Maca\u00e9<\/a><\/em><\/p>\n\n\n\n<p><a href=\"https:\/\/macae.rj.gov.br\/noticias\/leitura\/noticia\/mobilidade-urbana-rua-telio-barreto-interditada-nesta-segunda-a-partir-das-13h\"><em>https:\/\/macae.rj.gov.br\/noticias\/leitura\/noticia\/mobilidade-urbana-rua-telio-barreto-interditada-nesta-segunda-a-partir-das-13h<\/em><\/a><\/p>\n","protected":false},"excerpt":{"rendered":"<p>Importante: A Rua T\u00e9lio Barreto estar\u00e1 interditada a partir das 13h desta segunda-feira (25) para a continuidade da instala\u00e7\u00e3o das linhas de recalque das bombas 3 e 4 do projeto de macrodrenagem da Prefeitura de Maca\u00e9. A interdi\u00e7\u00e3o ocorrer\u00e1 no trecho entre a Rua J. Kopp (Posto Rede Bellas) e a Rua S\u00e3o Jos\u00e9 (Escola [&hellip;]<\/p>\n","protected":false},"author":2,"featured_media":15432,"comment_status":"closed","ping_status":"closed","sticky":false,"template":"","format":"standard","meta":{"postBodyCss":"","postBodyMargin":[],"postBodyPadding":[],"postBodyBackground":{"backgroundType":"classic","gradient":""},"footnotes":""},"categories":[42],"tags":[206,104,577,140,59],"class_list":["post-15430","post","type-post","status-publish","format-standard","has-post-thumbnail","hentry","category-macae","tag-aroeira","tag-brk","tag-centro","tag-mobilidade-urbana","tag-obras"],"aioseo_notices":[],"_links":{"self":[{"href":"https:\/\/aconteceemmacaeeregiao.com.br\/index.php\/wp-json\/wp\/v2\/posts\/15430","targetHints":{"allow":["GET"]}}],"collection":[{"href":"https:\/\/aconteceemmacaeeregiao.com.br\/index.php\/wp-json\/wp\/v2\/posts"}],"about":[{"href":"https:\/\/aconteceemmacaeeregiao.com.br\/index.php\/wp-json\/wp\/v2\/types\/post"}],"author":[{"embeddable":true,"href":"https:\/\/aconteceemmacaeeregiao.com.br\/index.php\/wp-json\/wp\/v2\/users\/2"}],"replies":[{"embeddable":true,"href":"https:\/\/aconteceemmacaeeregiao.com.br\/index.php\/wp-json\/wp\/v2\/comments?post=15430"}],"version-history":[{"count":0,"href":"https:\/\/aconteceemmacaeeregiao.com.br\/index.php\/wp-json\/wp\/v2\/posts\/15430\/revisions"}],"wp:featuredmedia":[{"embeddable":true,"href":"https:\/\/aconteceemmacaeeregiao.com.br\/index.php\/wp-json\/wp\/v2\/media\/15432"}],"wp:attachment":[{"href":"https:\/\/aconteceemmacaeeregiao.com.br\/index.php\/wp-json\/wp\/v2\/media?parent=15430"}],"wp:term":[{"taxonomy":"category","embeddable":true,"href":"https:\/\/aconteceemmacaeeregiao.com.br\/index.php\/wp-json\/wp\/v2\/categories?post=15430"},{"taxonomy":"post_tag","embeddable":true,"href":"https:\/\/aconteceemmacaeeregiao.com.br\/index.php\/wp-json\/wp\/v2\/tags?post=15430"}],"curies":[{"name":"wp","href":"https:\/\/api.w.org\/{rel}","templated":true}]}}