{"id":15508,"date":"2024-03-30T21:13:03","date_gmt":"2024-03-31T00:13:03","guid":{"rendered":"https:\/\/aconteceemmacaeeregiao.com.br\/?p=15508"},"modified":"2024-03-30T21:13:04","modified_gmt":"2024-03-31T00:13:04","slug":"acessuas-abre-novas-inscricoes-para-qualificacao-profissional-e-acesso-ao-emprego","status":"publish","type":"post","link":"https:\/\/aconteceemmacaeeregiao.com.br\/index.php\/2024\/03\/30\/acessuas-abre-novas-inscricoes-para-qualificacao-profissional-e-acesso-ao-emprego\/","title":{"rendered":"Acessuas abre novas inscri\u00e7\u00f5es para qualifica\u00e7\u00e3o profissional e acesso ao emprego"},"content":{"rendered":"\n<p>O programa de Promo\u00e7\u00e3o do Acesso ao Mundo do Trabalho &#8211; Acessuas est\u00e1 iniciando uma nova fase de inscri\u00e7\u00f5es, que ocorrer\u00e1 entre os dias 1\u00ba e 30 de abril. O objetivo principal \u00e9 proporcionar qualifica\u00e7\u00e3o profissional, facilitar o acesso ao emprego formal e fomentar o empreendedorismo. Ser\u00e3o disponibilizadas 25 vagas para participantes em oficinas semanais com dura\u00e7\u00e3o de 1 hora e 30 minutos.<\/p>\n\n\n\n<p>As oficinas s\u00e3o gratuitas e direcionadas a jovens de 14 a 24 anos, cadastrados no CAD\u00danico, preferencialmente buscando o primeiro emprego. As vagas s\u00e3o limitadas e as aulas ser\u00e3o realizadas no antigo Hotel de Deus, nos dias 7, 14, 21 e 28 de maio, das 14h \u00e0s 16h, na sede da Secretaria de Desenvolvimento Social, Direitos Humanos e <a href=\"https:\/\/aconteceemmacaeeregiao.com.br\/index.php\/2024\/03\/21\/telepsicologia-a-tecnologia-a-favor-de-uma-nova-experiencia-do-usuario\/\" title=\"Telepsicologia: a tecnologia a favor de uma nova experi\u00eancia do usu\u00e1rio\">Acessibilidade<\/a>. Todos os participantes que completarem as atividades com pelo menos 75% de presen\u00e7a receber\u00e3o uma declara\u00e7\u00e3o.<\/p>\n\n\n\n<p>No m\u00eas de mar\u00e7o, foram ministradas <a href=\"https:\/\/aconteceemmacaeeregiao.com.br\/index.php\/2024\/02\/01\/programa-acessuas-trabalho-prepara-oficinas-gratuitas\/\" title=\"Programa \u2018Acessuas Trabalho\u2019 prepara oficinas gratuitas\">oficinas<\/a> com a participa\u00e7\u00e3o de 44 inscritos em oito encontros, divididos em dois grupos. Por conta do feriado da Semana Santa, o grupo desta sexta-feira (29) antecipou as atividades para esta quarta-feira (27), encerrando o primeiro ciclo de oficinas tem\u00e1ticas deste ano.<\/p>\n\n\n\n<p>\u00c9 importante ressaltar que o programa oferece a\u00e7\u00f5es e atividades educativas, informativas ou de orienta\u00e7\u00e3o social. O objetivo \u00e9 atender pessoas em situa\u00e7\u00e3o de vulnerabilidade e risco social, com idade entre 14 e 64 anos, priorizando usu\u00e1rios de servi\u00e7os, projetos e programas de transfer\u00eancia de renda socioassistenciais, como os inscritos no<a href=\"https:\/\/aconteceemmacaeeregiao.com.br\/index.php\/2023\/10\/10\/enel-oferece-descontos-de-ate-75-em-dividas-para-clientes-aptos-ao-programa-federal-desenrola-brasil\/\" title=\"Enel oferece descontos de at\u00e9 75% em d\u00edvidas para clientes aptos ao programa federal Desenrola Brasil\"> Cad\u00danico<\/a>, adolescentes e jovens no sistema socioeducativo, egressos e mulheres v\u00edtimas de viol\u00eancia. A expectativa \u00e9 atender 1.100 usu\u00e1rios em Maca\u00e9.<\/p>\n\n\n\n<p>Para mais informa\u00e7\u00f5es, os interessados podem entrar em contato pelo WhatsApp: (22) 99101-7581 ou pelo e-mail: <a>acessuastrabalho@macae.rj.gov.br<\/a>. A Secretaria de Desenvolvimento Social, Direitos Humanos e Acessibilidade est\u00e1 localizada na Avenida Lacerda Agostinho, Linha Azul, 477.<\/p>\n\n\n\n<p><em><a href=\"https:\/\/macae.rj.gov.br\/noticias\/leitura\/noticia\/macae-e-destaque-em-campeonato-estadual-de-kickboxing\" title=\"\">Fonte Secom C\u00e2mara de Maca\u00e9<\/a><\/em><\/p>\n\n\n\n<p><a href=\"https:\/\/macae.rj.gov.br\/noticias\/leitura\/noticia\/acessuas-comeca-nova-fase-de-inscricoes\"><em>https:\/\/macae.rj.gov.br\/noticias\/leitura\/noticia\/acessuas-comeca-nova-fase-de-inscricoes<\/em><\/a><\/p>\n","protected":false},"excerpt":{"rendered":"<p>O programa de Promo\u00e7\u00e3o do Acesso ao Mundo do Trabalho &#8211; Acessuas est\u00e1 iniciando uma nova fase de inscri\u00e7\u00f5es, que ocorrer\u00e1 entre os dias 1\u00ba e 30 de abril. O objetivo principal \u00e9 proporcionar qualifica\u00e7\u00e3o profissional, facilitar o acesso ao emprego formal e fomentar o empreendedorismo. Ser\u00e3o disponibilizadas 25 vagas para participantes em oficinas semanais [&hellip;]<\/p>\n","protected":false},"author":2,"featured_media":15510,"comment_status":"closed","ping_status":"closed","sticky":false,"template":"","format":"standard","meta":{"postBodyCss":"","postBodyMargin":[],"postBodyPadding":[],"postBodyBackground":{"backgroundType":"classic","gradient":""},"footnotes":""},"categories":[61,73,42],"tags":[77,82,89,571,87],"class_list":["post-15508","post","type-post","status-publish","format-standard","has-post-thumbnail","hentry","category-educacao","category-emprego","category-macae","tag-emprego","tag-oportunidade","tag-prefeitura","tag-qualificacao","tag-vagas"],"aioseo_notices":[],"_links":{"self":[{"href":"https:\/\/aconteceemmacaeeregiao.com.br\/index.php\/wp-json\/wp\/v2\/posts\/15508","targetHints":{"allow":["GET"]}}],"collection":[{"href":"https:\/\/aconteceemmacaeeregiao.com.br\/index.php\/wp-json\/wp\/v2\/posts"}],"about":[{"href":"https:\/\/aconteceemmacaeeregiao.com.br\/index.php\/wp-json\/wp\/v2\/types\/post"}],"author":[{"embeddable":true,"href":"https:\/\/aconteceemmacaeeregiao.com.br\/index.php\/wp-json\/wp\/v2\/users\/2"}],"replies":[{"embeddable":true,"href":"https:\/\/aconteceemmacaeeregiao.com.br\/index.php\/wp-json\/wp\/v2\/comments?post=15508"}],"version-history":[{"count":0,"href":"https:\/\/aconteceemmacaeeregiao.com.br\/index.php\/wp-json\/wp\/v2\/posts\/15508\/revisions"}],"wp:featuredmedia":[{"embeddable":true,"href":"https:\/\/aconteceemmacaeeregiao.com.br\/index.php\/wp-json\/wp\/v2\/media\/15510"}],"wp:attachment":[{"href":"https:\/\/aconteceemmacaeeregiao.com.br\/index.php\/wp-json\/wp\/v2\/media?parent=15508"}],"wp:term":[{"taxonomy":"category","embeddable":true,"href":"https:\/\/aconteceemmacaeeregiao.com.br\/index.php\/wp-json\/wp\/v2\/categories?post=15508"},{"taxonomy":"post_tag","embeddable":true,"href":"https:\/\/aconteceemmacaeeregiao.com.br\/index.php\/wp-json\/wp\/v2\/tags?post=15508"}],"curies":[{"name":"wp","href":"https:\/\/api.w.org\/{rel}","templated":true}]}}