{"id":15546,"date":"2024-04-01T23:23:56","date_gmt":"2024-04-02T02:23:56","guid":{"rendered":"https:\/\/aconteceemmacaeeregiao.com.br\/?p=15546"},"modified":"2024-04-01T23:27:18","modified_gmt":"2024-04-02T02:27:18","slug":"oportunidades-de-emprego-em-macae-construcao-civil-e-outras-areas","status":"publish","type":"post","link":"https:\/\/aconteceemmacaeeregiao.com.br\/index.php\/2024\/04\/01\/oportunidades-de-emprego-em-macae-construcao-civil-e-outras-areas\/","title":{"rendered":"Oportunidades de emprego em Maca\u00e9: Constru\u00e7\u00e3o Civil e outras \u00e1reas"},"content":{"rendered":"\n<p>O m\u00eas de abril come\u00e7a com \u00f3timas oportunidades de emprego em Maca\u00e9, especialmente na \u00e1rea da constru\u00e7\u00e3o civil. A Secretaria Adjunta de Trabalho e Renda est\u00e1 oferecendo 258 vagas em diversas \u00e1reas, incluindo educa\u00e7\u00e3o, sa\u00fade, <a href=\"https:\/\/aconteceemmacaeeregiao.com.br\/index.php\/2023\/10\/02\/estado-do-rio-lanca-cursos-de-capacitacao-profissional-em-petroleo-e-gas\/\" title=\"Estado do Rio lan\u00e7a cursos de capacita\u00e7\u00e3o profissional em petr\u00f3leo e g\u00e1s\">petr\u00f3leo e g\u00e1s<\/a>, e servi\u00e7os.<\/p>\n\n\n\n<p>Na constru\u00e7\u00e3o civil, as vagas em destaque s\u00e3o para pedreiro, servente de obras, carpinteiro, armador, servente de obras (PCD) e or\u00e7amentista de obras. Al\u00e9m dessas, h\u00e1 oportunidades para outras \u00e1reas como nutricionista offshore, professor de ingl\u00eas, inspetor dimensional (PCD), meio oficial soldador, t\u00e9cnico de seguran\u00e7a do trabalho, gar\u00e7om, almoxarife, auxiliar de servi\u00e7os gerais, operador de perec\u00edveis, repositor de frutas, legumes e verduras, operador de loja, <a href=\"https:\/\/aconteceemmacaeeregiao.com.br\/index.php\/2024\/03\/23\/mobilidade-urbana-condicoes-de-transito-e-transporte-atualizadas\/\" title=\"Mobilidade Urbana: Condi\u00e7\u00f5es de tr\u00e2nsito e transporte atualizadas\">motorista<\/a> de carreta, entre outras.<\/p>\n\n\n\n<p>Os interessados podem se dirigir \u00e0 sede da Central do Trabalhador, que fica no Edif\u00edcio Comercial Lotus, na Avenida Nossa Senhora da Gl\u00f3ria, 1181, Praia Campista, de 8h \u00e0s 17h. Para quem n\u00e3o encontrar uma vaga adequada, \u00e9 poss\u00edvel fazer um cadastro online.<\/p>\n\n\n\n<p>A lista completa de vagas est\u00e1 dispon\u00edvel no portal da <a href=\"https:\/\/aconteceemmacaeeregiao.com.br\/index.php\/2024\/03\/28\/prefeitura-abre-400-vagas-gratuitas-em-cursos-ead-de-qualificacao-profissional\/\" title=\"Prefeitura abre 400 vagas gratuitas em cursos EAD de qualifica\u00e7\u00e3o profissional\">prefeitura<\/a>, onde tamb\u00e9m h\u00e1 um<a href=\"https:\/\/sistemas.macae.rj.gov.br:84\/trabalhoerenda\/index\/mural\" title=\"\"> link espec\u00edfico para o cadastro online.<\/a> Aproveite essas oportunidades e d\u00ea um impulso \u00e0 sua carreira!<\/p>\n\n\n\n<p><em><a href=\"https:\/\/macae.rj.gov.br\/noticias\/leitura\/noticia\/macae-e-destaque-em-campeonato-estadual-de-kickboxing\" title=\"\">Fonte Secom C\u00e2mara de Maca\u00e9<\/a><\/em><\/p>\n\n\n\n<p><a href=\"https:\/\/macae.rj.gov.br\/noticias\/leitura\/noticia\/semana-comeca-com-258-vagas-de-emprego-disponiveis\"><em>https:\/\/macae.rj.gov.br\/noticias\/leitura\/noticia\/semana-comeca-com-258-vagas-de-emprego-disponiveis<\/em><\/a><\/p>\n","protected":false},"excerpt":{"rendered":"<p>O m\u00eas de abril come\u00e7a com \u00f3timas oportunidades de emprego em Maca\u00e9, especialmente na \u00e1rea da constru\u00e7\u00e3o civil. A Secretaria Adjunta de Trabalho e Renda est\u00e1 oferecendo 258 vagas em diversas \u00e1reas, incluindo educa\u00e7\u00e3o, sa\u00fade, petr\u00f3leo e g\u00e1s, e servi\u00e7os. Na constru\u00e7\u00e3o civil, as vagas em destaque s\u00e3o para pedreiro, servente de obras, carpinteiro, armador, [&hellip;]<\/p>\n","protected":false},"author":2,"featured_media":15548,"comment_status":"closed","ping_status":"closed","sticky":false,"template":"","format":"standard","meta":{"postBodyCss":"","postBodyMargin":[],"postBodyPadding":[],"postBodyBackground":{"backgroundType":"classic","gradient":""},"footnotes":""},"categories":[73,42],"tags":[77,82,89,87],"class_list":["post-15546","post","type-post","status-publish","format-standard","has-post-thumbnail","hentry","category-emprego","category-macae","tag-emprego","tag-oportunidade","tag-prefeitura","tag-vagas"],"aioseo_notices":[],"_links":{"self":[{"href":"https:\/\/aconteceemmacaeeregiao.com.br\/index.php\/wp-json\/wp\/v2\/posts\/15546","targetHints":{"allow":["GET"]}}],"collection":[{"href":"https:\/\/aconteceemmacaeeregiao.com.br\/index.php\/wp-json\/wp\/v2\/posts"}],"about":[{"href":"https:\/\/aconteceemmacaeeregiao.com.br\/index.php\/wp-json\/wp\/v2\/types\/post"}],"author":[{"embeddable":true,"href":"https:\/\/aconteceemmacaeeregiao.com.br\/index.php\/wp-json\/wp\/v2\/users\/2"}],"replies":[{"embeddable":true,"href":"https:\/\/aconteceemmacaeeregiao.com.br\/index.php\/wp-json\/wp\/v2\/comments?post=15546"}],"version-history":[{"count":0,"href":"https:\/\/aconteceemmacaeeregiao.com.br\/index.php\/wp-json\/wp\/v2\/posts\/15546\/revisions"}],"wp:featuredmedia":[{"embeddable":true,"href":"https:\/\/aconteceemmacaeeregiao.com.br\/index.php\/wp-json\/wp\/v2\/media\/15548"}],"wp:attachment":[{"href":"https:\/\/aconteceemmacaeeregiao.com.br\/index.php\/wp-json\/wp\/v2\/media?parent=15546"}],"wp:term":[{"taxonomy":"category","embeddable":true,"href":"https:\/\/aconteceemmacaeeregiao.com.br\/index.php\/wp-json\/wp\/v2\/categories?post=15546"},{"taxonomy":"post_tag","embeddable":true,"href":"https:\/\/aconteceemmacaeeregiao.com.br\/index.php\/wp-json\/wp\/v2\/tags?post=15546"}],"curies":[{"name":"wp","href":"https:\/\/api.w.org\/{rel}","templated":true}]}}