{"id":15550,"date":"2024-04-01T23:40:50","date_gmt":"2024-04-02T02:40:50","guid":{"rendered":"https:\/\/aconteceemmacaeeregiao.com.br\/?p=15550"},"modified":"2024-04-01T23:40:51","modified_gmt":"2024-04-02T02:40:51","slug":"sindrome-do-por-do-sol-em-idosos-entenda-e-saiba-como-lidar","status":"publish","type":"post","link":"https:\/\/aconteceemmacaeeregiao.com.br\/index.php\/2024\/04\/01\/sindrome-do-por-do-sol-em-idosos-entenda-e-saiba-como-lidar\/","title":{"rendered":"S\u00edndrome do p\u00f4r do sol em idosos: Entenda e Saiba Como Lidar"},"content":{"rendered":"\n<p>A S\u00edndrome do P\u00f4r do Sol \u00e9 um estado de confus\u00e3o mental comum em idosos portadores de doen\u00e7as neurodegenerativas, como dem\u00eancia e Mal de Alzheimer. Essa condi\u00e7\u00e3o se manifesta especialmente no fim do dia, quando os pacientes podem apresentar comportamentos como confus\u00e3o, agressividade ou ansiedade, muitas vezes acompanhados de dificuldade para<a href=\"https:\/\/aconteceemmacaeeregiao.com.br\/index.php\/2024\/03\/11\/unimed-costa-do-sol-promove-o-primeiro-simposio-do-sono-em-macae\/\" title=\"Unimed Costa do Sol promove o Primeiro Simp\u00f3sio do Sono em Maca\u00e9\"> dormir<\/a>.<\/p>\n\n\n\n<p>Para lidar com essa s\u00edndrome e melhorar a qualidade de vida dos idosos, algumas estrat\u00e9gias podem ser adotadas:<\/p>\n\n\n\n<ol class=\"wp-block-list\">\n<li><strong>Acompanhamento M\u00e9dico<\/strong>: O primeiro passo \u00e9 sempre buscar orienta\u00e7\u00e3o m\u00e9dica especializada. Cada paciente \u00e9 \u00fanico e um tratamento individualizado \u00e9 fundamental. O acompanhamento de um cuidador tamb\u00e9m pode ser necess\u00e1rio para administrar medica\u00e7\u00f5es e garantir o bem-estar do idoso.<\/li>\n\n\n\n<li><strong>Passeios e Exerc\u00edcios<\/strong>: Levar o idoso para passeios ao ar livre, em locais calmos e hor\u00e1rios tranquilos, pode ajudar a redefinir o seu rel\u00f3gio biol\u00f3gico. Estimular a realiza\u00e7\u00e3o de atividades f\u00edsicas, de acordo com as condi\u00e7\u00f5es f\u00edsicas de cada um, tamb\u00e9m \u00e9 importante.<\/li>\n\n\n\n<li><strong>Regulariza\u00e7\u00e3o do Sono<\/strong>: Estabelecer uma rotina antes de dormir, com <a href=\"https:\/\/aconteceemmacaeeregiao.com.br\/index.php\/2024\/04\/01\/curso-de-teatro-da-melhor-idade-em-macae-inscricoes-abertas\/\" title=\"Curso de Teatro da Melhor Idade em Maca\u00e9: Inscri\u00e7\u00f5es abertas!\">atividades <\/a>relaxantes e diminui\u00e7\u00e3o de ru\u00eddos, pode ajudar a regularizar o sono do idoso. Reduzir o n\u00famero de pessoas no ambiente tamb\u00e9m pode contribuir para um sono mais tranquilo.<\/li>\n\n\n\n<li><strong>Ambiente Iluminado<\/strong>: Manter a casa bem iluminada durante a tarde e \u00e0 noite ajuda a cogni\u00e7\u00e3o do <a href=\"https:\/\/aconteceemmacaeeregiao.com.br\/index.php\/2023\/03\/02\/idosos-acamados-podem-solicitar-vacinacao-a-domicilio\/\" title=\"Idosos acamados podem solicitar vacina\u00e7\u00e3o a domic\u00edlio\">idoso<\/a> a interpretar suas informa\u00e7\u00f5es sensoriais. Ambientes escuros podem aumentar a agita\u00e7\u00e3o e ansiedade, potencializando os sintomas da s\u00edndrome.<\/li>\n\n\n\n<li><strong>Paci\u00eancia e Comunica\u00e7\u00e3o<\/strong>: O di\u00e1logo \u00e9 fundamental em qualquer fase da vida, especialmente na terceira idade. Conversar e explicar as situa\u00e7\u00f5es pode ajudar a evitar o nervosismo nos idosos. Demonstrar tranquilidade e paci\u00eancia, al\u00e9m de usar frases simples e curtas, facilita a comunica\u00e7\u00e3o e a inclus\u00e3o do idoso em atividades laborais pode ajudar a manter sua mente ativa.<\/li>\n<\/ol>\n\n\n\n<p>Com essas estrat\u00e9gias, \u00e9 poss\u00edvel minimizar os sintomas da S\u00edndrome do P\u00f4r do Sol e proporcionar mais qualidade de vida aos idosos.<\/p>\n\n\n\n<p><strong>Sobre a Home Angels<br><\/strong>A Home Angels surgiu em 2009 da uni\u00e3o de ideias dos empres\u00e1rios Artur Hip\u00f3lito e Marco Imperador. Os s\u00f3cios perceberam que, com o aumento gradual da expectativa de vida da popula\u00e7\u00e3o brasileira, havia um mercado em potencial ainda inexplorado: uma rede de franquias de cuidadores de idosos. A rede \u00e9 pioneira no segmento e se consolidou no mercado rapidamente, tornando-se refer\u00eancia como a maior rede de cuidadores de idosos da Am\u00e9rica Latina. As unidades Home Angels prestam servi\u00e7o de excel\u00eancia em assist\u00eancia f\u00edsica e emocional, tendo sempre um atendimento supervisionado e personalizado aos assistidos e suas fam\u00edlias. Para mais informa\u00e7\u00f5es clique\u00a0<a href=\"https:\/\/www.homeangels.com.br\/\" target=\"_blank\" rel=\"noreferrer noopener\">aqui.\u00a0<\/a><\/p>\n\n\n\n<p><em>Fonte <strong>Jullia Nascimento<\/strong> Assessora de Imprensa<\/em><\/p>\n","protected":false},"excerpt":{"rendered":"<p>A S\u00edndrome do P\u00f4r do Sol \u00e9 um estado de confus\u00e3o mental comum em idosos portadores de doen\u00e7as neurodegenerativas, como dem\u00eancia e Mal de Alzheimer. Essa condi\u00e7\u00e3o se manifesta especialmente no fim do dia, quando os pacientes podem apresentar comportamentos como confus\u00e3o, agressividade ou ansiedade, muitas vezes acompanhados de dificuldade para dormir. Para lidar com [&hellip;]<\/p>\n","protected":false},"author":2,"featured_media":15557,"comment_status":"closed","ping_status":"closed","sticky":false,"template":"","format":"standard","meta":{"postBodyCss":"","postBodyMargin":[],"postBodyPadding":[],"postBodyBackground":{"backgroundType":"classic","gradient":""},"footnotes":""},"categories":[78],"tags":[755,152,625],"class_list":["post-15550","post","type-post","status-publish","format-standard","has-post-thumbnail","hentry","category-saude","tag-alzheimer","tag-idosos","tag-sono"],"aioseo_notices":[],"_links":{"self":[{"href":"https:\/\/aconteceemmacaeeregiao.com.br\/index.php\/wp-json\/wp\/v2\/posts\/15550","targetHints":{"allow":["GET"]}}],"collection":[{"href":"https:\/\/aconteceemmacaeeregiao.com.br\/index.php\/wp-json\/wp\/v2\/posts"}],"about":[{"href":"https:\/\/aconteceemmacaeeregiao.com.br\/index.php\/wp-json\/wp\/v2\/types\/post"}],"author":[{"embeddable":true,"href":"https:\/\/aconteceemmacaeeregiao.com.br\/index.php\/wp-json\/wp\/v2\/users\/2"}],"replies":[{"embeddable":true,"href":"https:\/\/aconteceemmacaeeregiao.com.br\/index.php\/wp-json\/wp\/v2\/comments?post=15550"}],"version-history":[{"count":0,"href":"https:\/\/aconteceemmacaeeregiao.com.br\/index.php\/wp-json\/wp\/v2\/posts\/15550\/revisions"}],"wp:featuredmedia":[{"embeddable":true,"href":"https:\/\/aconteceemmacaeeregiao.com.br\/index.php\/wp-json\/wp\/v2\/media\/15557"}],"wp:attachment":[{"href":"https:\/\/aconteceemmacaeeregiao.com.br\/index.php\/wp-json\/wp\/v2\/media?parent=15550"}],"wp:term":[{"taxonomy":"category","embeddable":true,"href":"https:\/\/aconteceemmacaeeregiao.com.br\/index.php\/wp-json\/wp\/v2\/categories?post=15550"},{"taxonomy":"post_tag","embeddable":true,"href":"https:\/\/aconteceemmacaeeregiao.com.br\/index.php\/wp-json\/wp\/v2\/tags?post=15550"}],"curies":[{"name":"wp","href":"https:\/\/api.w.org\/{rel}","templated":true}]}}