{"id":15573,"date":"2024-04-03T23:39:13","date_gmt":"2024-04-04T02:39:13","guid":{"rendered":"https:\/\/aconteceemmacaeeregiao.com.br\/?p=15573"},"modified":"2024-04-03T23:44:15","modified_gmt":"2024-04-04T02:44:15","slug":"abril-azul-educacao-inclusiva-e-conscientizacao-sobre-o-autismo","status":"publish","type":"post","link":"https:\/\/aconteceemmacaeeregiao.com.br\/index.php\/2024\/04\/03\/abril-azul-educacao-inclusiva-e-conscientizacao-sobre-o-autismo\/","title":{"rendered":"Abril Azul: Educa\u00e7\u00e3o inclusiva e conscientiza\u00e7\u00e3o sobre o autismo"},"content":{"rendered":"\n<p>O Abril Azul, dedicado \u00e0 conscientiza\u00e7\u00e3o sobre o autismo, destaca a import\u00e2ncia de compreender e apoiar indiv\u00edduos com Transtorno do Espectro Autista (TEA). Reconhecido pela ONU, esse m\u00eas oferece uma oportunidade valiosa para ampliar a visibilidade e a compreens\u00e3o desse transtorno.<\/p>\n\n\n\n<p>O TEA, um transtorno neurol\u00f3gico, apresenta desafios na comunica\u00e7\u00e3o e intera\u00e7\u00e3o social, sendo identificado geralmente nos primeiros anos de vida. No contexto educacional, a rede municipal de ensino empreende esfor\u00e7os significativos para oferecer apoio adequado a crian\u00e7as com TEA e outras neurodiversidades.<\/p>\n\n\n\n<p>Com 76 salas de recursos multinacionais (SRM) em opera\u00e7\u00e3o e planos de amplia\u00e7\u00e3o, a rede municipal de ensino se destaca pelo Atendimento Educacional Especializado (AEE). Esse suporte, fornecido com base em equipamentos, recursos de acessibilidade e materiais pedag\u00f3gicos, visa eliminar barreiras e promover uma aprendizagem significativa para todos os alunos, respeitando suas especificidades.<\/p>\n\n\n\n<p>Al\u00e9m das SRMs, o Centro Municipal de Atendimento Especializado de Apoio ao Escolar (Cemeaes) desempenha um papel crucial. Oferecendo uma variedade de atividades, desde educa\u00e7\u00e3o psicomotora at\u00e9 apoio pedag\u00f3gico, o Cemeaes se compromete com a inclus\u00e3o e o desenvolvimento integral dos alunos com TEA.<\/p>\n\n\n\n<p>Para fortalecer ainda mais o apoio e a conscientiza\u00e7\u00e3o, o projeto CEMEAES+Inclusivo est\u00e1 em andamento em 2024. Este projeto abrange forma\u00e7\u00f5es espec\u00edficas para profissionais, campanhas de conscientiza\u00e7\u00e3o e grupos parentais para apoio e orienta\u00e7\u00e3o.<\/p>\n\n\n\n<p>Em meio a essas iniciativas, o Cemeaes celebra a diversidade e promove uma sociedade mais humana e emp\u00e1tica, onde todos t\u00eam o direito de ser quem s\u00e3o. O encaminhamento ao Cemeaes pode ser feito pelas unidades escolares, visando o apoio especializado e a inclus\u00e3o no ensino regular.<\/p>\n\n\n\n<p>Com 4 m\u00f3dulos distribu\u00eddos em diferentes bairros, o Cemeaes desempenha um papel vital na promo\u00e7\u00e3o da educa\u00e7\u00e3o inclusiva e na constru\u00e7\u00e3o de uma comunidade mais acolhedora e respeitosa para todos.<\/p>\n","protected":false},"excerpt":{"rendered":"<p>O Abril Azul, dedicado \u00e0 conscientiza\u00e7\u00e3o sobre o autismo, destaca a import\u00e2ncia de compreender e apoiar indiv\u00edduos com Transtorno do Espectro Autista (TEA). Reconhecido pela ONU, esse m\u00eas oferece uma oportunidade valiosa para ampliar a visibilidade e a compreens\u00e3o desse transtorno. O TEA, um transtorno neurol\u00f3gico, apresenta desafios na comunica\u00e7\u00e3o e intera\u00e7\u00e3o social, sendo identificado [&hellip;]<\/p>\n","protected":false},"author":2,"featured_media":15575,"comment_status":"closed","ping_status":"closed","sticky":false,"template":"","format":"standard","meta":{"postBodyCss":"","postBodyMargin":[],"postBodyPadding":[],"postBodyBackground":{"backgroundType":"classic","gradient":""},"footnotes":""},"categories":[61,42],"tags":[430,288],"class_list":["post-15573","post","type-post","status-publish","format-standard","has-post-thumbnail","hentry","category-educacao","category-macae","tag-autismo","tag-inclusao"],"aioseo_notices":[],"_links":{"self":[{"href":"https:\/\/aconteceemmacaeeregiao.com.br\/index.php\/wp-json\/wp\/v2\/posts\/15573","targetHints":{"allow":["GET"]}}],"collection":[{"href":"https:\/\/aconteceemmacaeeregiao.com.br\/index.php\/wp-json\/wp\/v2\/posts"}],"about":[{"href":"https:\/\/aconteceemmacaeeregiao.com.br\/index.php\/wp-json\/wp\/v2\/types\/post"}],"author":[{"embeddable":true,"href":"https:\/\/aconteceemmacaeeregiao.com.br\/index.php\/wp-json\/wp\/v2\/users\/2"}],"replies":[{"embeddable":true,"href":"https:\/\/aconteceemmacaeeregiao.com.br\/index.php\/wp-json\/wp\/v2\/comments?post=15573"}],"version-history":[{"count":0,"href":"https:\/\/aconteceemmacaeeregiao.com.br\/index.php\/wp-json\/wp\/v2\/posts\/15573\/revisions"}],"wp:featuredmedia":[{"embeddable":true,"href":"https:\/\/aconteceemmacaeeregiao.com.br\/index.php\/wp-json\/wp\/v2\/media\/15575"}],"wp:attachment":[{"href":"https:\/\/aconteceemmacaeeregiao.com.br\/index.php\/wp-json\/wp\/v2\/media?parent=15573"}],"wp:term":[{"taxonomy":"category","embeddable":true,"href":"https:\/\/aconteceemmacaeeregiao.com.br\/index.php\/wp-json\/wp\/v2\/categories?post=15573"},{"taxonomy":"post_tag","embeddable":true,"href":"https:\/\/aconteceemmacaeeregiao.com.br\/index.php\/wp-json\/wp\/v2\/tags?post=15573"}],"curies":[{"name":"wp","href":"https:\/\/api.w.org\/{rel}","templated":true}]}}