{"id":15644,"date":"2024-04-08T22:07:23","date_gmt":"2024-04-09T01:07:23","guid":{"rendered":"https:\/\/aconteceemmacaeeregiao.com.br\/?p=15644"},"modified":"2024-04-08T22:12:30","modified_gmt":"2024-04-09T01:12:30","slug":"oportunidades-de-emprego-em-macae-313-vagas-disponiveis","status":"publish","type":"post","link":"https:\/\/aconteceemmacaeeregiao.com.br\/index.php\/2024\/04\/08\/oportunidades-de-emprego-em-macae-313-vagas-disponiveis\/","title":{"rendered":"Oportunidades de emprego em Maca\u00e9: 313 vagas dispon\u00edveis"},"content":{"rendered":"\n<p>Quem est\u00e1 em busca de uma chance para ingressar ou retornar ao mercado de trabalho encontrar\u00e1 um cen\u00e1rio promissor em Maca\u00e9. Esta semana, a Secretaria Adjunta de Trabalho e Renda do munic\u00edpio oferece um total de 313 vagas de emprego em diversos setores. Desde posi\u00e7\u00f5es tradicionais como caldeireiro, montador de andaimes e pedreiro, at\u00e9 oportunidades em \u00e1reas como t\u00e9cnico de <a href=\"https:\/\/aconteceemmacaeeregiao.com.br\/index.php\/2023\/09\/05\/camara-debate-novo-piso-da-enfermagem-nesta-quarta-feira-6\/\" title=\"C\u00e2mara debate novo piso da enfermagem nesta quarta-feira (6)\">enfermagem<\/a>, cabeleireiro e estagi\u00e1rio de direito, h\u00e1 uma ampla gama de op\u00e7\u00f5es para os interessados.<\/p>\n\n\n\n<p>A lista completa de vagas pode ser acessada facilmente atrav\u00e9s dos canais oficiais da Prefeitura de Maca\u00e9, garantindo transpar\u00eancia e facilidade para os candidatos. Al\u00e9m disso, aqueles que preferirem um atendimento mais direto podem dirigir-se \u00e0 Central do <a href=\"https:\/\/aconteceemmacaeeregiao.com.br\/index.php\/category\/macae\/\" title=\"Trabalhador\">Trabalhador<\/a> de Maca\u00e9, localizada no Edif\u00edcio Comercial Lotus, na Avenida Nossa Senhora da Gl\u00f3ria, 1181, Praia Campista. O hor\u00e1rio de funcionamento \u00e9 das 8h \u00e0s 17h, de segunda a sexta-feira.<\/p>\n\n\n\n<p>Para facilitar ainda mais o processo, a Secretaria disponibiliza um <a href=\"https:\/\/sistemas.macae.rj.gov.br:84\/trabalhoerenda\/\" title=\"\">link espec\u00edfico para o cadastro online<\/a>, permitindo que os interessados preencham suas informa\u00e7\u00f5es de forma \u00e1gil e pr\u00e1tica. Com essa iniciativa, a busca por oportunidades de emprego em Maca\u00e9 torna-se mais acess\u00edvel e eficiente para todos os envolvidos.<\/p>\n\n\n\n<p>N\u00e3o perca tempo e confira agora mesmo <a href=\"https:\/\/sistemas.macae.rj.gov.br:84\/trabalhoerenda\/index\/mural\" title=\"\">a lista completa de vagas dispon\u00edveis<\/a>, pois sua pr\u00f3xima oportunidade pode estar mais pr\u00f3xima do que imagina. Acesse os canais oficiais da Prefeitura de Maca\u00e9 e d\u00ea o primeiro passo rumo a um futuro profissional promissor.<\/p>\n\n\n\n<p><em><a href=\"https:\/\/macae.rj.gov.br\/noticias\/leitura\/noticia\/macae-e-destaque-em-campeonato-estadual-de-kickboxing\" title=\"\">Fonte Secom C\u00e2mara de Maca\u00e9<\/a><\/em><\/p>\n","protected":false},"excerpt":{"rendered":"<p>Quem est\u00e1 em busca de uma chance para ingressar ou retornar ao mercado de trabalho encontrar\u00e1 um cen\u00e1rio promissor em Maca\u00e9. Esta semana, a Secretaria Adjunta de Trabalho e Renda do munic\u00edpio oferece um total de 313 vagas de emprego em diversos setores. Desde posi\u00e7\u00f5es tradicionais como caldeireiro, montador de andaimes e pedreiro, at\u00e9 oportunidades [&hellip;]<\/p>\n","protected":false},"author":2,"featured_media":15649,"comment_status":"closed","ping_status":"closed","sticky":false,"template":"","format":"standard","meta":{"postBodyCss":"","postBodyMargin":[],"postBodyPadding":[],"postBodyBackground":{"backgroundType":"classic","gradient":""},"footnotes":""},"categories":[73,42],"tags":[77,82,89,87],"class_list":["post-15644","post","type-post","status-publish","format-standard","has-post-thumbnail","hentry","category-emprego","category-macae","tag-emprego","tag-oportunidade","tag-prefeitura","tag-vagas"],"aioseo_notices":[],"_links":{"self":[{"href":"https:\/\/aconteceemmacaeeregiao.com.br\/index.php\/wp-json\/wp\/v2\/posts\/15644","targetHints":{"allow":["GET"]}}],"collection":[{"href":"https:\/\/aconteceemmacaeeregiao.com.br\/index.php\/wp-json\/wp\/v2\/posts"}],"about":[{"href":"https:\/\/aconteceemmacaeeregiao.com.br\/index.php\/wp-json\/wp\/v2\/types\/post"}],"author":[{"embeddable":true,"href":"https:\/\/aconteceemmacaeeregiao.com.br\/index.php\/wp-json\/wp\/v2\/users\/2"}],"replies":[{"embeddable":true,"href":"https:\/\/aconteceemmacaeeregiao.com.br\/index.php\/wp-json\/wp\/v2\/comments?post=15644"}],"version-history":[{"count":0,"href":"https:\/\/aconteceemmacaeeregiao.com.br\/index.php\/wp-json\/wp\/v2\/posts\/15644\/revisions"}],"wp:featuredmedia":[{"embeddable":true,"href":"https:\/\/aconteceemmacaeeregiao.com.br\/index.php\/wp-json\/wp\/v2\/media\/15649"}],"wp:attachment":[{"href":"https:\/\/aconteceemmacaeeregiao.com.br\/index.php\/wp-json\/wp\/v2\/media?parent=15644"}],"wp:term":[{"taxonomy":"category","embeddable":true,"href":"https:\/\/aconteceemmacaeeregiao.com.br\/index.php\/wp-json\/wp\/v2\/categories?post=15644"},{"taxonomy":"post_tag","embeddable":true,"href":"https:\/\/aconteceemmacaeeregiao.com.br\/index.php\/wp-json\/wp\/v2\/tags?post=15644"}],"curies":[{"name":"wp","href":"https:\/\/api.w.org\/{rel}","templated":true}]}}