{"id":15654,"date":"2024-04-08T23:05:59","date_gmt":"2024-04-09T02:05:59","guid":{"rendered":"https:\/\/aconteceemmacaeeregiao.com.br\/?p=15654"},"modified":"2024-04-08T23:06:03","modified_gmt":"2024-04-09T02:06:03","slug":"macae-e-governo-do-estado-firmando-parcerias-para-a-seguranca-e-infraestrutura","status":"publish","type":"post","link":"https:\/\/aconteceemmacaeeregiao.com.br\/index.php\/2024\/04\/08\/macae-e-governo-do-estado-firmando-parcerias-para-a-seguranca-e-infraestrutura\/","title":{"rendered":"Maca\u00e9 e Governo do Estado firmando parcerias para a seguran\u00e7a e infraestrutura"},"content":{"rendered":"\n<p>Maca\u00e9 est\u00e1 prestes a receber um importante refor\u00e7o na \u00e1rea da seguran\u00e7a p\u00fablica, com a implanta\u00e7\u00e3o de tr\u00eas novas delegacias especializadas: a Delegacia de Repress\u00e3o a Entorpecentes, a Delegacia de Atendimento \u00e0 Mulher e a Delegacia da <a href=\"https:\/\/aconteceemmacaeeregiao.com.br\/index.php\/2024\/04\/05\/defensorias-buscam-garantir-leite-especial-para-criancas-alergicas\/\" title=\"Defensorias buscam garantir leite especial para crian\u00e7as al\u00e9rgicas\">Crian\u00e7a<\/a> e do Adolescente V\u00edtima. Esses projetos, fruto de uma parceria entre o Governo do Estado do Rio de Janeiro e a Prefeitura de Maca\u00e9, foram anunciados em uma cerim\u00f4nia realizada na manh\u00e3 desta segunda-feira (08), na Pra\u00e7a Washington Luiz, no Centro da cidade.<\/p>\n\n\n\n<p>O evento contou com a presen\u00e7a do Governador do Estado do Rio de Janeiro, Cl\u00e1udio Castro, e do Prefeito de Maca\u00e9, Welberth Rezende, al\u00e9m de outras autoridades de destaque. Na ocasi\u00e3o, o governador ressaltou a import\u00e2ncia das delegacias especializadas para ampliar o trabalho da seguran\u00e7a p\u00fablica em toda a regi\u00e3o, visando \u00e0 melhoria da qualidade de vida da<a href=\"https:\/\/aconteceemmacaeeregiao.com.br\/index.php\/2024\/03\/30\/mudancas-climaticas-reforcam-a-importancia-da-colaboracao-da-populacao-no-saneamento\/\" title=\"Mudan\u00e7as clim\u00e1ticas refor\u00e7am a import\u00e2ncia da colabora\u00e7\u00e3o da popula\u00e7\u00e3o no saneamento\"> popula\u00e7\u00e3o<\/a>. Por sua vez, o prefeito destacou os avan\u00e7os conquistados atrav\u00e9s da parceria com o Governo do Estado, que t\u00eam transformado positivamente a cidade.<\/p>\n\n\n\n<p>Al\u00e9m das melhorias na seguran\u00e7a, Maca\u00e9 tamb\u00e9m est\u00e1 prestes a inaugurar uma importante obra de infraestrutura: a duplica\u00e7\u00e3o da ponte Ivan Mundim, que liga o bairro Barra de Maca\u00e9 ao Centro da cidade. Com aproximadamente 70% das obras j\u00e1 conclu\u00eddas, a nova ponte, com suas pistas adicionais e melhorias ambientais, promete facilitar o tr\u00e1fego e impulsionar o desenvolvimento da regi\u00e3o.<\/p>\n\n\n\n<p>A visita do <a href=\"https:\/\/aconteceemmacaeeregiao.com.br\/index.php\/2023\/10\/19\/governador-claudio-castro-autoriza-concurso-publico-para-a-secretaria-de-fazenda\/\" title=\"Governador Cl\u00e1udio Castro autoriza concurso p\u00fablico para a Secretaria de Fazenda\">Governador<\/a> Cl\u00e1udio Castro \u00e0s obras da ponte tamb\u00e9m evidencia a parceria entre o Governo do Estado e a Prefeitura de Maca\u00e9 na realiza\u00e7\u00e3o desse projeto crucial para a mobilidade urbana. A entrega est\u00e1 prevista para ocorrer entre os meses de agosto e setembro deste ano, representando um investimento significativo na infraestrutura local.<\/p>\n\n\n\n<p>Autoridades estaduais e municipais prestigiaram o evento, refor\u00e7ando o compromisso conjunto com o progresso e bem-estar da comunidade de Maca\u00e9 e regi\u00e3o.<\/p>\n\n\n\n<p><em><a href=\"https:\/\/macae.rj.gov.br\/noticias\/leitura\/noticia\/macae-e-destaque-em-campeonato-estadual-de-kickboxing\" title=\"\">Fonte Secom C\u00e2mara de Maca\u00e9<\/a><\/em><\/p>\n","protected":false},"excerpt":{"rendered":"<p>Maca\u00e9 est\u00e1 prestes a receber um importante refor\u00e7o na \u00e1rea da seguran\u00e7a p\u00fablica, com a implanta\u00e7\u00e3o de tr\u00eas novas delegacias especializadas: a Delegacia de Repress\u00e3o a Entorpecentes, a Delegacia de Atendimento \u00e0 Mulher e a Delegacia da Crian\u00e7a e do Adolescente V\u00edtima. Esses projetos, fruto de uma parceria entre o Governo do Estado do Rio [&hellip;]<\/p>\n","protected":false},"author":2,"featured_media":15656,"comment_status":"closed","ping_status":"closed","sticky":false,"template":"","format":"standard","meta":{"postBodyCss":"","postBodyMargin":[],"postBodyPadding":[],"postBodyBackground":{"backgroundType":"classic","gradient":""},"footnotes":""},"categories":[42],"tags":[121,741,361,119],"class_list":["post-15654","post","type-post","status-publish","format-standard","has-post-thumbnail","hentry","category-macae","tag-governo-estadual","tag-ponte","tag-prefeita","tag-seguranca-publica"],"aioseo_notices":[],"_links":{"self":[{"href":"https:\/\/aconteceemmacaeeregiao.com.br\/index.php\/wp-json\/wp\/v2\/posts\/15654","targetHints":{"allow":["GET"]}}],"collection":[{"href":"https:\/\/aconteceemmacaeeregiao.com.br\/index.php\/wp-json\/wp\/v2\/posts"}],"about":[{"href":"https:\/\/aconteceemmacaeeregiao.com.br\/index.php\/wp-json\/wp\/v2\/types\/post"}],"author":[{"embeddable":true,"href":"https:\/\/aconteceemmacaeeregiao.com.br\/index.php\/wp-json\/wp\/v2\/users\/2"}],"replies":[{"embeddable":true,"href":"https:\/\/aconteceemmacaeeregiao.com.br\/index.php\/wp-json\/wp\/v2\/comments?post=15654"}],"version-history":[{"count":0,"href":"https:\/\/aconteceemmacaeeregiao.com.br\/index.php\/wp-json\/wp\/v2\/posts\/15654\/revisions"}],"wp:featuredmedia":[{"embeddable":true,"href":"https:\/\/aconteceemmacaeeregiao.com.br\/index.php\/wp-json\/wp\/v2\/media\/15656"}],"wp:attachment":[{"href":"https:\/\/aconteceemmacaeeregiao.com.br\/index.php\/wp-json\/wp\/v2\/media?parent=15654"}],"wp:term":[{"taxonomy":"category","embeddable":true,"href":"https:\/\/aconteceemmacaeeregiao.com.br\/index.php\/wp-json\/wp\/v2\/categories?post=15654"},{"taxonomy":"post_tag","embeddable":true,"href":"https:\/\/aconteceemmacaeeregiao.com.br\/index.php\/wp-json\/wp\/v2\/tags?post=15654"}],"curies":[{"name":"wp","href":"https:\/\/api.w.org\/{rel}","templated":true}]}}