{"id":15733,"date":"2024-04-12T22:37:39","date_gmt":"2024-04-13T01:37:39","guid":{"rendered":"https:\/\/aconteceemmacaeeregiao.com.br\/?p=15733"},"modified":"2024-04-12T22:37:39","modified_gmt":"2024-04-13T01:37:39","slug":"novo-projeto-tem-investimento-de-us-9-bilhoes-e-geracao-de-50-mil-empregos","status":"publish","type":"post","link":"https:\/\/aconteceemmacaeeregiao.com.br\/index.php\/2024\/04\/12\/novo-projeto-tem-investimento-de-us-9-bilhoes-e-geracao-de-50-mil-empregos\/","title":{"rendered":"Novo projeto tem investimento de US$ 9 bilh\u00f5es e gera\u00e7\u00e3o de 50 mil empregos"},"content":{"rendered":"\n<p>Maca\u00e9 est\u00e1 prestes a se tornar o epicentro do desenvolvimento do Projeto Raia da Equinor, um investimento maci\u00e7o de cerca de US$ 9 bilh\u00f5es. Esse <a href=\"https:\/\/aconteceemmacaeeregiao.com.br\/index.php\/2024\/04\/05\/alerj-aprova-projeto-que-permite-doacao-de-carros-de-depositos-publicos\/\" title=\"Alerj aprova projeto que permite doa\u00e7\u00e3o de carros de dep\u00f3sitos p\u00fablicos\">projeto<\/a> ambicioso visa produzir aproximadamente 16 milh\u00f5es de metros c\u00fabicos de g\u00e1s no megacampo B-MC-33 a partir de 2028. A cidade j\u00e1 se destaca como uma das principais bases para o mercado global de energia.<\/p>\n\n\n\n<p>As novas etapas de consolida\u00e7\u00e3o do projeto incluem a instala\u00e7\u00e3o do gasoduto &#8220;Rota 5&#8221;, que conectar\u00e1 o megacampo ao Terminal Cabi\u00fanas, contribuindo significativamente para a <a href=\"https:\/\/www.portaldocomercio.org.br\/entidade\/fecomercio-rj\" title=\"\">infraestrutura<\/a> energ\u00e9tica da regi\u00e3o. A confirma\u00e7\u00e3o dessas etapas foi apresentada ao prefeito Welberth Rezende pelo diretor do Projeto Raia, Thiago Penna, e pelo coordenador de rela\u00e7\u00f5es institucionais da Equinor, Jorge Sequeira.<\/p>\n\n\n\n<p>&#8220;A Equinor consolida a nossa posi\u00e7\u00e3o de destaque no mercado global de energia, ao ampliar a produ\u00e7\u00e3o e o processamento do g\u00e1s, tornando-se uma nova fonte de desenvolvimento para a nossa cidade, regi\u00e3o e Estado&#8221;, destacou o prefeito.<\/p>\n\n\n\n<p>O Projeto Raia \u00e9 um dos mais significativos em desenvolvimento no Brasil, com potencial para atender 15% da demanda total de g\u00e1s do pa\u00eds quando estiver em plena produ\u00e7\u00e3o, al\u00e9m de gerar cerca de 50.000 empregos locais ao longo de sua vida \u00fatil. Essa iniciativa n\u00e3o s\u00f3 contribuir\u00e1 para a seguran\u00e7a energ\u00e9tica do Brasil, mas tamb\u00e9m para o seu desenvolvimento econ\u00f4mico e social.<\/p>\n\n\n\n<p>&#8220;A decis\u00e3o da Equinor traz para Maca\u00e9 a proje\u00e7\u00e3o de cerca de 50 mil <a href=\"https:\/\/aconteceemmacaeeregiao.com.br\/index.php\/2024\/02\/05\/trio-do-norte-fluminense-se-destaca-entre-as-cidades-que-mais-geraram-empregos-em-2023\/\" title=\"Trio do Norte Fluminense se destaca entre as cidades que mais geraram empregos em 2023\">empregos<\/a>, n\u00fameros que representam a participa\u00e7\u00e3o da cidade em mais uma etapa de expans\u00e3o do mercado de \u00f3leo, g\u00e1s e energia do pa\u00eds&#8221;, ressaltou o Secret\u00e1rio de Desenvolvimento Econ\u00f4mico, Rodrigo Vianna.<\/p>\n\n\n\n<p>Com a consolida\u00e7\u00e3o deste projeto, Maca\u00e9 se tornar\u00e1 um centro vital na produ\u00e7\u00e3o, processamento e distribui\u00e7\u00e3o de g\u00e1s no Brasil, impulsionando diversos neg\u00f3cios j\u00e1 em andamento na cidade, como a instala\u00e7\u00e3o de usinas termel\u00e9tricas, f\u00e1bricas de fertilizantes e plantas de produ\u00e7\u00e3o de g\u00e1s natural l\u00edquido. A cidade est\u00e1 diante de um horizonte de oportunidades, investimentos e gera\u00e7\u00e3o de empregos sem precedentes.<\/p>\n\n\n\n<p>A reuni\u00e3o tamb\u00e9m contou com a participa\u00e7\u00e3o de outros representantes-chave, como Fausto Neto, Juliana Leal, Paulo Peri, al\u00e9m do vice-prefeito e v\u00e1rios secret\u00e1rios municipais, demonstrando o compromisso conjunto com o sucesso e o desenvolvimento sustent\u00e1vel deste projeto.&#8221;<\/p>\n\n\n\n<p><em><a href=\"https:\/\/macae.rj.gov.br\/noticias\/leitura\/noticia\/macae-e-destaque-em-campeonato-estadual-de-kickboxing\" title=\"\">Fonte Secom C\u00e2mara de Maca\u00e9<\/a><\/em><\/p>\n","protected":false},"excerpt":{"rendered":"<p>Maca\u00e9 est\u00e1 prestes a se tornar o epicentro do desenvolvimento do Projeto Raia da Equinor, um investimento maci\u00e7o de cerca de US$ 9 bilh\u00f5es. Esse projeto ambicioso visa produzir aproximadamente 16 milh\u00f5es de metros c\u00fabicos de g\u00e1s no megacampo B-MC-33 a partir de 2028. A cidade j\u00e1 se destaca como uma das principais bases para [&hellip;]<\/p>\n","protected":false},"author":2,"featured_media":15735,"comment_status":"closed","ping_status":"closed","sticky":false,"template":"","format":"standard","meta":{"postBodyCss":"","postBodyMargin":[],"postBodyPadding":[],"postBodyBackground":{"backgroundType":"classic","gradient":""},"footnotes":""},"categories":[45,73,42],"tags":[77,261,174,89],"class_list":["post-15733","post","type-post","status-publish","format-standard","has-post-thumbnail","hentry","category-economia","category-emprego","category-macae","tag-emprego","tag-empresas","tag-investimentos","tag-prefeitura"],"aioseo_notices":[],"_links":{"self":[{"href":"https:\/\/aconteceemmacaeeregiao.com.br\/index.php\/wp-json\/wp\/v2\/posts\/15733","targetHints":{"allow":["GET"]}}],"collection":[{"href":"https:\/\/aconteceemmacaeeregiao.com.br\/index.php\/wp-json\/wp\/v2\/posts"}],"about":[{"href":"https:\/\/aconteceemmacaeeregiao.com.br\/index.php\/wp-json\/wp\/v2\/types\/post"}],"author":[{"embeddable":true,"href":"https:\/\/aconteceemmacaeeregiao.com.br\/index.php\/wp-json\/wp\/v2\/users\/2"}],"replies":[{"embeddable":true,"href":"https:\/\/aconteceemmacaeeregiao.com.br\/index.php\/wp-json\/wp\/v2\/comments?post=15733"}],"version-history":[{"count":0,"href":"https:\/\/aconteceemmacaeeregiao.com.br\/index.php\/wp-json\/wp\/v2\/posts\/15733\/revisions"}],"wp:featuredmedia":[{"embeddable":true,"href":"https:\/\/aconteceemmacaeeregiao.com.br\/index.php\/wp-json\/wp\/v2\/media\/15735"}],"wp:attachment":[{"href":"https:\/\/aconteceemmacaeeregiao.com.br\/index.php\/wp-json\/wp\/v2\/media?parent=15733"}],"wp:term":[{"taxonomy":"category","embeddable":true,"href":"https:\/\/aconteceemmacaeeregiao.com.br\/index.php\/wp-json\/wp\/v2\/categories?post=15733"},{"taxonomy":"post_tag","embeddable":true,"href":"https:\/\/aconteceemmacaeeregiao.com.br\/index.php\/wp-json\/wp\/v2\/tags?post=15733"}],"curies":[{"name":"wp","href":"https:\/\/api.w.org\/{rel}","templated":true}]}}