{"id":15738,"date":"2024-04-12T22:48:47","date_gmt":"2024-04-13T01:48:47","guid":{"rendered":"https:\/\/aconteceemmacaeeregiao.com.br\/?p=15738"},"modified":"2024-04-12T22:49:28","modified_gmt":"2024-04-13T01:49:28","slug":"camara-itinerante-oportunidade-para-os-moradores-do-vale-das-palmeiras","status":"publish","type":"post","link":"https:\/\/aconteceemmacaeeregiao.com.br\/index.php\/2024\/04\/12\/camara-itinerante-oportunidade-para-os-moradores-do-vale-das-palmeiras\/","title":{"rendered":"C\u00e2mara Itinerante: Oportunidade para os moradores do Vale das Palmeiras"},"content":{"rendered":"\n<p>A C\u00e2mara Itinerante, projeto do Legislativo macaense que leva vereadores e autoridades a diferentes partes da cidade para ouvir os moradores e conhecer sua realidade, ter\u00e1 sua pr\u00f3xima edi\u00e7\u00e3o no Vale das Palmeiras, zona sul de <a href=\"https:\/\/aconteceemmacaeeregiao.com.br\/index.php\/2024\/04\/11\/interrupcao-no-abastecimento-de-agua-em-macae\/\" title=\"Interrup\u00e7\u00e3o no abastecimento de \u00e1gua em Maca\u00e9\">Maca\u00e9<\/a>, no s\u00e1bado (13), a partir das 10h, na Rua Vereador Ivan Nolasco de Abreu (em frente ao pr\u00e9dio da Nexus).<\/p>\n\n\n\n<p>O vereador Luiz Matos (Cidadania), autor do requerimento que solicitou a realiza\u00e7\u00e3o da C\u00e2mara Itinerante no Vale das Palmeiras, destaca que essa \u00e9 uma <a href=\"https:\/\/aconteceemmacaeeregiao.com.br\/index.php\/2024\/04\/08\/oportunidades-de-emprego-em-macae-313-vagas-disponiveis\/\" title=\"Oportunidades de emprego em Maca\u00e9: 313 vagas dispon\u00edveis\">oportunidade<\/a> \u00fanica para as pessoas reivindicarem servi\u00e7os e pol\u00edticas p\u00fablicas capazes de proporcionar mais qualidade de vida para os habitantes da localidade. &#8220;Convoco todos os cidad\u00e3os, principalmente os que moram no bairro e adjac\u00eancias, a contribu\u00edrem para tornarmos Maca\u00e9 um lugar melhor de viver&#8221;.<\/p>\n\n\n\n<p>O <a href=\"https:\/\/aconteceemmacaeeregiao.com.br\/index.php\/2024\/03\/14\/testemunhas-de-jeova-iniciam-campanha-para-convidar-a-comunidade-para-eventos-especiais\/\" title=\"Testemunhas de Jeov\u00e1 iniciam campanha para convidar a comunidade para eventos especiais\">evento<\/a> ser\u00e1 transmitido ao vivo pelo canal da C\u00e2mara de Maca\u00e9 no YouTube, permitindo que mais pessoas acompanhem e participem. As solicita\u00e7\u00f5es, propostas e reclama\u00e7\u00f5es dos moradores ser\u00e3o integralmente registradas e encaminhadas ao Executivo e demais autoridades competentes, com os vereadores atuando como mediadores em busca de respostas e a\u00e7\u00f5es para a popula\u00e7\u00e3o.<\/p>\n\n\n\n<figure class=\"wp-block-embed is-type-video is-provider-youtube wp-block-embed-youtube wp-embed-aspect-4-3 wp-has-aspect-ratio\"><div class=\"wp-block-embed__wrapper\">\n<iframe title=\"C\u00e2mara Itinerante - Vale das Palmeiras (13\/11\/2023)\" width=\"800\" height=\"600\" data-src=\"https:\/\/www.youtube.com\/embed\/N5DNAxLTBCw?feature=oembed\" frameborder=\"0\" allow=\"accelerometer; autoplay; clipboard-write; encrypted-media; gyroscope; picture-in-picture; web-share\" referrerpolicy=\"strict-origin-when-cross-origin\" allowfullscreen src=\"data:image\/svg+xml;base64,PHN2ZyB3aWR0aD0iMSIgaGVpZ2h0PSIxIiB4bWxucz0iaHR0cDovL3d3dy53My5vcmcvMjAwMC9zdmciPjwvc3ZnPg==\" class=\"lazyload\" data-load-mode=\"1\"><\/iframe>\n<\/div><\/figure>\n\n\n\n<p><em><a href=\"https:\/\/macae.rj.gov.br\/noticias\/leitura\/noticia\/macae-e-destaque-em-campeonato-estadual-de-kickboxing\" title=\"\">Fonte Secom C\u00e2mara de Maca\u00e9<\/a><\/em><\/p>\n","protected":false},"excerpt":{"rendered":"<p>A C\u00e2mara Itinerante, projeto do Legislativo macaense que leva vereadores e autoridades a diferentes partes da cidade para ouvir os moradores e conhecer sua realidade, ter\u00e1 sua pr\u00f3xima edi\u00e7\u00e3o no Vale das Palmeiras, zona sul de Maca\u00e9, no s\u00e1bado (13), a partir das 10h, na Rua Vereador Ivan Nolasco de Abreu (em frente ao pr\u00e9dio [&hellip;]<\/p>\n","protected":false},"author":2,"featured_media":15741,"comment_status":"closed","ping_status":"closed","sticky":false,"template":"","format":"standard","meta":{"postBodyCss":"","postBodyMargin":[],"postBodyPadding":[],"postBodyBackground":{"backgroundType":"classic","gradient":""},"footnotes":""},"categories":[44],"tags":[94,896],"class_list":["post-15738","post","type-post","status-publish","format-standard","has-post-thumbnail","hentry","category-politica","tag-camara-municipal-de-macae","tag-vale-as-palmeiras"],"aioseo_notices":[],"_links":{"self":[{"href":"https:\/\/aconteceemmacaeeregiao.com.br\/index.php\/wp-json\/wp\/v2\/posts\/15738","targetHints":{"allow":["GET"]}}],"collection":[{"href":"https:\/\/aconteceemmacaeeregiao.com.br\/index.php\/wp-json\/wp\/v2\/posts"}],"about":[{"href":"https:\/\/aconteceemmacaeeregiao.com.br\/index.php\/wp-json\/wp\/v2\/types\/post"}],"author":[{"embeddable":true,"href":"https:\/\/aconteceemmacaeeregiao.com.br\/index.php\/wp-json\/wp\/v2\/users\/2"}],"replies":[{"embeddable":true,"href":"https:\/\/aconteceemmacaeeregiao.com.br\/index.php\/wp-json\/wp\/v2\/comments?post=15738"}],"version-history":[{"count":0,"href":"https:\/\/aconteceemmacaeeregiao.com.br\/index.php\/wp-json\/wp\/v2\/posts\/15738\/revisions"}],"wp:featuredmedia":[{"embeddable":true,"href":"https:\/\/aconteceemmacaeeregiao.com.br\/index.php\/wp-json\/wp\/v2\/media\/15741"}],"wp:attachment":[{"href":"https:\/\/aconteceemmacaeeregiao.com.br\/index.php\/wp-json\/wp\/v2\/media?parent=15738"}],"wp:term":[{"taxonomy":"category","embeddable":true,"href":"https:\/\/aconteceemmacaeeregiao.com.br\/index.php\/wp-json\/wp\/v2\/categories?post=15738"},{"taxonomy":"post_tag","embeddable":true,"href":"https:\/\/aconteceemmacaeeregiao.com.br\/index.php\/wp-json\/wp\/v2\/tags?post=15738"}],"curies":[{"name":"wp","href":"https:\/\/api.w.org\/{rel}","templated":true}]}}