{"id":15791,"date":"2024-04-15T22:54:08","date_gmt":"2024-04-16T01:54:08","guid":{"rendered":"https:\/\/aconteceemmacaeeregiao.com.br\/?p=15791"},"modified":"2024-04-15T22:54:09","modified_gmt":"2024-04-16T01:54:09","slug":"policia-prende-homem-por-carcere-privado-e-tentativa-de-estupro","status":"publish","type":"post","link":"https:\/\/aconteceemmacaeeregiao.com.br\/index.php\/2024\/04\/15\/policia-prende-homem-por-carcere-privado-e-tentativa-de-estupro\/","title":{"rendered":"Pol\u00edcia prende homem por c\u00e1rcere privado e tentativa de estupro"},"content":{"rendered":"\n<p>Policiais civis da 123\u00aa DP (Maca\u00e9) prenderam em flagrante, nesta sexta-feira (12\/04), um homem pelos crimes de c\u00e1rcere privado e tentativa de estupro. <\/p>\n\n\n\n<p>Ele foi capturado em <a href=\"https:\/\/aconteceemmacaeeregiao.com.br\/index.php\/2024\/04\/15\/proximos-eventos-do-polo-gastronomico-de-macae\/\" title=\"Pr\u00f3ximos eventos do Polo Gastron\u00f4mico de Maca\u00e9\">Maca\u00e9<\/a>, ap\u00f3s trabalho de intelig\u00eancia. O criminoso tentou estuprar a v\u00edtima dentro de um carro, num matagal localizado no bairro Horto, em Maca\u00e9. <\/p>\n\n\n\n<p>A mulher entrou em luta corporal com o agressor, quebrou a chave do ve\u00edculo e conseguiu fugir do local. <\/p>\n\n\n\n<p>Ap\u00f3s serem comunicados sobre os fatos, os agentes iniciaram dilig\u00eancias imediatamente, conseguindo localizar e capturar o autor, pouco tempo depois, quando ele tentava fugir pela <a href=\"https:\/\/aconteceemmacaeeregiao.com.br\/index.php\/2023\/12\/08\/preso-acusado-de-matar-turista-argentina-em-buzios\/\" title=\"Preso acusado de matar turista argentina em B\u00fazios\">mata<\/a>.<\/p>\n\n\n\n<p> A v\u00edtima demonstrou coragem ao enfrentar o agressor e escapar da situa\u00e7\u00e3o de perigo.<\/p>\n\n\n\n<p><a href=\"http:\/\/www.policiacivilrj.net.br\/noticias.php?id=20840\" title=\"\"><em>Fonte Ascom PCERJ<\/em><\/a><\/p>\n","protected":false},"excerpt":{"rendered":"<p>Policiais civis da 123\u00aa DP (Maca\u00e9) prenderam em flagrante, nesta sexta-feira (12\/04), um homem pelos crimes de c\u00e1rcere privado e tentativa de estupro. Ele foi capturado em Maca\u00e9, ap\u00f3s trabalho de intelig\u00eancia. O criminoso tentou estuprar a v\u00edtima dentro de um carro, num matagal localizado no bairro Horto, em Maca\u00e9. A mulher entrou em luta [&hellip;]<\/p>\n","protected":false},"author":2,"featured_media":7171,"comment_status":"closed","ping_status":"closed","sticky":false,"template":"","format":"standard","meta":{"postBodyCss":"","postBodyMargin":[],"postBodyPadding":[],"postBodyBackground":{"backgroundType":"classic","gradient":""},"footnotes":""},"categories":[47],"tags":[96,219,457,575],"class_list":["post-15791","post","type-post","status-publish","format-standard","has-post-thumbnail","hentry","category-ocorrencias","tag-123-dp","tag-estupro","tag-homem","tag-preso"],"aioseo_notices":[],"_links":{"self":[{"href":"https:\/\/aconteceemmacaeeregiao.com.br\/index.php\/wp-json\/wp\/v2\/posts\/15791","targetHints":{"allow":["GET"]}}],"collection":[{"href":"https:\/\/aconteceemmacaeeregiao.com.br\/index.php\/wp-json\/wp\/v2\/posts"}],"about":[{"href":"https:\/\/aconteceemmacaeeregiao.com.br\/index.php\/wp-json\/wp\/v2\/types\/post"}],"author":[{"embeddable":true,"href":"https:\/\/aconteceemmacaeeregiao.com.br\/index.php\/wp-json\/wp\/v2\/users\/2"}],"replies":[{"embeddable":true,"href":"https:\/\/aconteceemmacaeeregiao.com.br\/index.php\/wp-json\/wp\/v2\/comments?post=15791"}],"version-history":[{"count":0,"href":"https:\/\/aconteceemmacaeeregiao.com.br\/index.php\/wp-json\/wp\/v2\/posts\/15791\/revisions"}],"wp:featuredmedia":[{"embeddable":true,"href":"https:\/\/aconteceemmacaeeregiao.com.br\/index.php\/wp-json\/wp\/v2\/media\/7171"}],"wp:attachment":[{"href":"https:\/\/aconteceemmacaeeregiao.com.br\/index.php\/wp-json\/wp\/v2\/media?parent=15791"}],"wp:term":[{"taxonomy":"category","embeddable":true,"href":"https:\/\/aconteceemmacaeeregiao.com.br\/index.php\/wp-json\/wp\/v2\/categories?post=15791"},{"taxonomy":"post_tag","embeddable":true,"href":"https:\/\/aconteceemmacaeeregiao.com.br\/index.php\/wp-json\/wp\/v2\/tags?post=15791"}],"curies":[{"name":"wp","href":"https:\/\/api.w.org\/{rel}","templated":true}]}}